{"id":10570,"date":"2022-09-27T21:48:45","date_gmt":"2022-09-27T19:48:45","guid":{"rendered":"https:\/\/viktimologija.com.hr\/wp\/?p=10570"},"modified":"2022-09-27T21:57:11","modified_gmt":"2022-09-27T19:57:11","slug":"u-svibovcu-toplickom-pokopani-posmrtni-ostaci-72-zrtve-iz-drugog-svjetskog-rata","status":"publish","type":"post","link":"https:\/\/viktimologija.com.hr\/wp\/u-svibovcu-toplickom-pokopani-posmrtni-ostaci-72-zrtve-iz-drugog-svjetskog-rata\/","title":{"rendered":"U Svibovcu Topli\u010dkom pokopani posmrtni ostaci 72 \u017ertve iz Drugog svjetskog rata"},"content":{"rendered":"<p>Nakon gotovo 80 godina na groblju Svibovec su u nedjelju 25. rujna pokopani posmrtni ostaci \u017ertava Drugog svjetskog rata, ekshumiranih 2014. godine s lokacije Leskovec, predio Jak\u0161enica.<\/p>\n<p><a href=\"https:\/\/viktimologija.com.hr\/wp\/wp-content\/uploads\/2022\/09\/svibovec-1-1.jpg\"><img loading=\"lazy\" decoding=\"async\" class=\"aligncenter wp-image-10574\" src=\"https:\/\/viktimologija.com.hr\/wp\/wp-content\/uploads\/2022\/09\/svibovec-1-1-300x200.jpg\" alt=\"\" width=\"500\" height=\"333\" srcset=\"https:\/\/viktimologija.com.hr\/wp\/wp-content\/uploads\/2022\/09\/svibovec-1-1-300x200.jpg 300w, https:\/\/viktimologija.com.hr\/wp\/wp-content\/uploads\/2022\/09\/svibovec-1-1-768x512.jpg 768w, https:\/\/viktimologija.com.hr\/wp\/wp-content\/uploads\/2022\/09\/svibovec-1-1-830x553.jpg 830w, https:\/\/viktimologija.com.hr\/wp\/wp-content\/uploads\/2022\/09\/svibovec-1-1-230x153.jpg 230w, https:\/\/viktimologija.com.hr\/wp\/wp-content\/uploads\/2022\/09\/svibovec-1-1-350x233.jpg 350w, https:\/\/viktimologija.com.hr\/wp\/wp-content\/uploads\/2022\/09\/svibovec-1-1-480x320.jpg 480w, https:\/\/viktimologija.com.hr\/wp\/wp-content\/uploads\/2022\/09\/svibovec-1-1-272x182.jpg 272w, https:\/\/viktimologija.com.hr\/wp\/wp-content\/uploads\/2022\/09\/svibovec-1-1.jpg 900w\" sizes=\"auto, (max-width: 500px) 100vw, 500px\" \/><\/a><\/p>\n<p>Misu za 72 ekshumirane \u017ertve masovnih likvidacija na podru\u010dju sjeverne Hrvatske koje su se dogodile nakon \u0161to su Vara\u017edinske Toplice zauzele partizanske postrojbe 29. rujna 1943. godine predvodio je\u00a0 mons. Vlado Ko\u0161i\u0107, biskup sisa\u010dki u koncelebraciji sa \u017eupnikom Jurajem Kopjarom.<\/p>\n<p>\u2013 Dao Bog da se svi tragovi totalitarnih re\u017eima \u0161to prije uklone iz na\u0161e zemlje i da budemo slobodno dru\u0161tvo sa svojom budu\u0107no\u0161\u0107u koje mrtve \u0161tuje, a gradi si budu\u0107nost u slobodi i miru \u2013 rekao je Ko\u0161i\u0107.<\/p>\n<p>Izaslanica ministra hrvatskih branitelja Tome Medveda i ravnateljica Uprave za zato\u010dene i nestale Ivona Paltrinieri istaknula je da se ispravlja nepravda.<\/p>\n<p>\u2013 U dvije grobne jame prona\u0111ene su 72 osobe, odnosno 71 mu\u0161ka te jedna \u017eenska, a uglavnom se radi o mla\u0111im odraslim osobama u dobi od 20 do 40 godina. Antropolo\u0161kom obradom utvr\u0111eno je da su ozljede nastale u trenutku smrti ili neposredno prije ili poslije nje, \u0161to dokazuje da su \u017ertve stradale nasilnom smr\u0107u<\/p>\n<p>Izgradnju zajedni\u010dke grobnice financirao je Grad Vara\u017edinske Toplice, a gradona\u010delnica Dragica Ratkovi\u0107 naglasila je kako je ovaj komemorativan skup odr\u017ean radi svih \u017ertava, kako bi im se vratilo dostojanstvo i<\/p>\n<p>Predsjednik Dru\u0161tva za obilje\u017eavanje grobi\u0161ta ratnih i poratnih \u017ertava Franjo Talan naveo je da na podru\u010dju Vara\u017edinske biskupije postoji stotinjak lokacija na kojima se nalaze \u017ertve pora\u0107a te naglasio da je Dru\u0161tvo dosada na dostojan na\u010din obilje\u017eilo desetak lokacija.<\/p>\n<p><a href=\"https:\/\/viktimologija.com.hr\/wp\/wp-content\/uploads\/2022\/09\/svibovec-2-1.jpg\"><img loading=\"lazy\" decoding=\"async\" class=\"aligncenter wp-image-10575\" src=\"https:\/\/viktimologija.com.hr\/wp\/wp-content\/uploads\/2022\/09\/svibovec-2-1-300x200.jpg\" alt=\"\" width=\"500\" height=\"333\" srcset=\"https:\/\/viktimologija.com.hr\/wp\/wp-content\/uploads\/2022\/09\/svibovec-2-1-300x200.jpg 300w, https:\/\/viktimologija.com.hr\/wp\/wp-content\/uploads\/2022\/09\/svibovec-2-1-768x512.jpg 768w, https:\/\/viktimologija.com.hr\/wp\/wp-content\/uploads\/2022\/09\/svibovec-2-1-830x554.jpg 830w, https:\/\/viktimologija.com.hr\/wp\/wp-content\/uploads\/2022\/09\/svibovec-2-1-230x153.jpg 230w, https:\/\/viktimologija.com.hr\/wp\/wp-content\/uploads\/2022\/09\/svibovec-2-1-350x233.jpg 350w, https:\/\/viktimologija.com.hr\/wp\/wp-content\/uploads\/2022\/09\/svibovec-2-1-480x320.jpg 480w, https:\/\/viktimologija.com.hr\/wp\/wp-content\/uploads\/2022\/09\/svibovec-2-1-272x182.jpg 272w, https:\/\/viktimologija.com.hr\/wp\/wp-content\/uploads\/2022\/09\/svibovec-2-1.jpg 1024w\" sizes=\"auto, (max-width: 500px) 100vw, 500px\" \/><\/a><\/p>\n<p><a href=\"https:\/\/viktimologija.com.hr\/wp\/wp-content\/uploads\/2022\/09\/svibovec-3.jpg\"><img loading=\"lazy\" decoding=\"async\" class=\"aligncenter wp-image-10576\" src=\"https:\/\/viktimologija.com.hr\/wp\/wp-content\/uploads\/2022\/09\/svibovec-3-300x200.jpg\" alt=\"\" width=\"500\" height=\"333\" srcset=\"https:\/\/viktimologija.com.hr\/wp\/wp-content\/uploads\/2022\/09\/svibovec-3-300x200.jpg 300w, https:\/\/viktimologija.com.hr\/wp\/wp-content\/uploads\/2022\/09\/svibovec-3-768x512.jpg 768w, https:\/\/viktimologija.com.hr\/wp\/wp-content\/uploads\/2022\/09\/svibovec-3-830x554.jpg 830w, https:\/\/viktimologija.com.hr\/wp\/wp-content\/uploads\/2022\/09\/svibovec-3-230x153.jpg 230w, https:\/\/viktimologija.com.hr\/wp\/wp-content\/uploads\/2022\/09\/svibovec-3-350x233.jpg 350w, https:\/\/viktimologija.com.hr\/wp\/wp-content\/uploads\/2022\/09\/svibovec-3-480x320.jpg 480w, https:\/\/viktimologija.com.hr\/wp\/wp-content\/uploads\/2022\/09\/svibovec-3-272x182.jpg 272w, https:\/\/viktimologija.com.hr\/wp\/wp-content\/uploads\/2022\/09\/svibovec-3.jpg 1024w\" sizes=\"auto, (max-width: 500px) 100vw, 500px\" \/><\/a><\/p>\n<p><a href=\"https:\/\/viktimologija.com.hr\/wp\/wp-content\/uploads\/2022\/09\/svibovec123.jpg\"><img loading=\"lazy\" decoding=\"async\" class=\"aligncenter wp-image-10577\" src=\"https:\/\/viktimologija.com.hr\/wp\/wp-content\/uploads\/2022\/09\/svibovec123-300x200.jpg\" alt=\"\" width=\"500\" height=\"333\" srcset=\"https:\/\/viktimologija.com.hr\/wp\/wp-content\/uploads\/2022\/09\/svibovec123-300x200.jpg 300w, https:\/\/viktimologija.com.hr\/wp\/wp-content\/uploads\/2022\/09\/svibovec123-768x512.jpg 768w, https:\/\/viktimologija.com.hr\/wp\/wp-content\/uploads\/2022\/09\/svibovec123-830x554.jpg 830w, https:\/\/viktimologija.com.hr\/wp\/wp-content\/uploads\/2022\/09\/svibovec123-230x153.jpg 230w, https:\/\/viktimologija.com.hr\/wp\/wp-content\/uploads\/2022\/09\/svibovec123-350x233.jpg 350w, https:\/\/viktimologija.com.hr\/wp\/wp-content\/uploads\/2022\/09\/svibovec123-480x320.jpg 480w, https:\/\/viktimologija.com.hr\/wp\/wp-content\/uploads\/2022\/09\/svibovec123-272x182.jpg 272w, https:\/\/viktimologija.com.hr\/wp\/wp-content\/uploads\/2022\/09\/svibovec123.jpg 1024w\" sizes=\"auto, (max-width: 500px) 100vw, 500px\" \/><\/a><\/p>\n<p>Poveznica: https:\/\/biskupija-sisak.hr\/u-svibovcu-toplickom-pokopani-posmrtni-ostaci-72-zrtve-iz-drugog-svjetskog-rata\/<\/p>\n<p>&nbsp;<\/p>\n","protected":false},"excerpt":{"rendered":"<p>Nakon gotovo 80 godina na groblju Svibovec su u nedjelju 25. rujna pokopani posmrtni ostaci \u017ertava Drugog svjetskog rata, ekshumiranih 2014. godine s lokacije Leskovec, predio Jak\u0161enica. Misu za 72 ekshumirane \u017ertve masovnih likvidacija na podru\u010dju sjeverne Hrvatske koje su se dogodile nakon \u0161to su Vara\u017edinske Toplice zauzele partizanske postrojbe 29. rujna 1943. godine predvodio [&hellip;]<\/p>\n","protected":false},"author":1,"featured_media":0,"comment_status":"open","ping_status":"open","sticky":false,"template":"","format":"standard","meta":{"footnotes":""},"categories":[1],"tags":[18,908,962,959,960,963,961,229,958],"class_list":["post-10570","post","type-post","status-publish","format-standard","hentry","category-novosti","tag-franjo-talan","tag-grad-varazdinske-toplice","tag-ivona-paltrinier","tag-juraj-kopljar","tag-lokaciju-leskovec","tag-ministar-hrvatskih-branitelja","tag-misu-za-72-ekshumirane-zrtve-masovnih-likvidacija-na-podrucju-sjeverne-hrvatske","tag-mons-vlado-kosic","tag-svibovec"],"_links":{"self":[{"href":"https:\/\/viktimologija.com.hr\/wp\/wp-json\/wp\/v2\/posts\/10570","targetHints":{"allow":["GET"]}}],"collection":[{"href":"https:\/\/viktimologija.com.hr\/wp\/wp-json\/wp\/v2\/posts"}],"about":[{"href":"https:\/\/viktimologija.com.hr\/wp\/wp-json\/wp\/v2\/types\/post"}],"author":[{"embeddable":true,"href":"https:\/\/viktimologija.com.hr\/wp\/wp-json\/wp\/v2\/users\/1"}],"replies":[{"embeddable":true,"href":"https:\/\/viktimologija.com.hr\/wp\/wp-json\/wp\/v2\/comments?post=10570"}],"version-history":[{"count":5,"href":"https:\/\/viktimologija.com.hr\/wp\/wp-json\/wp\/v2\/posts\/10570\/revisions"}],"predecessor-version":[{"id":10579,"href":"https:\/\/viktimologija.com.hr\/wp\/wp-json\/wp\/v2\/posts\/10570\/revisions\/10579"}],"wp:attachment":[{"href":"https:\/\/viktimologija.com.hr\/wp\/wp-json\/wp\/v2\/media?parent=10570"}],"wp:term":[{"taxonomy":"category","embeddable":true,"href":"https:\/\/viktimologija.com.hr\/wp\/wp-json\/wp\/v2\/categories?post=10570"},{"taxonomy":"post_tag","embeddable":true,"href":"https:\/\/viktimologija.com.hr\/wp\/wp-json\/wp\/v2\/tags?post=10570"}],"curies":[{"name":"wp","href":"https:\/\/api.w.org\/{rel}","templated":true}]}}