{"id":11808,"date":"2022-12-14T15:42:59","date_gmt":"2022-12-14T14:42:59","guid":{"rendered":"https:\/\/viktimologija.com.hr\/wp\/?p=11808"},"modified":"2024-08-28T18:41:54","modified_gmt":"2024-08-28T16:41:54","slug":"franjo-talan-spomen-na-zrtve-istre-drugog-svjetskog-rata-i-poraca","status":"publish","type":"post","link":"https:\/\/viktimologija.com.hr\/wp\/franjo-talan-spomen-na-zrtve-istre-drugog-svjetskog-rata-i-poraca\/","title":{"rendered":"Franjo Talan: Spomen na \u017ertve Istre Drugog svjetskog rata i pora\u0107a"},"content":{"rendered":"<p><strong><em>\u201e<\/em><\/strong><strong>Spomen na \u017ertve Istre Drugog svjetskog rata i pora\u0107a\u201c, a koje je organiziran \u00a0povodom Me\u0111unarodnog dana ljudskih prava 10. i 11. prosinca 2022. godine<\/strong><\/p>\n<p>&nbsp;<\/p>\n<p>Subota, 10. prosinac 2022. godine<\/p>\n<ol>\n<li><strong>8:50 \u2013 groblje Kozala Rijeka \u2013 Crkva Gospo Lurdske<\/strong><\/li>\n<\/ol>\n<p><strong>Od O\u0160 Cestica krenuli smo ujutro u 5 sati, a na parkirali\u0161tu Supernove, u Zagrebu u Buzinu priklju\u010dili su nam se jo\u0161 nekoliko hodo\u010dasnika\u00a0<\/strong><\/p>\n<p><a href=\"https:\/\/viktimologija.com.hr\/wp\/wp-content\/uploads\/2022\/12\/01-DSC_8314-u-autobusu.jpg\"><img loading=\"lazy\" decoding=\"async\" class=\"size-medium wp-image-11772 alignleft\" src=\"https:\/\/viktimologija.com.hr\/wp\/wp-content\/uploads\/2022\/12\/01-DSC_8314-u-autobusu-300x200.jpg\" alt=\"\" width=\"300\" height=\"200\" srcset=\"https:\/\/viktimologija.com.hr\/wp\/wp-content\/uploads\/2022\/12\/01-DSC_8314-u-autobusu-300x200.jpg 300w, https:\/\/viktimologija.com.hr\/wp\/wp-content\/uploads\/2022\/12\/01-DSC_8314-u-autobusu-1024x683.jpg 1024w, https:\/\/viktimologija.com.hr\/wp\/wp-content\/uploads\/2022\/12\/01-DSC_8314-u-autobusu-768x512.jpg 768w, https:\/\/viktimologija.com.hr\/wp\/wp-content\/uploads\/2022\/12\/01-DSC_8314-u-autobusu-830x553.jpg 830w, https:\/\/viktimologija.com.hr\/wp\/wp-content\/uploads\/2022\/12\/01-DSC_8314-u-autobusu-230x153.jpg 230w, https:\/\/viktimologija.com.hr\/wp\/wp-content\/uploads\/2022\/12\/01-DSC_8314-u-autobusu-350x233.jpg 350w, https:\/\/viktimologija.com.hr\/wp\/wp-content\/uploads\/2022\/12\/01-DSC_8314-u-autobusu-480x320.jpg 480w, https:\/\/viktimologija.com.hr\/wp\/wp-content\/uploads\/2022\/12\/01-DSC_8314-u-autobusu-272x182.jpg 272w, https:\/\/viktimologija.com.hr\/wp\/wp-content\/uploads\/2022\/12\/01-DSC_8314-u-autobusu.jpg 1320w\" sizes=\"auto, (max-width: 300px) 100vw, 300px\" \/><\/a><\/p>\n<p><a href=\"https:\/\/viktimologija.com.hr\/wp\/wp-content\/uploads\/2022\/12\/01-DSC_8316-pocetak-puta-negdje-kod-Karlovca.jpg\"><img loading=\"lazy\" decoding=\"async\" class=\"size-medium wp-image-11773 alignleft\" src=\"https:\/\/viktimologija.com.hr\/wp\/wp-content\/uploads\/2022\/12\/01-DSC_8316-pocetak-puta-negdje-kod-Karlovca-300x200.jpg\" alt=\"\" width=\"300\" height=\"200\" srcset=\"https:\/\/viktimologija.com.hr\/wp\/wp-content\/uploads\/2022\/12\/01-DSC_8316-pocetak-puta-negdje-kod-Karlovca-300x200.jpg 300w, https:\/\/viktimologija.com.hr\/wp\/wp-content\/uploads\/2022\/12\/01-DSC_8316-pocetak-puta-negdje-kod-Karlovca-1024x683.jpg 1024w, https:\/\/viktimologija.com.hr\/wp\/wp-content\/uploads\/2022\/12\/01-DSC_8316-pocetak-puta-negdje-kod-Karlovca-768x512.jpg 768w, https:\/\/viktimologija.com.hr\/wp\/wp-content\/uploads\/2022\/12\/01-DSC_8316-pocetak-puta-negdje-kod-Karlovca-830x553.jpg 830w, https:\/\/viktimologija.com.hr\/wp\/wp-content\/uploads\/2022\/12\/01-DSC_8316-pocetak-puta-negdje-kod-Karlovca-230x153.jpg 230w, https:\/\/viktimologija.com.hr\/wp\/wp-content\/uploads\/2022\/12\/01-DSC_8316-pocetak-puta-negdje-kod-Karlovca-350x233.jpg 350w, https:\/\/viktimologija.com.hr\/wp\/wp-content\/uploads\/2022\/12\/01-DSC_8316-pocetak-puta-negdje-kod-Karlovca-480x320.jpg 480w, https:\/\/viktimologija.com.hr\/wp\/wp-content\/uploads\/2022\/12\/01-DSC_8316-pocetak-puta-negdje-kod-Karlovca-272x182.jpg 272w, https:\/\/viktimologija.com.hr\/wp\/wp-content\/uploads\/2022\/12\/01-DSC_8316-pocetak-puta-negdje-kod-Karlovca.jpg 1320w\" sizes=\"auto, (max-width: 300px) 100vw, 300px\" \/><\/a>Zbog zakr\u010dene ulice prema ulazu u groblje autobus morao unatrag voziti dvadesetak minuta, ki\u0161a, pravi pljusak nas pratio cijelim putem. U 9:30 izvr\u0161ili smo polaganje vijenca na grob fra Ilije Boraka, 1914. &#8211; 2010. (\u017ertve progona jugo-komunisti\u010dkog re\u017eima i ostalih kapucina, od \u201ekri\u017eovljanskih\u201c kapucina tu su jo\u0161 pokopani, fra Franjo Talan \u2013 1932-2010. i fra Selezije Josip Arklini\u0107 1850.-1897. op.a. Franjo Talan). Vijenac polo\u017eio Josip Premu\u017e, a svije\u0107e zapalili Gordana Kos Kolar i Josip Ko\u010det, molitvu predvodila Lucija Mili\u0107 iz Zagreba .<\/p>\n<p>&nbsp;<\/p>\n<p><a href=\"https:\/\/viktimologija.com.hr\/wp\/wp-content\/uploads\/2022\/12\/1-1-P2330518-Kozala-Rijeka.jpg\"><img loading=\"lazy\" decoding=\"async\" class=\"size-medium wp-image-11775 alignleft\" src=\"https:\/\/viktimologija.com.hr\/wp\/wp-content\/uploads\/2022\/12\/1-1-P2330518-Kozala-Rijeka-300x225.jpg\" alt=\"\" width=\"300\" height=\"225\" srcset=\"https:\/\/viktimologija.com.hr\/wp\/wp-content\/uploads\/2022\/12\/1-1-P2330518-Kozala-Rijeka-300x225.jpg 300w, https:\/\/viktimologija.com.hr\/wp\/wp-content\/uploads\/2022\/12\/1-1-P2330518-Kozala-Rijeka-1024x768.jpg 1024w, https:\/\/viktimologija.com.hr\/wp\/wp-content\/uploads\/2022\/12\/1-1-P2330518-Kozala-Rijeka-768x576.jpg 768w, https:\/\/viktimologija.com.hr\/wp\/wp-content\/uploads\/2022\/12\/1-1-P2330518-Kozala-Rijeka-830x622.jpg 830w, https:\/\/viktimologija.com.hr\/wp\/wp-content\/uploads\/2022\/12\/1-1-P2330518-Kozala-Rijeka-230x172.jpg 230w, https:\/\/viktimologija.com.hr\/wp\/wp-content\/uploads\/2022\/12\/1-1-P2330518-Kozala-Rijeka-350x262.jpg 350w, https:\/\/viktimologija.com.hr\/wp\/wp-content\/uploads\/2022\/12\/1-1-P2330518-Kozala-Rijeka-480x360.jpg 480w, https:\/\/viktimologija.com.hr\/wp\/wp-content\/uploads\/2022\/12\/1-1-P2330518-Kozala-Rijeka.jpg 1127w\" sizes=\"auto, (max-width: 300px) 100vw, 300px\" \/><\/a><\/p>\n<p><a href=\"https:\/\/viktimologija.com.hr\/wp\/wp-content\/uploads\/2022\/12\/1-1-P2330524-Kozala-Rijeka-molitva-na-grobu-fra-Iliej-Boraka-i-rijeckih-kapucina.jpg\"><img loading=\"lazy\" decoding=\"async\" class=\"size-medium wp-image-11776 alignleft\" src=\"https:\/\/viktimologija.com.hr\/wp\/wp-content\/uploads\/2022\/12\/1-1-P2330524-Kozala-Rijeka-molitva-na-grobu-fra-Iliej-Boraka-i-rijeckih-kapucina-300x225.jpg\" alt=\"\" width=\"300\" height=\"225\" srcset=\"https:\/\/viktimologija.com.hr\/wp\/wp-content\/uploads\/2022\/12\/1-1-P2330524-Kozala-Rijeka-molitva-na-grobu-fra-Iliej-Boraka-i-rijeckih-kapucina-300x225.jpg 300w, https:\/\/viktimologija.com.hr\/wp\/wp-content\/uploads\/2022\/12\/1-1-P2330524-Kozala-Rijeka-molitva-na-grobu-fra-Iliej-Boraka-i-rijeckih-kapucina-1024x768.jpg 1024w, https:\/\/viktimologija.com.hr\/wp\/wp-content\/uploads\/2022\/12\/1-1-P2330524-Kozala-Rijeka-molitva-na-grobu-fra-Iliej-Boraka-i-rijeckih-kapucina-768x576.jpg 768w, https:\/\/viktimologija.com.hr\/wp\/wp-content\/uploads\/2022\/12\/1-1-P2330524-Kozala-Rijeka-molitva-na-grobu-fra-Iliej-Boraka-i-rijeckih-kapucina-830x622.jpg 830w, https:\/\/viktimologija.com.hr\/wp\/wp-content\/uploads\/2022\/12\/1-1-P2330524-Kozala-Rijeka-molitva-na-grobu-fra-Iliej-Boraka-i-rijeckih-kapucina-230x172.jpg 230w, https:\/\/viktimologija.com.hr\/wp\/wp-content\/uploads\/2022\/12\/1-1-P2330524-Kozala-Rijeka-molitva-na-grobu-fra-Iliej-Boraka-i-rijeckih-kapucina-350x262.jpg 350w, https:\/\/viktimologija.com.hr\/wp\/wp-content\/uploads\/2022\/12\/1-1-P2330524-Kozala-Rijeka-molitva-na-grobu-fra-Iliej-Boraka-i-rijeckih-kapucina-480x360.jpg 480w, https:\/\/viktimologija.com.hr\/wp\/wp-content\/uploads\/2022\/12\/1-1-P2330524-Kozala-Rijeka-molitva-na-grobu-fra-Iliej-Boraka-i-rijeckih-kapucina.jpg 1127w\" sizes=\"auto, (max-width: 300px) 100vw, 300px\" \/><\/a><a href=\"https:\/\/viktimologija.com.hr\/wp\/wp-content\/uploads\/2022\/12\/1-1-P2330526-Kozala-Rijeka-molitva-na-grobu-fra-Ilije-Boraka-i-rijeckih-kapucina.jpg\"><img loading=\"lazy\" decoding=\"async\" class=\"size-medium wp-image-11777 alignleft\" src=\"https:\/\/viktimologija.com.hr\/wp\/wp-content\/uploads\/2022\/12\/1-1-P2330526-Kozala-Rijeka-molitva-na-grobu-fra-Ilije-Boraka-i-rijeckih-kapucina-300x225.jpg\" alt=\"\" width=\"300\" height=\"225\" srcset=\"https:\/\/viktimologija.com.hr\/wp\/wp-content\/uploads\/2022\/12\/1-1-P2330526-Kozala-Rijeka-molitva-na-grobu-fra-Ilije-Boraka-i-rijeckih-kapucina-300x225.jpg 300w, https:\/\/viktimologija.com.hr\/wp\/wp-content\/uploads\/2022\/12\/1-1-P2330526-Kozala-Rijeka-molitva-na-grobu-fra-Ilije-Boraka-i-rijeckih-kapucina-1024x768.jpg 1024w, https:\/\/viktimologija.com.hr\/wp\/wp-content\/uploads\/2022\/12\/1-1-P2330526-Kozala-Rijeka-molitva-na-grobu-fra-Ilije-Boraka-i-rijeckih-kapucina-768x576.jpg 768w, https:\/\/viktimologija.com.hr\/wp\/wp-content\/uploads\/2022\/12\/1-1-P2330526-Kozala-Rijeka-molitva-na-grobu-fra-Ilije-Boraka-i-rijeckih-kapucina-830x622.jpg 830w, https:\/\/viktimologija.com.hr\/wp\/wp-content\/uploads\/2022\/12\/1-1-P2330526-Kozala-Rijeka-molitva-na-grobu-fra-Ilije-Boraka-i-rijeckih-kapucina-230x172.jpg 230w, https:\/\/viktimologija.com.hr\/wp\/wp-content\/uploads\/2022\/12\/1-1-P2330526-Kozala-Rijeka-molitva-na-grobu-fra-Ilije-Boraka-i-rijeckih-kapucina-350x262.jpg 350w, https:\/\/viktimologija.com.hr\/wp\/wp-content\/uploads\/2022\/12\/1-1-P2330526-Kozala-Rijeka-molitva-na-grobu-fra-Ilije-Boraka-i-rijeckih-kapucina-480x360.jpg 480w, https:\/\/viktimologija.com.hr\/wp\/wp-content\/uploads\/2022\/12\/1-1-P2330526-Kozala-Rijeka-molitva-na-grobu-fra-Ilije-Boraka-i-rijeckih-kapucina.jpg 1127w\" sizes=\"auto, (max-width: 300px) 100vw, 300px\" \/><\/a><\/p>\n<p>&nbsp;<\/p>\n<p>&nbsp;<\/p>\n<p>&nbsp;<\/p>\n<p>&nbsp;<\/p>\n<p>&nbsp;<\/p>\n<p>&nbsp;<\/p>\n<p>&nbsp;<\/p>\n<figure id=\"attachment_11778\" aria-describedby=\"caption-attachment-11778\" style=\"width: 300px\" class=\"wp-caption alignleft\"><a href=\"https:\/\/viktimologija.com.hr\/wp\/wp-content\/uploads\/2022\/12\/1-1-P2330537-Kozala-Rijeka-molitva-na-grobu-sestara-milosrdnica.jpg\"><img loading=\"lazy\" decoding=\"async\" class=\"wp-image-11778 size-medium\" src=\"https:\/\/viktimologija.com.hr\/wp\/wp-content\/uploads\/2022\/12\/1-1-P2330537-Kozala-Rijeka-molitva-na-grobu-sestara-milosrdnica-300x225.jpg\" alt=\"\" width=\"300\" height=\"225\" srcset=\"https:\/\/viktimologija.com.hr\/wp\/wp-content\/uploads\/2022\/12\/1-1-P2330537-Kozala-Rijeka-molitva-na-grobu-sestara-milosrdnica-300x225.jpg 300w, https:\/\/viktimologija.com.hr\/wp\/wp-content\/uploads\/2022\/12\/1-1-P2330537-Kozala-Rijeka-molitva-na-grobu-sestara-milosrdnica-1024x768.jpg 1024w, https:\/\/viktimologija.com.hr\/wp\/wp-content\/uploads\/2022\/12\/1-1-P2330537-Kozala-Rijeka-molitva-na-grobu-sestara-milosrdnica-768x576.jpg 768w, https:\/\/viktimologija.com.hr\/wp\/wp-content\/uploads\/2022\/12\/1-1-P2330537-Kozala-Rijeka-molitva-na-grobu-sestara-milosrdnica-830x622.jpg 830w, https:\/\/viktimologija.com.hr\/wp\/wp-content\/uploads\/2022\/12\/1-1-P2330537-Kozala-Rijeka-molitva-na-grobu-sestara-milosrdnica-230x172.jpg 230w, https:\/\/viktimologija.com.hr\/wp\/wp-content\/uploads\/2022\/12\/1-1-P2330537-Kozala-Rijeka-molitva-na-grobu-sestara-milosrdnica-350x262.jpg 350w, https:\/\/viktimologija.com.hr\/wp\/wp-content\/uploads\/2022\/12\/1-1-P2330537-Kozala-Rijeka-molitva-na-grobu-sestara-milosrdnica-480x360.jpg 480w, https:\/\/viktimologija.com.hr\/wp\/wp-content\/uploads\/2022\/12\/1-1-P2330537-Kozala-Rijeka-molitva-na-grobu-sestara-milosrdnica.jpg 1127w\" sizes=\"auto, (max-width: 300px) 100vw, 300px\" \/><\/a><figcaption id=\"caption-attachment-11778\" class=\"wp-caption-text\">Svije\u0107e zapaljene i na grobnici sestara milosrdnica koja je u blizini kapucinske grobnice<\/figcaption><\/figure>\n<p>09:45 \u2013 Rijeka \u2013 \u017dabica &#8211; Crkva Gospo Lurdske pozdravio nas gvardijan fra Eugen Pavlek, a o izgradnji crkve i samostana govorio nam fra Zlatko \u0160afari\u0107&#8230; U zahvalu za topao prijem zbor Stellarium otpjevao pjesmu Rajska djevo, autora p. Petra Perice, \u017ertve ubijene na Daksi, u listopadu 1944. po ulasku partizana u Dubrovnik.<\/p>\n<p>Nakon toga oko 10:25 \u2013odlazimo iz Rijeke \u2013 ki\u0161a i dalje neumorno lijeva .. \u00a0Na odmori\u0161tu Vrata Jadrana sti\u017eemo ne\u0161to prije 11 sati &#8230; ki\u0161a i dalje lije<\/p>\n<p>Oko 11:10 \u2013 odlazak za Pazin \u2013 Pazinski kolegij \u2013 groblje Moj mir\u2026<\/p>\n<p>&nbsp;<\/p>\n<p>&nbsp;<\/p>\n<p>&nbsp;<\/p>\n<p>&nbsp;<\/p>\n<figure id=\"attachment_11782\" aria-describedby=\"caption-attachment-11782\" style=\"width: 300px\" class=\"wp-caption alignleft\"><a href=\"https:\/\/viktimologija.com.hr\/wp\/wp-content\/uploads\/2022\/12\/1-2-DSC_8339-posjet-crkvi-Gospe-Lurdske-Rijeka-fra-Zlatko-Safaric.jpg\"><img loading=\"lazy\" decoding=\"async\" class=\"wp-image-11782 size-medium\" src=\"https:\/\/viktimologija.com.hr\/wp\/wp-content\/uploads\/2022\/12\/1-2-DSC_8339-posjet-crkvi-Gospe-Lurdske-Rijeka-fra-Zlatko-Safaric-300x200.jpg\" alt=\"\" width=\"300\" height=\"200\" srcset=\"https:\/\/viktimologija.com.hr\/wp\/wp-content\/uploads\/2022\/12\/1-2-DSC_8339-posjet-crkvi-Gospe-Lurdske-Rijeka-fra-Zlatko-Safaric-300x200.jpg 300w, https:\/\/viktimologija.com.hr\/wp\/wp-content\/uploads\/2022\/12\/1-2-DSC_8339-posjet-crkvi-Gospe-Lurdske-Rijeka-fra-Zlatko-Safaric-1024x683.jpg 1024w, https:\/\/viktimologija.com.hr\/wp\/wp-content\/uploads\/2022\/12\/1-2-DSC_8339-posjet-crkvi-Gospe-Lurdske-Rijeka-fra-Zlatko-Safaric-768x512.jpg 768w, https:\/\/viktimologija.com.hr\/wp\/wp-content\/uploads\/2022\/12\/1-2-DSC_8339-posjet-crkvi-Gospe-Lurdske-Rijeka-fra-Zlatko-Safaric-830x553.jpg 830w, https:\/\/viktimologija.com.hr\/wp\/wp-content\/uploads\/2022\/12\/1-2-DSC_8339-posjet-crkvi-Gospe-Lurdske-Rijeka-fra-Zlatko-Safaric-230x153.jpg 230w, https:\/\/viktimologija.com.hr\/wp\/wp-content\/uploads\/2022\/12\/1-2-DSC_8339-posjet-crkvi-Gospe-Lurdske-Rijeka-fra-Zlatko-Safaric-350x233.jpg 350w, https:\/\/viktimologija.com.hr\/wp\/wp-content\/uploads\/2022\/12\/1-2-DSC_8339-posjet-crkvi-Gospe-Lurdske-Rijeka-fra-Zlatko-Safaric-480x320.jpg 480w, https:\/\/viktimologija.com.hr\/wp\/wp-content\/uploads\/2022\/12\/1-2-DSC_8339-posjet-crkvi-Gospe-Lurdske-Rijeka-fra-Zlatko-Safaric-272x182.jpg 272w, https:\/\/viktimologija.com.hr\/wp\/wp-content\/uploads\/2022\/12\/1-2-DSC_8339-posjet-crkvi-Gospe-Lurdske-Rijeka-fra-Zlatko-Safaric.jpg 1320w\" sizes=\"auto, (max-width: 300px) 100vw, 300px\" \/><\/a><figcaption id=\"caption-attachment-11782\" class=\"wp-caption-text\">fra Zlatko \u0160afari\u0107<\/figcaption><\/figure>\n<p><a href=\"https:\/\/viktimologija.com.hr\/wp\/wp-content\/uploads\/2022\/12\/1-2-DSC_8319-posjet-crkvi-Gospe-Lurdske-Rijeka.jpg\"><img loading=\"lazy\" decoding=\"async\" class=\"size-medium wp-image-11779 alignleft\" src=\"https:\/\/viktimologija.com.hr\/wp\/wp-content\/uploads\/2022\/12\/1-2-DSC_8319-posjet-crkvi-Gospe-Lurdske-Rijeka-300x200.jpg\" alt=\"\" width=\"300\" height=\"200\" srcset=\"https:\/\/viktimologija.com.hr\/wp\/wp-content\/uploads\/2022\/12\/1-2-DSC_8319-posjet-crkvi-Gospe-Lurdske-Rijeka-300x200.jpg 300w, https:\/\/viktimologija.com.hr\/wp\/wp-content\/uploads\/2022\/12\/1-2-DSC_8319-posjet-crkvi-Gospe-Lurdske-Rijeka-1024x683.jpg 1024w, https:\/\/viktimologija.com.hr\/wp\/wp-content\/uploads\/2022\/12\/1-2-DSC_8319-posjet-crkvi-Gospe-Lurdske-Rijeka-768x512.jpg 768w, https:\/\/viktimologija.com.hr\/wp\/wp-content\/uploads\/2022\/12\/1-2-DSC_8319-posjet-crkvi-Gospe-Lurdske-Rijeka-830x553.jpg 830w, https:\/\/viktimologija.com.hr\/wp\/wp-content\/uploads\/2022\/12\/1-2-DSC_8319-posjet-crkvi-Gospe-Lurdske-Rijeka-230x153.jpg 230w, https:\/\/viktimologija.com.hr\/wp\/wp-content\/uploads\/2022\/12\/1-2-DSC_8319-posjet-crkvi-Gospe-Lurdske-Rijeka-350x233.jpg 350w, https:\/\/viktimologija.com.hr\/wp\/wp-content\/uploads\/2022\/12\/1-2-DSC_8319-posjet-crkvi-Gospe-Lurdske-Rijeka-480x320.jpg 480w, https:\/\/viktimologija.com.hr\/wp\/wp-content\/uploads\/2022\/12\/1-2-DSC_8319-posjet-crkvi-Gospe-Lurdske-Rijeka-272x182.jpg 272w, https:\/\/viktimologija.com.hr\/wp\/wp-content\/uploads\/2022\/12\/1-2-DSC_8319-posjet-crkvi-Gospe-Lurdske-Rijeka.jpg 1320w\" sizes=\"auto, (max-width: 300px) 100vw, 300px\" \/><\/a><a href=\"https:\/\/viktimologija.com.hr\/wp\/wp-content\/uploads\/2022\/12\/1-2-DSC_8325.jpg\"><img loading=\"lazy\" decoding=\"async\" class=\"size-medium wp-image-11780 alignleft\" src=\"https:\/\/viktimologija.com.hr\/wp\/wp-content\/uploads\/2022\/12\/1-2-DSC_8325-300x200.jpg\" alt=\"\" width=\"300\" height=\"200\" srcset=\"https:\/\/viktimologija.com.hr\/wp\/wp-content\/uploads\/2022\/12\/1-2-DSC_8325-300x200.jpg 300w, https:\/\/viktimologija.com.hr\/wp\/wp-content\/uploads\/2022\/12\/1-2-DSC_8325-1024x683.jpg 1024w, https:\/\/viktimologija.com.hr\/wp\/wp-content\/uploads\/2022\/12\/1-2-DSC_8325-768x512.jpg 768w, https:\/\/viktimologija.com.hr\/wp\/wp-content\/uploads\/2022\/12\/1-2-DSC_8325-830x553.jpg 830w, https:\/\/viktimologija.com.hr\/wp\/wp-content\/uploads\/2022\/12\/1-2-DSC_8325-230x153.jpg 230w, https:\/\/viktimologija.com.hr\/wp\/wp-content\/uploads\/2022\/12\/1-2-DSC_8325-350x233.jpg 350w, https:\/\/viktimologija.com.hr\/wp\/wp-content\/uploads\/2022\/12\/1-2-DSC_8325-480x320.jpg 480w, https:\/\/viktimologija.com.hr\/wp\/wp-content\/uploads\/2022\/12\/1-2-DSC_8325-272x182.jpg 272w, https:\/\/viktimologija.com.hr\/wp\/wp-content\/uploads\/2022\/12\/1-2-DSC_8325.jpg 1320w\" sizes=\"auto, (max-width: 300px) 100vw, 300px\" \/><\/a><\/p>\n<p>&nbsp;<\/p>\n<p>&nbsp;<\/p>\n<p>&nbsp;<\/p>\n<p>&nbsp;<\/p>\n<p>&nbsp;<\/p>\n<p>&nbsp;<\/p>\n<p>&nbsp;<\/p>\n<figure id=\"attachment_11783\" aria-describedby=\"caption-attachment-11783\" style=\"width: 600px\" class=\"wp-caption aligncenter\"><a href=\"https:\/\/viktimologija.com.hr\/wp\/wp-content\/uploads\/2022\/12\/1-2-DSC_8340-Crkva-Gospe-Lurdske-Rijeka-zbor-Stellarium.jpg\"><img loading=\"lazy\" decoding=\"async\" class=\"wp-image-11783\" src=\"https:\/\/viktimologija.com.hr\/wp\/wp-content\/uploads\/2022\/12\/1-2-DSC_8340-Crkva-Gospe-Lurdske-Rijeka-zbor-Stellarium-1024x683.jpg\" alt=\"\" width=\"600\" height=\"400\" srcset=\"https:\/\/viktimologija.com.hr\/wp\/wp-content\/uploads\/2022\/12\/1-2-DSC_8340-Crkva-Gospe-Lurdske-Rijeka-zbor-Stellarium-1024x683.jpg 1024w, https:\/\/viktimologija.com.hr\/wp\/wp-content\/uploads\/2022\/12\/1-2-DSC_8340-Crkva-Gospe-Lurdske-Rijeka-zbor-Stellarium-300x200.jpg 300w, https:\/\/viktimologija.com.hr\/wp\/wp-content\/uploads\/2022\/12\/1-2-DSC_8340-Crkva-Gospe-Lurdske-Rijeka-zbor-Stellarium-768x512.jpg 768w, https:\/\/viktimologija.com.hr\/wp\/wp-content\/uploads\/2022\/12\/1-2-DSC_8340-Crkva-Gospe-Lurdske-Rijeka-zbor-Stellarium-830x553.jpg 830w, https:\/\/viktimologija.com.hr\/wp\/wp-content\/uploads\/2022\/12\/1-2-DSC_8340-Crkva-Gospe-Lurdske-Rijeka-zbor-Stellarium-230x153.jpg 230w, https:\/\/viktimologija.com.hr\/wp\/wp-content\/uploads\/2022\/12\/1-2-DSC_8340-Crkva-Gospe-Lurdske-Rijeka-zbor-Stellarium-350x233.jpg 350w, https:\/\/viktimologija.com.hr\/wp\/wp-content\/uploads\/2022\/12\/1-2-DSC_8340-Crkva-Gospe-Lurdske-Rijeka-zbor-Stellarium-480x320.jpg 480w, https:\/\/viktimologija.com.hr\/wp\/wp-content\/uploads\/2022\/12\/1-2-DSC_8340-Crkva-Gospe-Lurdske-Rijeka-zbor-Stellarium-272x182.jpg 272w, https:\/\/viktimologija.com.hr\/wp\/wp-content\/uploads\/2022\/12\/1-2-DSC_8340-Crkva-Gospe-Lurdske-Rijeka-zbor-Stellarium.jpg 1320w\" sizes=\"auto, (max-width: 600px) 100vw, 600px\" \/><\/a><figcaption id=\"caption-attachment-11783\" class=\"wp-caption-text\">Zbor Stellarium<\/figcaption><\/figure>\n<figure id=\"attachment_11784\" aria-describedby=\"caption-attachment-11784\" style=\"width: 600px\" class=\"wp-caption aligncenter\"><a href=\"https:\/\/viktimologija.com.hr\/wp\/wp-content\/uploads\/2022\/12\/1-2-DSC_8349-Rijeka-fra-Zlatko-i-franjo-talan.jpg\"><img loading=\"lazy\" decoding=\"async\" class=\"wp-image-11784\" src=\"https:\/\/viktimologija.com.hr\/wp\/wp-content\/uploads\/2022\/12\/1-2-DSC_8349-Rijeka-fra-Zlatko-i-franjo-talan-1024x683.jpg\" alt=\"\" width=\"600\" height=\"400\" srcset=\"https:\/\/viktimologija.com.hr\/wp\/wp-content\/uploads\/2022\/12\/1-2-DSC_8349-Rijeka-fra-Zlatko-i-franjo-talan-1024x683.jpg 1024w, https:\/\/viktimologija.com.hr\/wp\/wp-content\/uploads\/2022\/12\/1-2-DSC_8349-Rijeka-fra-Zlatko-i-franjo-talan-300x200.jpg 300w, https:\/\/viktimologija.com.hr\/wp\/wp-content\/uploads\/2022\/12\/1-2-DSC_8349-Rijeka-fra-Zlatko-i-franjo-talan-768x512.jpg 768w, https:\/\/viktimologija.com.hr\/wp\/wp-content\/uploads\/2022\/12\/1-2-DSC_8349-Rijeka-fra-Zlatko-i-franjo-talan-830x553.jpg 830w, https:\/\/viktimologija.com.hr\/wp\/wp-content\/uploads\/2022\/12\/1-2-DSC_8349-Rijeka-fra-Zlatko-i-franjo-talan-230x153.jpg 230w, https:\/\/viktimologija.com.hr\/wp\/wp-content\/uploads\/2022\/12\/1-2-DSC_8349-Rijeka-fra-Zlatko-i-franjo-talan-350x233.jpg 350w, https:\/\/viktimologija.com.hr\/wp\/wp-content\/uploads\/2022\/12\/1-2-DSC_8349-Rijeka-fra-Zlatko-i-franjo-talan-480x320.jpg 480w, https:\/\/viktimologija.com.hr\/wp\/wp-content\/uploads\/2022\/12\/1-2-DSC_8349-Rijeka-fra-Zlatko-i-franjo-talan-272x182.jpg 272w, https:\/\/viktimologija.com.hr\/wp\/wp-content\/uploads\/2022\/12\/1-2-DSC_8349-Rijeka-fra-Zlatko-i-franjo-talan.jpg 1320w\" sizes=\"auto, (max-width: 600px) 100vw, 600px\" \/><\/a><figcaption id=\"caption-attachment-11784\" class=\"wp-caption-text\">Franjo Talan i fra Zlatko \u0160afari\u0107<\/figcaption><\/figure>\n<figure id=\"attachment_11785\" aria-describedby=\"caption-attachment-11785\" style=\"width: 600px\" class=\"wp-caption aligncenter\"><a href=\"https:\/\/viktimologija.com.hr\/wp\/wp-content\/uploads\/2022\/12\/1-2-DSC_8351-fra-Eugen-Pavlek.jpg\"><img loading=\"lazy\" decoding=\"async\" class=\"wp-image-11785\" src=\"https:\/\/viktimologija.com.hr\/wp\/wp-content\/uploads\/2022\/12\/1-2-DSC_8351-fra-Eugen-Pavlek-1024x683.jpg\" alt=\"\" width=\"600\" height=\"400\" srcset=\"https:\/\/viktimologija.com.hr\/wp\/wp-content\/uploads\/2022\/12\/1-2-DSC_8351-fra-Eugen-Pavlek-1024x683.jpg 1024w, https:\/\/viktimologija.com.hr\/wp\/wp-content\/uploads\/2022\/12\/1-2-DSC_8351-fra-Eugen-Pavlek-300x200.jpg 300w, https:\/\/viktimologija.com.hr\/wp\/wp-content\/uploads\/2022\/12\/1-2-DSC_8351-fra-Eugen-Pavlek-768x512.jpg 768w, https:\/\/viktimologija.com.hr\/wp\/wp-content\/uploads\/2022\/12\/1-2-DSC_8351-fra-Eugen-Pavlek-830x553.jpg 830w, https:\/\/viktimologija.com.hr\/wp\/wp-content\/uploads\/2022\/12\/1-2-DSC_8351-fra-Eugen-Pavlek-230x153.jpg 230w, https:\/\/viktimologija.com.hr\/wp\/wp-content\/uploads\/2022\/12\/1-2-DSC_8351-fra-Eugen-Pavlek-350x233.jpg 350w, https:\/\/viktimologija.com.hr\/wp\/wp-content\/uploads\/2022\/12\/1-2-DSC_8351-fra-Eugen-Pavlek-480x320.jpg 480w, https:\/\/viktimologija.com.hr\/wp\/wp-content\/uploads\/2022\/12\/1-2-DSC_8351-fra-Eugen-Pavlek-272x182.jpg 272w, https:\/\/viktimologija.com.hr\/wp\/wp-content\/uploads\/2022\/12\/1-2-DSC_8351-fra-Eugen-Pavlek.jpg 1320w\" sizes=\"auto, (max-width: 600px) 100vw, 600px\" \/><\/a><figcaption id=\"caption-attachment-11785\" class=\"wp-caption-text\">fra Eugen Pavlek s hodo\u010dasnicima<\/figcaption><\/figure>\n<figure id=\"attachment_11786\" aria-describedby=\"caption-attachment-11786\" style=\"width: 600px\" class=\"wp-caption aligncenter\"><a href=\"https:\/\/viktimologija.com.hr\/wp\/wp-content\/uploads\/2022\/12\/1-2-DSC_8357-odlazak-iz-Rijeke.jpg\"><img loading=\"lazy\" decoding=\"async\" class=\"wp-image-11786\" src=\"https:\/\/viktimologija.com.hr\/wp\/wp-content\/uploads\/2022\/12\/1-2-DSC_8357-odlazak-iz-Rijeke-1024x683.jpg\" alt=\"\" width=\"600\" height=\"400\" srcset=\"https:\/\/viktimologija.com.hr\/wp\/wp-content\/uploads\/2022\/12\/1-2-DSC_8357-odlazak-iz-Rijeke-1024x683.jpg 1024w, https:\/\/viktimologija.com.hr\/wp\/wp-content\/uploads\/2022\/12\/1-2-DSC_8357-odlazak-iz-Rijeke-300x200.jpg 300w, https:\/\/viktimologija.com.hr\/wp\/wp-content\/uploads\/2022\/12\/1-2-DSC_8357-odlazak-iz-Rijeke-768x512.jpg 768w, https:\/\/viktimologija.com.hr\/wp\/wp-content\/uploads\/2022\/12\/1-2-DSC_8357-odlazak-iz-Rijeke-830x553.jpg 830w, https:\/\/viktimologija.com.hr\/wp\/wp-content\/uploads\/2022\/12\/1-2-DSC_8357-odlazak-iz-Rijeke-230x153.jpg 230w, https:\/\/viktimologija.com.hr\/wp\/wp-content\/uploads\/2022\/12\/1-2-DSC_8357-odlazak-iz-Rijeke-350x233.jpg 350w, https:\/\/viktimologija.com.hr\/wp\/wp-content\/uploads\/2022\/12\/1-2-DSC_8357-odlazak-iz-Rijeke-480x320.jpg 480w, https:\/\/viktimologija.com.hr\/wp\/wp-content\/uploads\/2022\/12\/1-2-DSC_8357-odlazak-iz-Rijeke-272x182.jpg 272w, https:\/\/viktimologija.com.hr\/wp\/wp-content\/uploads\/2022\/12\/1-2-DSC_8357-odlazak-iz-Rijeke.jpg 1320w\" sizes=\"auto, (max-width: 600px) 100vw, 600px\" \/><\/a><figcaption id=\"caption-attachment-11786\" class=\"wp-caption-text\">Odlazak iz Rijeke&#8230; ki\u0161a neumoljivo pada<\/figcaption><\/figure>\n<ol start=\"2\">\n<li><strong>Pazin \u2013 Pazinski kolegij \u2013 groblje Moj mir<\/strong><\/li>\n<\/ol>\n<p><a href=\"https:\/\/viktimologija.com.hr\/wp\/wp-content\/uploads\/2022\/12\/2-1-DSC_8363-Pazinski-kolegij-ravnatelj-prof-Ferlin.jpg\"><img loading=\"lazy\" decoding=\"async\" class=\"size-medium wp-image-11825 alignleft\" src=\"https:\/\/viktimologija.com.hr\/wp\/wp-content\/uploads\/2022\/12\/2-1-DSC_8363-Pazinski-kolegij-ravnatelj-prof-Ferlin-300x200.jpg\" alt=\"\" width=\"300\" height=\"200\" srcset=\"https:\/\/viktimologija.com.hr\/wp\/wp-content\/uploads\/2022\/12\/2-1-DSC_8363-Pazinski-kolegij-ravnatelj-prof-Ferlin-300x200.jpg 300w, https:\/\/viktimologija.com.hr\/wp\/wp-content\/uploads\/2022\/12\/2-1-DSC_8363-Pazinski-kolegij-ravnatelj-prof-Ferlin-1024x683.jpg 1024w, https:\/\/viktimologija.com.hr\/wp\/wp-content\/uploads\/2022\/12\/2-1-DSC_8363-Pazinski-kolegij-ravnatelj-prof-Ferlin-768x512.jpg 768w, https:\/\/viktimologija.com.hr\/wp\/wp-content\/uploads\/2022\/12\/2-1-DSC_8363-Pazinski-kolegij-ravnatelj-prof-Ferlin-830x553.jpg 830w, https:\/\/viktimologija.com.hr\/wp\/wp-content\/uploads\/2022\/12\/2-1-DSC_8363-Pazinski-kolegij-ravnatelj-prof-Ferlin-230x153.jpg 230w, https:\/\/viktimologija.com.hr\/wp\/wp-content\/uploads\/2022\/12\/2-1-DSC_8363-Pazinski-kolegij-ravnatelj-prof-Ferlin-350x233.jpg 350w, https:\/\/viktimologija.com.hr\/wp\/wp-content\/uploads\/2022\/12\/2-1-DSC_8363-Pazinski-kolegij-ravnatelj-prof-Ferlin-480x320.jpg 480w, https:\/\/viktimologija.com.hr\/wp\/wp-content\/uploads\/2022\/12\/2-1-DSC_8363-Pazinski-kolegij-ravnatelj-prof-Ferlin-272x182.jpg 272w, https:\/\/viktimologija.com.hr\/wp\/wp-content\/uploads\/2022\/12\/2-1-DSC_8363-Pazinski-kolegij-ravnatelj-prof-Ferlin.jpg 1260w\" sizes=\"auto, (max-width: 300px) 100vw, 300px\" \/><\/a><\/p>\n<p>Ne\u0161to prije podneva dolazimo u Pazin, parkiramo ispred zgrade Pazinski kolegij &#8211;\u00a0 primio nas ravnatelj prof Maksimilijan Ferlin. U petnaestominutnom izlaganju ravnatelja saznali smo puno o izgradnji i djelovanju Pazinskog kolegija, o graditeljima i \u201epreporoditeljima Istre. Tu su nam se pridru\u017eili Eugen Bratovi\u0107, Boris Mofardin, Zvonimir Bla\u017eevi\u0107, Gracijano Kert, Lili Ben\u010dik\u2026 U zavr\u0161nom dijelu pro\u0161li smo kroz zgradu izgra\u0111enu po\u010detkom XX. stolje\u0107a \u2013 zahvalili ravnatelju i u\u0161li u autobus.<\/p>\n<p>&nbsp;<\/p>\n<p>&nbsp;<\/p>\n<p><a href=\"https:\/\/viktimologija.com.hr\/wp\/wp-content\/uploads\/2022\/12\/2-2-DSC_8384-Pazin-groblje-MOj-mir.jpg\"><img loading=\"lazy\" decoding=\"async\" class=\"size-medium wp-image-11826 alignleft\" src=\"https:\/\/viktimologija.com.hr\/wp\/wp-content\/uploads\/2022\/12\/2-2-DSC_8384-Pazin-groblje-MOj-mir-300x200.jpg\" alt=\"\" width=\"300\" height=\"200\" srcset=\"https:\/\/viktimologija.com.hr\/wp\/wp-content\/uploads\/2022\/12\/2-2-DSC_8384-Pazin-groblje-MOj-mir-300x200.jpg 300w, https:\/\/viktimologija.com.hr\/wp\/wp-content\/uploads\/2022\/12\/2-2-DSC_8384-Pazin-groblje-MOj-mir-1024x683.jpg 1024w, https:\/\/viktimologija.com.hr\/wp\/wp-content\/uploads\/2022\/12\/2-2-DSC_8384-Pazin-groblje-MOj-mir-768x512.jpg 768w, https:\/\/viktimologija.com.hr\/wp\/wp-content\/uploads\/2022\/12\/2-2-DSC_8384-Pazin-groblje-MOj-mir-830x553.jpg 830w, https:\/\/viktimologija.com.hr\/wp\/wp-content\/uploads\/2022\/12\/2-2-DSC_8384-Pazin-groblje-MOj-mir-230x153.jpg 230w, https:\/\/viktimologija.com.hr\/wp\/wp-content\/uploads\/2022\/12\/2-2-DSC_8384-Pazin-groblje-MOj-mir-350x233.jpg 350w, https:\/\/viktimologija.com.hr\/wp\/wp-content\/uploads\/2022\/12\/2-2-DSC_8384-Pazin-groblje-MOj-mir-480x320.jpg 480w, https:\/\/viktimologija.com.hr\/wp\/wp-content\/uploads\/2022\/12\/2-2-DSC_8384-Pazin-groblje-MOj-mir-272x182.jpg 272w, https:\/\/viktimologija.com.hr\/wp\/wp-content\/uploads\/2022\/12\/2-2-DSC_8384-Pazin-groblje-MOj-mir.jpg 1260w\" sizes=\"auto, (max-width: 300px) 100vw, 300px\" \/><\/a> <a href=\"https:\/\/viktimologija.com.hr\/wp\/wp-content\/uploads\/2022\/12\/2-2-DSC_8389-Pazin-groblje-MOj-mir.jpg\"><img loading=\"lazy\" decoding=\"async\" class=\"size-medium wp-image-11827 alignleft\" src=\"https:\/\/viktimologija.com.hr\/wp\/wp-content\/uploads\/2022\/12\/2-2-DSC_8389-Pazin-groblje-MOj-mir-300x200.jpg\" alt=\"\" width=\"300\" height=\"200\" srcset=\"https:\/\/viktimologija.com.hr\/wp\/wp-content\/uploads\/2022\/12\/2-2-DSC_8389-Pazin-groblje-MOj-mir-300x200.jpg 300w, https:\/\/viktimologija.com.hr\/wp\/wp-content\/uploads\/2022\/12\/2-2-DSC_8389-Pazin-groblje-MOj-mir-1024x683.jpg 1024w, https:\/\/viktimologija.com.hr\/wp\/wp-content\/uploads\/2022\/12\/2-2-DSC_8389-Pazin-groblje-MOj-mir-768x512.jpg 768w, https:\/\/viktimologija.com.hr\/wp\/wp-content\/uploads\/2022\/12\/2-2-DSC_8389-Pazin-groblje-MOj-mir-830x553.jpg 830w, https:\/\/viktimologija.com.hr\/wp\/wp-content\/uploads\/2022\/12\/2-2-DSC_8389-Pazin-groblje-MOj-mir-230x153.jpg 230w, https:\/\/viktimologija.com.hr\/wp\/wp-content\/uploads\/2022\/12\/2-2-DSC_8389-Pazin-groblje-MOj-mir-350x233.jpg 350w, https:\/\/viktimologija.com.hr\/wp\/wp-content\/uploads\/2022\/12\/2-2-DSC_8389-Pazin-groblje-MOj-mir-480x320.jpg 480w, https:\/\/viktimologija.com.hr\/wp\/wp-content\/uploads\/2022\/12\/2-2-DSC_8389-Pazin-groblje-MOj-mir-272x182.jpg 272w, https:\/\/viktimologija.com.hr\/wp\/wp-content\/uploads\/2022\/12\/2-2-DSC_8389-Pazin-groblje-MOj-mir.jpg 1260w\" sizes=\"auto, (max-width: 300px) 100vw, 300px\" \/><\/a>Oko 13:00 sati stigli smo do pazinskog groblja Moj mir \u2013 polo\u017eili vijenac i zapalili svije\u0107e na grobovima mons. Bo\u017ee Milanovi\u0107 i vl\u010d. Antuna Heka, nakon \u010dega smo se uputili do restorana hotela Lovac. Odakle smo oko 14:30 putovanje nastavili prema jami Cerovica, koja je na predjelu naselja Ori\u0107 \u2013 Jurani u op\u0107ini Pi\u0107an. Na tom putu\u00a0 vodi\u010di nam bio Eugen Bratovi\u0107, a pridru\u017eili su nam se Gracijano, Boris &#8211; Zvonimir Bla\u017eevi\u0107 o Pazinskoj jami \u2013 film.)<\/p>\n<p>&nbsp;<\/p>\n<ol start=\"3\">\n<li><strong>Jama Cerovica \u2013 blagoslov spomen kri\u017ea &#8211; komemoracija \u017ertvama<\/strong><\/li>\n<\/ol>\n<p><a href=\"https:\/\/viktimologija.com.hr\/wp\/wp-content\/uploads\/2022\/12\/3-1-P2330558-jama-Cerovica-procesija.jpg\"><img loading=\"lazy\" decoding=\"async\" class=\"size-medium wp-image-11829 alignleft\" src=\"https:\/\/viktimologija.com.hr\/wp\/wp-content\/uploads\/2022\/12\/3-1-P2330558-jama-Cerovica-procesija-300x225.jpg\" alt=\"\" width=\"300\" height=\"225\" srcset=\"https:\/\/viktimologija.com.hr\/wp\/wp-content\/uploads\/2022\/12\/3-1-P2330558-jama-Cerovica-procesija-300x225.jpg 300w, https:\/\/viktimologija.com.hr\/wp\/wp-content\/uploads\/2022\/12\/3-1-P2330558-jama-Cerovica-procesija-1024x768.jpg 1024w, https:\/\/viktimologija.com.hr\/wp\/wp-content\/uploads\/2022\/12\/3-1-P2330558-jama-Cerovica-procesija-768x576.jpg 768w, https:\/\/viktimologija.com.hr\/wp\/wp-content\/uploads\/2022\/12\/3-1-P2330558-jama-Cerovica-procesija-830x623.jpg 830w, https:\/\/viktimologija.com.hr\/wp\/wp-content\/uploads\/2022\/12\/3-1-P2330558-jama-Cerovica-procesija-230x173.jpg 230w, https:\/\/viktimologija.com.hr\/wp\/wp-content\/uploads\/2022\/12\/3-1-P2330558-jama-Cerovica-procesija-350x263.jpg 350w, https:\/\/viktimologija.com.hr\/wp\/wp-content\/uploads\/2022\/12\/3-1-P2330558-jama-Cerovica-procesija-480x360.jpg 480w, https:\/\/viktimologija.com.hr\/wp\/wp-content\/uploads\/2022\/12\/3-1-P2330558-jama-Cerovica-procesija.jpg 1408w\" sizes=\"auto, (max-width: 300px) 100vw, 300px\" \/><\/a><a href=\"https:\/\/viktimologija.com.hr\/wp\/wp-content\/uploads\/2022\/12\/3-1-P2330567-jama-Cerovica.jpg\"><img loading=\"lazy\" decoding=\"async\" class=\"size-medium wp-image-11832 alignleft\" src=\"https:\/\/viktimologija.com.hr\/wp\/wp-content\/uploads\/2022\/12\/3-1-P2330567-jama-Cerovica-300x225.jpg\" alt=\"\" width=\"300\" height=\"225\" srcset=\"https:\/\/viktimologija.com.hr\/wp\/wp-content\/uploads\/2022\/12\/3-1-P2330567-jama-Cerovica-300x225.jpg 300w, https:\/\/viktimologija.com.hr\/wp\/wp-content\/uploads\/2022\/12\/3-1-P2330567-jama-Cerovica-1024x768.jpg 1024w, https:\/\/viktimologija.com.hr\/wp\/wp-content\/uploads\/2022\/12\/3-1-P2330567-jama-Cerovica-768x576.jpg 768w, https:\/\/viktimologija.com.hr\/wp\/wp-content\/uploads\/2022\/12\/3-1-P2330567-jama-Cerovica-830x622.jpg 830w, https:\/\/viktimologija.com.hr\/wp\/wp-content\/uploads\/2022\/12\/3-1-P2330567-jama-Cerovica-230x172.jpg 230w, https:\/\/viktimologija.com.hr\/wp\/wp-content\/uploads\/2022\/12\/3-1-P2330567-jama-Cerovica-350x262.jpg 350w, https:\/\/viktimologija.com.hr\/wp\/wp-content\/uploads\/2022\/12\/3-1-P2330567-jama-Cerovica-480x360.jpg 480w, https:\/\/viktimologija.com.hr\/wp\/wp-content\/uploads\/2022\/12\/3-1-P2330567-jama-Cerovica.jpg 1127w\" sizes=\"auto, (max-width: 300px) 100vw, 300px\" \/><\/a><\/p>\n<p><a href=\"https:\/\/viktimologija.com.hr\/wp\/wp-content\/uploads\/2022\/12\/3-1-P2330572-jama-Cerovica.jpg\"><img loading=\"lazy\" decoding=\"async\" class=\"size-medium wp-image-11833 alignleft\" src=\"https:\/\/viktimologija.com.hr\/wp\/wp-content\/uploads\/2022\/12\/3-1-P2330572-jama-Cerovica-300x225.jpg\" alt=\"\" width=\"300\" height=\"225\" srcset=\"https:\/\/viktimologija.com.hr\/wp\/wp-content\/uploads\/2022\/12\/3-1-P2330572-jama-Cerovica-300x225.jpg 300w, https:\/\/viktimologija.com.hr\/wp\/wp-content\/uploads\/2022\/12\/3-1-P2330572-jama-Cerovica-1024x768.jpg 1024w, https:\/\/viktimologija.com.hr\/wp\/wp-content\/uploads\/2022\/12\/3-1-P2330572-jama-Cerovica-768x576.jpg 768w, https:\/\/viktimologija.com.hr\/wp\/wp-content\/uploads\/2022\/12\/3-1-P2330572-jama-Cerovica-830x622.jpg 830w, https:\/\/viktimologija.com.hr\/wp\/wp-content\/uploads\/2022\/12\/3-1-P2330572-jama-Cerovica-230x172.jpg 230w, https:\/\/viktimologija.com.hr\/wp\/wp-content\/uploads\/2022\/12\/3-1-P2330572-jama-Cerovica-350x262.jpg 350w, https:\/\/viktimologija.com.hr\/wp\/wp-content\/uploads\/2022\/12\/3-1-P2330572-jama-Cerovica-480x360.jpg 480w, https:\/\/viktimologija.com.hr\/wp\/wp-content\/uploads\/2022\/12\/3-1-P2330572-jama-Cerovica.jpg 1127w\" sizes=\"auto, (max-width: 300px) 100vw, 300px\" \/><\/a><\/p>\n<p>&nbsp;<\/p>\n<p>&nbsp;<\/p>\n<p>&nbsp;<\/p>\n<p>&nbsp;<\/p>\n<p>&nbsp;<\/p>\n<p>&nbsp;<\/p>\n<p>&nbsp;<\/p>\n<p><a href=\"https:\/\/viktimologija.com.hr\/wp\/wp-content\/uploads\/2022\/12\/3-1-P2330584-jama-Cerovica-Josip-Klaric-iz-Gracisca.jpg\"><img loading=\"lazy\" decoding=\"async\" class=\"size-medium wp-image-11835 alignleft\" src=\"https:\/\/viktimologija.com.hr\/wp\/wp-content\/uploads\/2022\/12\/3-1-P2330584-jama-Cerovica-Josip-Klaric-iz-Gracisca-300x225.jpg\" alt=\"\" width=\"300\" height=\"225\" srcset=\"https:\/\/viktimologija.com.hr\/wp\/wp-content\/uploads\/2022\/12\/3-1-P2330584-jama-Cerovica-Josip-Klaric-iz-Gracisca-300x225.jpg 300w, https:\/\/viktimologija.com.hr\/wp\/wp-content\/uploads\/2022\/12\/3-1-P2330584-jama-Cerovica-Josip-Klaric-iz-Gracisca-1024x768.jpg 1024w, https:\/\/viktimologija.com.hr\/wp\/wp-content\/uploads\/2022\/12\/3-1-P2330584-jama-Cerovica-Josip-Klaric-iz-Gracisca-768x576.jpg 768w, https:\/\/viktimologija.com.hr\/wp\/wp-content\/uploads\/2022\/12\/3-1-P2330584-jama-Cerovica-Josip-Klaric-iz-Gracisca-830x622.jpg 830w, https:\/\/viktimologija.com.hr\/wp\/wp-content\/uploads\/2022\/12\/3-1-P2330584-jama-Cerovica-Josip-Klaric-iz-Gracisca-230x172.jpg 230w, https:\/\/viktimologija.com.hr\/wp\/wp-content\/uploads\/2022\/12\/3-1-P2330584-jama-Cerovica-Josip-Klaric-iz-Gracisca-350x262.jpg 350w, https:\/\/viktimologija.com.hr\/wp\/wp-content\/uploads\/2022\/12\/3-1-P2330584-jama-Cerovica-Josip-Klaric-iz-Gracisca-480x360.jpg 480w, https:\/\/viktimologija.com.hr\/wp\/wp-content\/uploads\/2022\/12\/3-1-P2330584-jama-Cerovica-Josip-Klaric-iz-Gracisca.jpg 1127w\" sizes=\"auto, (max-width: 300px) 100vw, 300px\" \/><\/a> <a href=\"https:\/\/viktimologija.com.hr\/wp\/wp-content\/uploads\/2022\/12\/3-1-P2330601-jama-Cerovica-vlc-Antun-Krelovic-biskup-mons-Ivan-Milovan.jpg\"><img loading=\"lazy\" decoding=\"async\" class=\"size-medium wp-image-11837 alignleft\" src=\"https:\/\/viktimologija.com.hr\/wp\/wp-content\/uploads\/2022\/12\/3-1-P2330601-jama-Cerovica-vlc-Antun-Krelovic-biskup-mons-Ivan-Milovan-300x225.jpg\" alt=\"\" width=\"300\" height=\"225\" srcset=\"https:\/\/viktimologija.com.hr\/wp\/wp-content\/uploads\/2022\/12\/3-1-P2330601-jama-Cerovica-vlc-Antun-Krelovic-biskup-mons-Ivan-Milovan-300x225.jpg 300w, https:\/\/viktimologija.com.hr\/wp\/wp-content\/uploads\/2022\/12\/3-1-P2330601-jama-Cerovica-vlc-Antun-Krelovic-biskup-mons-Ivan-Milovan-1024x768.jpg 1024w, https:\/\/viktimologija.com.hr\/wp\/wp-content\/uploads\/2022\/12\/3-1-P2330601-jama-Cerovica-vlc-Antun-Krelovic-biskup-mons-Ivan-Milovan-768x576.jpg 768w, https:\/\/viktimologija.com.hr\/wp\/wp-content\/uploads\/2022\/12\/3-1-P2330601-jama-Cerovica-vlc-Antun-Krelovic-biskup-mons-Ivan-Milovan-830x622.jpg 830w, https:\/\/viktimologija.com.hr\/wp\/wp-content\/uploads\/2022\/12\/3-1-P2330601-jama-Cerovica-vlc-Antun-Krelovic-biskup-mons-Ivan-Milovan-230x172.jpg 230w, https:\/\/viktimologija.com.hr\/wp\/wp-content\/uploads\/2022\/12\/3-1-P2330601-jama-Cerovica-vlc-Antun-Krelovic-biskup-mons-Ivan-Milovan-350x262.jpg 350w, https:\/\/viktimologija.com.hr\/wp\/wp-content\/uploads\/2022\/12\/3-1-P2330601-jama-Cerovica-vlc-Antun-Krelovic-biskup-mons-Ivan-Milovan-480x360.jpg 480w, https:\/\/viktimologija.com.hr\/wp\/wp-content\/uploads\/2022\/12\/3-1-P2330601-jama-Cerovica-vlc-Antun-Krelovic-biskup-mons-Ivan-Milovan.jpg 1127w\" sizes=\"auto, (max-width: 300px) 100vw, 300px\" \/><\/a> <a href=\"https:\/\/viktimologija.com.hr\/wp\/wp-content\/uploads\/2022\/12\/3-1-P2330596-jama-Cerovica-biskup-mons-Ivan-Milovan.jpg\"><img loading=\"lazy\" decoding=\"async\" class=\"size-medium wp-image-11836 alignleft\" src=\"https:\/\/viktimologija.com.hr\/wp\/wp-content\/uploads\/2022\/12\/3-1-P2330596-jama-Cerovica-biskup-mons-Ivan-Milovan-300x225.jpg\" alt=\"\" width=\"300\" height=\"225\" srcset=\"https:\/\/viktimologija.com.hr\/wp\/wp-content\/uploads\/2022\/12\/3-1-P2330596-jama-Cerovica-biskup-mons-Ivan-Milovan-300x225.jpg 300w, https:\/\/viktimologija.com.hr\/wp\/wp-content\/uploads\/2022\/12\/3-1-P2330596-jama-Cerovica-biskup-mons-Ivan-Milovan-768x576.jpg 768w, https:\/\/viktimologija.com.hr\/wp\/wp-content\/uploads\/2022\/12\/3-1-P2330596-jama-Cerovica-biskup-mons-Ivan-Milovan-830x622.jpg 830w, https:\/\/viktimologija.com.hr\/wp\/wp-content\/uploads\/2022\/12\/3-1-P2330596-jama-Cerovica-biskup-mons-Ivan-Milovan-230x172.jpg 230w, https:\/\/viktimologija.com.hr\/wp\/wp-content\/uploads\/2022\/12\/3-1-P2330596-jama-Cerovica-biskup-mons-Ivan-Milovan-350x262.jpg 350w, https:\/\/viktimologija.com.hr\/wp\/wp-content\/uploads\/2022\/12\/3-1-P2330596-jama-Cerovica-biskup-mons-Ivan-Milovan-480x360.jpg 480w, https:\/\/viktimologija.com.hr\/wp\/wp-content\/uploads\/2022\/12\/3-1-P2330596-jama-Cerovica-biskup-mons-Ivan-Milovan.jpg 902w\" sizes=\"auto, (max-width: 300px) 100vw, 300px\" \/><\/a><\/p>\n<p>&nbsp;<\/p>\n<p>&nbsp;<\/p>\n<p>&nbsp;<\/p>\n<p>&nbsp;<\/p>\n<p>&nbsp;<\/p>\n<p>&nbsp;<\/p>\n<p>&nbsp;<\/p>\n<p>14:55 \u2013 na cesti u blizini jame Cerovica gdje se autobus mogao skloniti s ceste parkiralo se &#8211; Po\u0161to oko jame Cerovica nema ba\u0161 previ\u0161e prostora a ki\u0161a neumorno lije dogovaramo sa zborom da mla\u0111i ostanu u busu\u2026 Nas petnaestak silazimo. Formira se procesija\u2026 \u00a0Kri\u017e koji smo pripremili za \u017ertve jame Cerovica na po\u010detku nosi Josip Premu\u017e, vijenac Josip Ko\u010det, \u2026svije\u0107e ostali. Priklju\u010duje nam se i nekoliko vjernika \u017eupe, biskup mons. Ivan Milovan, vl\u010d. Antun Kurelovi\u0107 \u017eupnik iz Pi\u0107na, Anton Celi\u0107, \u010dlan Dru\u0161tva iz obli\u017enje \u017eupe Krbne. Po dolasku do predjela jame iznad grotla postavljamo spomen kri\u017e na kojem pi\u0161e: <strong>U spomen na \u017ertve Drugog svjetskog rata i poslijeratnog razdoblja<\/strong>, a potom u sredini <strong>Jama Cerovica<\/strong>, te ispod toga koordinate jame, i na dnu u dva reda. U gornjem redu <strong>Povodom Me\u0111unarodnog dana ljudskih prava 10. prosinca 2022. godine<\/strong> i na dnu <strong>Dru\u0161tvo za obilje\u017eavanje grobi\u0161ta ratnih i poratnih \u017ertava<\/strong>.<\/p>\n<p><a href=\"https:\/\/viktimologija.com.hr\/wp\/wp-content\/uploads\/2022\/12\/3-1-P2330631-jama-Cerovica-Pican-suidonici-komemoracije-FT.jpg\"><img loading=\"lazy\" decoding=\"async\" class=\"aligncenter wp-image-11845 size-large\" src=\"https:\/\/viktimologija.com.hr\/wp\/wp-content\/uploads\/2022\/12\/3-1-P2330631-jama-Cerovica-Pican-suidonici-komemoracije-FT-1024x401.jpg\" alt=\"\" width=\"1024\" height=\"401\" srcset=\"https:\/\/viktimologija.com.hr\/wp\/wp-content\/uploads\/2022\/12\/3-1-P2330631-jama-Cerovica-Pican-suidonici-komemoracije-FT-1024x401.jpg 1024w, https:\/\/viktimologija.com.hr\/wp\/wp-content\/uploads\/2022\/12\/3-1-P2330631-jama-Cerovica-Pican-suidonici-komemoracije-FT-300x118.jpg 300w, https:\/\/viktimologija.com.hr\/wp\/wp-content\/uploads\/2022\/12\/3-1-P2330631-jama-Cerovica-Pican-suidonici-komemoracije-FT-768x301.jpg 768w, https:\/\/viktimologija.com.hr\/wp\/wp-content\/uploads\/2022\/12\/3-1-P2330631-jama-Cerovica-Pican-suidonici-komemoracije-FT-830x325.jpg 830w, https:\/\/viktimologija.com.hr\/wp\/wp-content\/uploads\/2022\/12\/3-1-P2330631-jama-Cerovica-Pican-suidonici-komemoracije-FT-230x90.jpg 230w, https:\/\/viktimologija.com.hr\/wp\/wp-content\/uploads\/2022\/12\/3-1-P2330631-jama-Cerovica-Pican-suidonici-komemoracije-FT-350x137.jpg 350w, https:\/\/viktimologija.com.hr\/wp\/wp-content\/uploads\/2022\/12\/3-1-P2330631-jama-Cerovica-Pican-suidonici-komemoracije-FT-480x188.jpg 480w, https:\/\/viktimologija.com.hr\/wp\/wp-content\/uploads\/2022\/12\/3-1-P2330631-jama-Cerovica-Pican-suidonici-komemoracije-FT.jpg 1408w\" sizes=\"auto, (max-width: 1024px) 100vw, 1024px\" \/><\/a><\/p>\n<p>Na po\u010detku komemoracije uvodna rije\u010d dao je vl\u010d. Antun Kurelovi\u0107, a potom je uslijedilo polaganje vijenaca i paljenje svije\u0107a&#8230; , pozdravio Franjo Talan, istaknuo dijelove teksta iz promemorije MHB-a i pro\u010ditao \u201esa\u017eetak\u201c o \u017ertvama jame Cerovica: <em>Danima su se znali \u010duti jauci, krikovi i pozivi u pomo\u0107 iz te jame onih mra\u010dnih godina iza 1945., ali nitko se nije smio pribli\u017eiti. Sve raslinje oko jame bivalo je polegnuto, pokidano, slomljeno, trava uga\u017eena od mno\u0161tva ljudskih nogu. Krikovi, jauci i posljednji hroptaji odavno su svr\u0161ili. Sada tu vlada ti\u0161ina \u2013<\/em><\/p>\n<p>U nastavku prigodnom pjesmom predstavio se Josip Klari\u0107 iz Gra\u010di\u0161\u0107a.<\/p>\n<p>Molitvu predvodi biskup Ivan Milovan, a koji je nad grotlom jame Cerovica rekao: <em>Po\u0161tovani svi okupljeni, do\u0161li smo danas na ovo mjesto stradanja velikog broja ljudi u II. svjetskom ratu. Ovaj na\u0161 dolazak \u010din je plemenitosti i po\u0161tovanja prema stradalima, kojima je ovdje na najnehumaniji na\u010din bilo oduzeto ljudsko dostojanstvo i sam \u017eivot. Mi im ovim dana\u0161njim \u010dinom spomena i molitve na neki na\u010din vra\u0107amo oduzeto dostojanstvo.<\/em><\/p>\n<p><em>Zlo\u010dinu koji se je ovdje dogodio i stradanjima mi pristupamo \u010di\u0161\u0107enjem pam\u0107enja i molitvom \u2014 sve u duhu sv. pape Ivana Pavla II. Postoji kr\u0161\u0107anska kultura pam\u0107enja i spomena, a to zna\u010di usredoto\u010diti se ne na zlo i zlo\u010dince nego na \u017ertvu i njezinu veli\u010dinu. Njegovanje te kr\u0161\u0107anske kulture spomena povezano je s molitvom za \u017ertve, pa i molitvom za one koji su im nanijeli zlo. \u2014 Hvala vam svima, bra\u0107o i sestre, na sudjelovanju u ovom \u010dinu pam\u0107enja i molitve. <\/em><\/p>\n<p><em>Isus Krist, Sin Bo\u017eji, Spasitelj \u010dovje\u010danstva, i sam se suo\u010dio sa silom zla. Putem potpune predanosti Ocu do u smrt, on nas je oslobodio zarobljenosti zlom, te vi\u0161e ni jedna ljudska zlo\u0107a nema zadnju rije\u010d. Vjerujemo Bo\u017ejoj pravdi i ljubavi, ostvarenoj u Isusu Kristu na kri\u017eu, te poput pravednika iz Biblije, zlo i zlo\u010dince predajemo njezinu sudu. Mi se usredoto\u010dujemo na \u017ertve, gledamo ih \u017eivima u Bo\u017ejem zagrljaju, i s piscem Knjige mudrosti ispovijedamo: \u201e Du\u0161e su pravednika u ruci Bo\u017ejoj i njih se ne doti\u010de muka nikakva. O\u010dima se bezbo\u017eni\u010dkim \u010dini da oni umiru i njihov odlazak s ovog svijeta kao nesre\u0107a, ali oni su u miru.&#8221; <\/em><\/p>\n<p><em>Neka im svima Bog udijeli puninu \u017eivota, koju nam je priskrbio u Isusovoj smrti i uskrsnu\u0107u, a nama neka podari prave osje\u0107aje i raspolo\u017eenje srca, kojim \u0107emo ih se sje\u0107ati i u molitvi biti s njima povezani. U tome je, znamo, ljepota kr\u0161\u0107anske kulture spomena.<\/em><\/p>\n<p><strong>\u2013 Pi\u0107an &#8211; Crkva Bla\u017eene Djevice Marije \u2013 Predbo\u017ei\u0107ni koncert <\/strong><\/p>\n<p>Nakon molitve uputili smo se natrag do autobusa, a potom smo krenuli prema naselju Pi\u0107an kamo smo stigli ne\u0161to prije 16 sati. Kako je sa doma\u0107im zborom Umole i vl\u010d. Antunom Kurelovi\u0107em dogovoreno odr\u017eavanje \u201ePredbo\u017ei\u0107nog koncerta\u201c \u010dlanice zbora Stellarium iz Cestice ostaju u autobusu zbog presvla\u010denja, a mi ostali izlazimo iz autobusa i odlazimo u vjeronau\u010dnu dvoranu, u 16:15 sati gdje nam upravitelj \u017eupe Pi\u0107an, vl\u010d. Antun Kurelovi\u0107, govorio o \u017eupi i crkvi\u2026<\/p>\n<p><a href=\"https:\/\/viktimologija.com.hr\/wp\/wp-content\/uploads\/2022\/12\/3-2-DSC_8400-Pican-zbor-Stellarium.jpg\"><img loading=\"lazy\" decoding=\"async\" class=\"aligncenter wp-image-11849\" src=\"https:\/\/viktimologija.com.hr\/wp\/wp-content\/uploads\/2022\/12\/3-2-DSC_8400-Pican-zbor-Stellarium-1024x683.jpg\" alt=\"\" width=\"600\" height=\"400\" srcset=\"https:\/\/viktimologija.com.hr\/wp\/wp-content\/uploads\/2022\/12\/3-2-DSC_8400-Pican-zbor-Stellarium-1024x683.jpg 1024w, https:\/\/viktimologija.com.hr\/wp\/wp-content\/uploads\/2022\/12\/3-2-DSC_8400-Pican-zbor-Stellarium-300x200.jpg 300w, https:\/\/viktimologija.com.hr\/wp\/wp-content\/uploads\/2022\/12\/3-2-DSC_8400-Pican-zbor-Stellarium-768x512.jpg 768w, https:\/\/viktimologija.com.hr\/wp\/wp-content\/uploads\/2022\/12\/3-2-DSC_8400-Pican-zbor-Stellarium-830x553.jpg 830w, https:\/\/viktimologija.com.hr\/wp\/wp-content\/uploads\/2022\/12\/3-2-DSC_8400-Pican-zbor-Stellarium-230x153.jpg 230w, https:\/\/viktimologija.com.hr\/wp\/wp-content\/uploads\/2022\/12\/3-2-DSC_8400-Pican-zbor-Stellarium-350x233.jpg 350w, https:\/\/viktimologija.com.hr\/wp\/wp-content\/uploads\/2022\/12\/3-2-DSC_8400-Pican-zbor-Stellarium-480x320.jpg 480w, https:\/\/viktimologija.com.hr\/wp\/wp-content\/uploads\/2022\/12\/3-2-DSC_8400-Pican-zbor-Stellarium-272x182.jpg 272w, https:\/\/viktimologija.com.hr\/wp\/wp-content\/uploads\/2022\/12\/3-2-DSC_8400-Pican-zbor-Stellarium.jpg 1320w\" sizes=\"auto, (max-width: 600px) 100vw, 600px\" \/><\/a><\/p>\n<p>u 16:50 \u2013 odlazak iz \u017eupne dvorane u crkvu gdje ve\u0107 \u010deka, uz zborove i \u010detrdesetak vjernika \u2026 razgledamo crkvu u o\u010dekivanju koncerta.<\/p>\n<p><a href=\"https:\/\/viktimologija.com.hr\/wp\/wp-content\/uploads\/2022\/12\/3-2-DSC_8408-Pican-voditeljica-Umole-Jadranka-Celic-Bernaz.jpg\"><img loading=\"lazy\" decoding=\"async\" class=\"size-medium wp-image-11850 alignleft\" src=\"https:\/\/viktimologija.com.hr\/wp\/wp-content\/uploads\/2022\/12\/3-2-DSC_8408-Pican-voditeljica-Umole-Jadranka-Celic-Bernaz-300x200.jpg\" alt=\"\" width=\"300\" height=\"200\" srcset=\"https:\/\/viktimologija.com.hr\/wp\/wp-content\/uploads\/2022\/12\/3-2-DSC_8408-Pican-voditeljica-Umole-Jadranka-Celic-Bernaz-300x200.jpg 300w, https:\/\/viktimologija.com.hr\/wp\/wp-content\/uploads\/2022\/12\/3-2-DSC_8408-Pican-voditeljica-Umole-Jadranka-Celic-Bernaz-1024x683.jpg 1024w, https:\/\/viktimologija.com.hr\/wp\/wp-content\/uploads\/2022\/12\/3-2-DSC_8408-Pican-voditeljica-Umole-Jadranka-Celic-Bernaz-768x512.jpg 768w, https:\/\/viktimologija.com.hr\/wp\/wp-content\/uploads\/2022\/12\/3-2-DSC_8408-Pican-voditeljica-Umole-Jadranka-Celic-Bernaz-830x553.jpg 830w, https:\/\/viktimologija.com.hr\/wp\/wp-content\/uploads\/2022\/12\/3-2-DSC_8408-Pican-voditeljica-Umole-Jadranka-Celic-Bernaz-230x153.jpg 230w, https:\/\/viktimologija.com.hr\/wp\/wp-content\/uploads\/2022\/12\/3-2-DSC_8408-Pican-voditeljica-Umole-Jadranka-Celic-Bernaz-350x233.jpg 350w, https:\/\/viktimologija.com.hr\/wp\/wp-content\/uploads\/2022\/12\/3-2-DSC_8408-Pican-voditeljica-Umole-Jadranka-Celic-Bernaz-480x320.jpg 480w, https:\/\/viktimologija.com.hr\/wp\/wp-content\/uploads\/2022\/12\/3-2-DSC_8408-Pican-voditeljica-Umole-Jadranka-Celic-Bernaz-272x182.jpg 272w, https:\/\/viktimologija.com.hr\/wp\/wp-content\/uploads\/2022\/12\/3-2-DSC_8408-Pican-voditeljica-Umole-Jadranka-Celic-Bernaz.jpg 1260w\" sizes=\"auto, (max-width: 300px) 100vw, 300px\" \/><\/a> <a href=\"https:\/\/viktimologija.com.hr\/wp\/wp-content\/uploads\/2022\/12\/3-2-DSC_8414-Pican-vlc-Antun-Kurelovic.jpg\"><img loading=\"lazy\" decoding=\"async\" class=\"size-medium wp-image-11851 alignleft\" src=\"https:\/\/viktimologija.com.hr\/wp\/wp-content\/uploads\/2022\/12\/3-2-DSC_8414-Pican-vlc-Antun-Kurelovic-300x200.jpg\" alt=\"\" width=\"300\" height=\"200\" srcset=\"https:\/\/viktimologija.com.hr\/wp\/wp-content\/uploads\/2022\/12\/3-2-DSC_8414-Pican-vlc-Antun-Kurelovic-300x200.jpg 300w, https:\/\/viktimologija.com.hr\/wp\/wp-content\/uploads\/2022\/12\/3-2-DSC_8414-Pican-vlc-Antun-Kurelovic-1024x683.jpg 1024w, https:\/\/viktimologija.com.hr\/wp\/wp-content\/uploads\/2022\/12\/3-2-DSC_8414-Pican-vlc-Antun-Kurelovic-768x512.jpg 768w, https:\/\/viktimologija.com.hr\/wp\/wp-content\/uploads\/2022\/12\/3-2-DSC_8414-Pican-vlc-Antun-Kurelovic-830x553.jpg 830w, https:\/\/viktimologija.com.hr\/wp\/wp-content\/uploads\/2022\/12\/3-2-DSC_8414-Pican-vlc-Antun-Kurelovic-230x153.jpg 230w, https:\/\/viktimologija.com.hr\/wp\/wp-content\/uploads\/2022\/12\/3-2-DSC_8414-Pican-vlc-Antun-Kurelovic-350x233.jpg 350w, https:\/\/viktimologija.com.hr\/wp\/wp-content\/uploads\/2022\/12\/3-2-DSC_8414-Pican-vlc-Antun-Kurelovic-480x320.jpg 480w, https:\/\/viktimologija.com.hr\/wp\/wp-content\/uploads\/2022\/12\/3-2-DSC_8414-Pican-vlc-Antun-Kurelovic-272x182.jpg 272w, https:\/\/viktimologija.com.hr\/wp\/wp-content\/uploads\/2022\/12\/3-2-DSC_8414-Pican-vlc-Antun-Kurelovic.jpg 1260w\" sizes=\"auto, (max-width: 300px) 100vw, 300px\" \/><\/a> <a href=\"https:\/\/viktimologija.com.hr\/wp\/wp-content\/uploads\/2022\/12\/3-2-DSC_8417-Pican-zbor-Umole.jpg\"><img loading=\"lazy\" decoding=\"async\" class=\"size-medium wp-image-11852 alignleft\" src=\"https:\/\/viktimologija.com.hr\/wp\/wp-content\/uploads\/2022\/12\/3-2-DSC_8417-Pican-zbor-Umole-300x200.jpg\" alt=\"\" width=\"300\" height=\"200\" srcset=\"https:\/\/viktimologija.com.hr\/wp\/wp-content\/uploads\/2022\/12\/3-2-DSC_8417-Pican-zbor-Umole-300x200.jpg 300w, https:\/\/viktimologija.com.hr\/wp\/wp-content\/uploads\/2022\/12\/3-2-DSC_8417-Pican-zbor-Umole-1024x683.jpg 1024w, https:\/\/viktimologija.com.hr\/wp\/wp-content\/uploads\/2022\/12\/3-2-DSC_8417-Pican-zbor-Umole-768x512.jpg 768w, https:\/\/viktimologija.com.hr\/wp\/wp-content\/uploads\/2022\/12\/3-2-DSC_8417-Pican-zbor-Umole-830x553.jpg 830w, https:\/\/viktimologija.com.hr\/wp\/wp-content\/uploads\/2022\/12\/3-2-DSC_8417-Pican-zbor-Umole-230x153.jpg 230w, https:\/\/viktimologija.com.hr\/wp\/wp-content\/uploads\/2022\/12\/3-2-DSC_8417-Pican-zbor-Umole-350x233.jpg 350w, https:\/\/viktimologija.com.hr\/wp\/wp-content\/uploads\/2022\/12\/3-2-DSC_8417-Pican-zbor-Umole-480x320.jpg 480w, https:\/\/viktimologija.com.hr\/wp\/wp-content\/uploads\/2022\/12\/3-2-DSC_8417-Pican-zbor-Umole-272x182.jpg 272w, https:\/\/viktimologija.com.hr\/wp\/wp-content\/uploads\/2022\/12\/3-2-DSC_8417-Pican-zbor-Umole.jpg 1260w\" sizes=\"auto, (max-width: 300px) 100vw, 300px\" \/><\/a><\/p>\n<p>&nbsp;<\/p>\n<p>&nbsp;<\/p>\n<p>&nbsp;<\/p>\n<p>&nbsp;<\/p>\n<p>&nbsp;<\/p>\n<p>&nbsp;<\/p>\n<p><a href=\"https:\/\/viktimologija.com.hr\/wp\/wp-content\/uploads\/2022\/12\/3-2-DSC_8425-Pican-flauta-Ana-Lucia-Frankovic-i-Sara-Bernaz.jpg\"><img loading=\"lazy\" decoding=\"async\" class=\"size-medium wp-image-11853 alignleft\" src=\"https:\/\/viktimologija.com.hr\/wp\/wp-content\/uploads\/2022\/12\/3-2-DSC_8425-Pican-flauta-Ana-Lucia-Frankovic-i-Sara-Bernaz-300x200.jpg\" alt=\"\" width=\"300\" height=\"200\" srcset=\"https:\/\/viktimologija.com.hr\/wp\/wp-content\/uploads\/2022\/12\/3-2-DSC_8425-Pican-flauta-Ana-Lucia-Frankovic-i-Sara-Bernaz-300x200.jpg 300w, https:\/\/viktimologija.com.hr\/wp\/wp-content\/uploads\/2022\/12\/3-2-DSC_8425-Pican-flauta-Ana-Lucia-Frankovic-i-Sara-Bernaz-1024x683.jpg 1024w, https:\/\/viktimologija.com.hr\/wp\/wp-content\/uploads\/2022\/12\/3-2-DSC_8425-Pican-flauta-Ana-Lucia-Frankovic-i-Sara-Bernaz-768x512.jpg 768w, https:\/\/viktimologija.com.hr\/wp\/wp-content\/uploads\/2022\/12\/3-2-DSC_8425-Pican-flauta-Ana-Lucia-Frankovic-i-Sara-Bernaz-830x553.jpg 830w, https:\/\/viktimologija.com.hr\/wp\/wp-content\/uploads\/2022\/12\/3-2-DSC_8425-Pican-flauta-Ana-Lucia-Frankovic-i-Sara-Bernaz-230x153.jpg 230w, https:\/\/viktimologija.com.hr\/wp\/wp-content\/uploads\/2022\/12\/3-2-DSC_8425-Pican-flauta-Ana-Lucia-Frankovic-i-Sara-Bernaz-350x233.jpg 350w, https:\/\/viktimologija.com.hr\/wp\/wp-content\/uploads\/2022\/12\/3-2-DSC_8425-Pican-flauta-Ana-Lucia-Frankovic-i-Sara-Bernaz-480x320.jpg 480w, https:\/\/viktimologija.com.hr\/wp\/wp-content\/uploads\/2022\/12\/3-2-DSC_8425-Pican-flauta-Ana-Lucia-Frankovic-i-Sara-Bernaz-272x182.jpg 272w, https:\/\/viktimologija.com.hr\/wp\/wp-content\/uploads\/2022\/12\/3-2-DSC_8425-Pican-flauta-Ana-Lucia-Frankovic-i-Sara-Bernaz.jpg 1260w\" sizes=\"auto, (max-width: 300px) 100vw, 300px\" \/><\/a> <a href=\"https:\/\/viktimologija.com.hr\/wp\/wp-content\/uploads\/2022\/12\/3-2-DSC_8444-Pican-voditeljice-Gordana-Kos-Kolar-i-Jadranka-Celic-Bernaz-i-Lea-Milec-predsjednica-KUD-a-Cestica.jpg\"><img loading=\"lazy\" decoding=\"async\" class=\"size-medium wp-image-11855 alignleft\" src=\"https:\/\/viktimologija.com.hr\/wp\/wp-content\/uploads\/2022\/12\/3-2-DSC_8444-Pican-voditeljice-Gordana-Kos-Kolar-i-Jadranka-Celic-Bernaz-i-Lea-Milec-predsjednica-KUD-a-Cestica-300x200.jpg\" alt=\"\" width=\"300\" height=\"200\" srcset=\"https:\/\/viktimologija.com.hr\/wp\/wp-content\/uploads\/2022\/12\/3-2-DSC_8444-Pican-voditeljice-Gordana-Kos-Kolar-i-Jadranka-Celic-Bernaz-i-Lea-Milec-predsjednica-KUD-a-Cestica-300x200.jpg 300w, https:\/\/viktimologija.com.hr\/wp\/wp-content\/uploads\/2022\/12\/3-2-DSC_8444-Pican-voditeljice-Gordana-Kos-Kolar-i-Jadranka-Celic-Bernaz-i-Lea-Milec-predsjednica-KUD-a-Cestica-1024x683.jpg 1024w, https:\/\/viktimologija.com.hr\/wp\/wp-content\/uploads\/2022\/12\/3-2-DSC_8444-Pican-voditeljice-Gordana-Kos-Kolar-i-Jadranka-Celic-Bernaz-i-Lea-Milec-predsjednica-KUD-a-Cestica-768x512.jpg 768w, https:\/\/viktimologija.com.hr\/wp\/wp-content\/uploads\/2022\/12\/3-2-DSC_8444-Pican-voditeljice-Gordana-Kos-Kolar-i-Jadranka-Celic-Bernaz-i-Lea-Milec-predsjednica-KUD-a-Cestica-830x553.jpg 830w, https:\/\/viktimologija.com.hr\/wp\/wp-content\/uploads\/2022\/12\/3-2-DSC_8444-Pican-voditeljice-Gordana-Kos-Kolar-i-Jadranka-Celic-Bernaz-i-Lea-Milec-predsjednica-KUD-a-Cestica-230x153.jpg 230w, https:\/\/viktimologija.com.hr\/wp\/wp-content\/uploads\/2022\/12\/3-2-DSC_8444-Pican-voditeljice-Gordana-Kos-Kolar-i-Jadranka-Celic-Bernaz-i-Lea-Milec-predsjednica-KUD-a-Cestica-350x233.jpg 350w, https:\/\/viktimologija.com.hr\/wp\/wp-content\/uploads\/2022\/12\/3-2-DSC_8444-Pican-voditeljice-Gordana-Kos-Kolar-i-Jadranka-Celic-Bernaz-i-Lea-Milec-predsjednica-KUD-a-Cestica-480x320.jpg 480w, https:\/\/viktimologija.com.hr\/wp\/wp-content\/uploads\/2022\/12\/3-2-DSC_8444-Pican-voditeljice-Gordana-Kos-Kolar-i-Jadranka-Celic-Bernaz-i-Lea-Milec-predsjednica-KUD-a-Cestica-272x182.jpg 272w, https:\/\/viktimologija.com.hr\/wp\/wp-content\/uploads\/2022\/12\/3-2-DSC_8444-Pican-voditeljice-Gordana-Kos-Kolar-i-Jadranka-Celic-Bernaz-i-Lea-Milec-predsjednica-KUD-a-Cestica.jpg 1260w\" sizes=\"auto, (max-width: 300px) 100vw, 300px\" \/><\/a> <a href=\"https:\/\/viktimologija.com.hr\/wp\/wp-content\/uploads\/2022\/12\/3-2-DSC_8440-Pican-voditeljice-Gordana-Kos-Kolar-i-Jadranka-Celic-Bernaz.jpg\"><img loading=\"lazy\" decoding=\"async\" class=\"size-medium wp-image-11854 alignleft\" src=\"https:\/\/viktimologija.com.hr\/wp\/wp-content\/uploads\/2022\/12\/3-2-DSC_8440-Pican-voditeljice-Gordana-Kos-Kolar-i-Jadranka-Celic-Bernaz-300x200.jpg\" alt=\"\" width=\"300\" height=\"200\" srcset=\"https:\/\/viktimologija.com.hr\/wp\/wp-content\/uploads\/2022\/12\/3-2-DSC_8440-Pican-voditeljice-Gordana-Kos-Kolar-i-Jadranka-Celic-Bernaz-300x200.jpg 300w, https:\/\/viktimologija.com.hr\/wp\/wp-content\/uploads\/2022\/12\/3-2-DSC_8440-Pican-voditeljice-Gordana-Kos-Kolar-i-Jadranka-Celic-Bernaz-1024x683.jpg 1024w, https:\/\/viktimologija.com.hr\/wp\/wp-content\/uploads\/2022\/12\/3-2-DSC_8440-Pican-voditeljice-Gordana-Kos-Kolar-i-Jadranka-Celic-Bernaz-768x512.jpg 768w, https:\/\/viktimologija.com.hr\/wp\/wp-content\/uploads\/2022\/12\/3-2-DSC_8440-Pican-voditeljice-Gordana-Kos-Kolar-i-Jadranka-Celic-Bernaz-830x553.jpg 830w, https:\/\/viktimologija.com.hr\/wp\/wp-content\/uploads\/2022\/12\/3-2-DSC_8440-Pican-voditeljice-Gordana-Kos-Kolar-i-Jadranka-Celic-Bernaz-230x153.jpg 230w, https:\/\/viktimologija.com.hr\/wp\/wp-content\/uploads\/2022\/12\/3-2-DSC_8440-Pican-voditeljice-Gordana-Kos-Kolar-i-Jadranka-Celic-Bernaz-350x233.jpg 350w, https:\/\/viktimologija.com.hr\/wp\/wp-content\/uploads\/2022\/12\/3-2-DSC_8440-Pican-voditeljice-Gordana-Kos-Kolar-i-Jadranka-Celic-Bernaz-480x320.jpg 480w, https:\/\/viktimologija.com.hr\/wp\/wp-content\/uploads\/2022\/12\/3-2-DSC_8440-Pican-voditeljice-Gordana-Kos-Kolar-i-Jadranka-Celic-Bernaz-272x182.jpg 272w, https:\/\/viktimologija.com.hr\/wp\/wp-content\/uploads\/2022\/12\/3-2-DSC_8440-Pican-voditeljice-Gordana-Kos-Kolar-i-Jadranka-Celic-Bernaz.jpg 1260w\" sizes=\"auto, (max-width: 300px) 100vw, 300px\" \/><\/a><\/p>\n<p>&nbsp;<\/p>\n<p>&nbsp;<\/p>\n<p>&nbsp;<\/p>\n<p>&nbsp;<\/p>\n<p>&nbsp;<\/p>\n<p>&nbsp;<\/p>\n<p>17:00 Crkva Bla\u017eene Djevice Marije .. Predbo\u017ei\u0107ni koncert\u2026 ( program dogovorile\u00a0 umjetni\u010dka voditeljica vokalne skupine Umole Jadranka Celi\u0107 Bernaz, mag. mus. i prof. Gordana Kos Kolar \u2013 zbor Stellarium Cestica, a nastupile i mlade flautistice Ana Lucia Frankovi\u0107 i Sara Bernaz)<\/p>\n<p>Uvodna rije\u010d vl\u010d. Antun Kurelovi\u0107 \u2026<\/p>\n<p>18:05 \u2013 zavr\u0161etak koncerta \u2026..na kraju zahvala voditeljice doma\u0107eg zbora \u2013 izmjena prigodnih poklona\u2026) &#8211; odlazak u \u017eupnu dvoranu gdje su vrijedni doma\u0107ini pripremili zakusku&#8230; Zahvala \u017eupniku, zboru Umole i odlazak do autobusa i put prema Puli kamo sti\u017eemo na parkirali\u0161te hotela ne\u0161to prije 20 sati. &#8211; Smje\u0161taj ve\u010dera no\u0107enje\u2026<\/p>\n<p>Kao zanimljivost prvog dana putovanja mo\u017eemo spomenuti da nas cijelim putem pratila ki\u0161a. U Rijeci bio pravi pljusak, a i za vrijeme komemoracije kod jame Cerovica.<\/p>\n<p><strong><em>\u00a0<\/em><\/strong><strong><em>Nedjelja, 11. prosinca 2022. godine &#8211; za hodo\u010dasnike&#8230; <\/em><\/strong><\/p>\n<ol start=\"4\">\n<li><strong>U spomene na \u017ertve jame Golubin\u010dina Krnica-Rakalj<\/strong><\/li>\n<\/ol>\n<p><a href=\"https:\/\/viktimologija.com.hr\/wp\/wp-content\/uploads\/2022\/12\/4-P2330681-jama-Golubincina-Rakalj-Krnica.jpg\"><img loading=\"lazy\" decoding=\"async\" class=\"wp-image-11864 aligncenter\" src=\"https:\/\/viktimologija.com.hr\/wp\/wp-content\/uploads\/2022\/12\/4-P2330681-jama-Golubincina-Rakalj-Krnica-1024x768.jpg\" alt=\"\" width=\"600\" height=\"450\" srcset=\"https:\/\/viktimologija.com.hr\/wp\/wp-content\/uploads\/2022\/12\/4-P2330681-jama-Golubincina-Rakalj-Krnica-1024x768.jpg 1024w, https:\/\/viktimologija.com.hr\/wp\/wp-content\/uploads\/2022\/12\/4-P2330681-jama-Golubincina-Rakalj-Krnica-300x225.jpg 300w, https:\/\/viktimologija.com.hr\/wp\/wp-content\/uploads\/2022\/12\/4-P2330681-jama-Golubincina-Rakalj-Krnica-768x576.jpg 768w, https:\/\/viktimologija.com.hr\/wp\/wp-content\/uploads\/2022\/12\/4-P2330681-jama-Golubincina-Rakalj-Krnica-830x622.jpg 830w, https:\/\/viktimologija.com.hr\/wp\/wp-content\/uploads\/2022\/12\/4-P2330681-jama-Golubincina-Rakalj-Krnica-230x172.jpg 230w, https:\/\/viktimologija.com.hr\/wp\/wp-content\/uploads\/2022\/12\/4-P2330681-jama-Golubincina-Rakalj-Krnica-350x262.jpg 350w, https:\/\/viktimologija.com.hr\/wp\/wp-content\/uploads\/2022\/12\/4-P2330681-jama-Golubincina-Rakalj-Krnica-480x360.jpg 480w, https:\/\/viktimologija.com.hr\/wp\/wp-content\/uploads\/2022\/12\/4-P2330681-jama-Golubincina-Rakalj-Krnica.jpg 1127w\" sizes=\"auto, (max-width: 600px) 100vw, 600px\" \/><\/a><\/p>\n<p>9:30 &#8211; jama Golubin\u010dina \u2013 Zbor Stellarium, himne, Lijepa na\u0161a Domovino, Krasna zemljo Istra mila\u2026 Priklju\u010dili su nam se i doma\u0107i ljudi, a koje je \u201eanimirao\u201c vl\u010d. Gracijano \u017divoli\u0107\u2026 Dejan Percan, Stanislav Todori\u0107 i Klaudijo Martin\u010di\u0107\u2026<\/p>\n<p><a href=\"https:\/\/viktimologija.com.hr\/wp\/wp-content\/uploads\/2022\/12\/4-P2330671-jama-Golubincina-Zbor-Stellarium-himne.jpg\"><img loading=\"lazy\" decoding=\"async\" class=\"size-medium wp-image-11861 alignleft\" src=\"https:\/\/viktimologija.com.hr\/wp\/wp-content\/uploads\/2022\/12\/4-P2330671-jama-Golubincina-Zbor-Stellarium-himne-300x225.jpg\" alt=\"\" width=\"300\" height=\"225\" srcset=\"https:\/\/viktimologija.com.hr\/wp\/wp-content\/uploads\/2022\/12\/4-P2330671-jama-Golubincina-Zbor-Stellarium-himne-300x225.jpg 300w, https:\/\/viktimologija.com.hr\/wp\/wp-content\/uploads\/2022\/12\/4-P2330671-jama-Golubincina-Zbor-Stellarium-himne-1024x768.jpg 1024w, https:\/\/viktimologija.com.hr\/wp\/wp-content\/uploads\/2022\/12\/4-P2330671-jama-Golubincina-Zbor-Stellarium-himne-768x576.jpg 768w, https:\/\/viktimologija.com.hr\/wp\/wp-content\/uploads\/2022\/12\/4-P2330671-jama-Golubincina-Zbor-Stellarium-himne-830x622.jpg 830w, https:\/\/viktimologija.com.hr\/wp\/wp-content\/uploads\/2022\/12\/4-P2330671-jama-Golubincina-Zbor-Stellarium-himne-230x172.jpg 230w, https:\/\/viktimologija.com.hr\/wp\/wp-content\/uploads\/2022\/12\/4-P2330671-jama-Golubincina-Zbor-Stellarium-himne-350x262.jpg 350w, https:\/\/viktimologija.com.hr\/wp\/wp-content\/uploads\/2022\/12\/4-P2330671-jama-Golubincina-Zbor-Stellarium-himne-480x360.jpg 480w, https:\/\/viktimologija.com.hr\/wp\/wp-content\/uploads\/2022\/12\/4-P2330671-jama-Golubincina-Zbor-Stellarium-himne.jpg 1127w\" sizes=\"auto, (max-width: 300px) 100vw, 300px\" \/><\/a> <a href=\"https:\/\/viktimologija.com.hr\/wp\/wp-content\/uploads\/2022\/12\/4-P2330674-jama-Golubincina-Rakalj-Krnica.jpg\"><img loading=\"lazy\" decoding=\"async\" class=\"size-medium wp-image-11862 alignleft\" src=\"https:\/\/viktimologija.com.hr\/wp\/wp-content\/uploads\/2022\/12\/4-P2330674-jama-Golubincina-Rakalj-Krnica-300x225.jpg\" alt=\"\" width=\"300\" height=\"225\" srcset=\"https:\/\/viktimologija.com.hr\/wp\/wp-content\/uploads\/2022\/12\/4-P2330674-jama-Golubincina-Rakalj-Krnica-300x225.jpg 300w, https:\/\/viktimologija.com.hr\/wp\/wp-content\/uploads\/2022\/12\/4-P2330674-jama-Golubincina-Rakalj-Krnica-1024x768.jpg 1024w, https:\/\/viktimologija.com.hr\/wp\/wp-content\/uploads\/2022\/12\/4-P2330674-jama-Golubincina-Rakalj-Krnica-768x576.jpg 768w, https:\/\/viktimologija.com.hr\/wp\/wp-content\/uploads\/2022\/12\/4-P2330674-jama-Golubincina-Rakalj-Krnica-830x622.jpg 830w, https:\/\/viktimologija.com.hr\/wp\/wp-content\/uploads\/2022\/12\/4-P2330674-jama-Golubincina-Rakalj-Krnica-230x172.jpg 230w, https:\/\/viktimologija.com.hr\/wp\/wp-content\/uploads\/2022\/12\/4-P2330674-jama-Golubincina-Rakalj-Krnica-350x262.jpg 350w, https:\/\/viktimologija.com.hr\/wp\/wp-content\/uploads\/2022\/12\/4-P2330674-jama-Golubincina-Rakalj-Krnica-480x360.jpg 480w, https:\/\/viktimologija.com.hr\/wp\/wp-content\/uploads\/2022\/12\/4-P2330674-jama-Golubincina-Rakalj-Krnica.jpg 1127w\" sizes=\"auto, (max-width: 300px) 100vw, 300px\" \/><\/a> <a href=\"https:\/\/viktimologija.com.hr\/wp\/wp-content\/uploads\/2022\/12\/4-P2330679-jama-Golubincina-Lili-Bencik.jpg\"><img loading=\"lazy\" decoding=\"async\" class=\"size-medium wp-image-11863 alignleft\" src=\"https:\/\/viktimologija.com.hr\/wp\/wp-content\/uploads\/2022\/12\/4-P2330679-jama-Golubincina-Lili-Bencik-300x225.jpg\" alt=\"\" width=\"300\" height=\"225\" srcset=\"https:\/\/viktimologija.com.hr\/wp\/wp-content\/uploads\/2022\/12\/4-P2330679-jama-Golubincina-Lili-Bencik-300x225.jpg 300w, https:\/\/viktimologija.com.hr\/wp\/wp-content\/uploads\/2022\/12\/4-P2330679-jama-Golubincina-Lili-Bencik-1024x768.jpg 1024w, https:\/\/viktimologija.com.hr\/wp\/wp-content\/uploads\/2022\/12\/4-P2330679-jama-Golubincina-Lili-Bencik-768x576.jpg 768w, https:\/\/viktimologija.com.hr\/wp\/wp-content\/uploads\/2022\/12\/4-P2330679-jama-Golubincina-Lili-Bencik-830x622.jpg 830w, https:\/\/viktimologija.com.hr\/wp\/wp-content\/uploads\/2022\/12\/4-P2330679-jama-Golubincina-Lili-Bencik-230x172.jpg 230w, https:\/\/viktimologija.com.hr\/wp\/wp-content\/uploads\/2022\/12\/4-P2330679-jama-Golubincina-Lili-Bencik-350x262.jpg 350w, https:\/\/viktimologija.com.hr\/wp\/wp-content\/uploads\/2022\/12\/4-P2330679-jama-Golubincina-Lili-Bencik-480x360.jpg 480w, https:\/\/viktimologija.com.hr\/wp\/wp-content\/uploads\/2022\/12\/4-P2330679-jama-Golubincina-Lili-Bencik.jpg 1127w\" sizes=\"auto, (max-width: 300px) 100vw, 300px\" \/><\/a><\/p>\n<p>&nbsp;<\/p>\n<p>&nbsp;<\/p>\n<p>&nbsp;<\/p>\n<p>&nbsp;<\/p>\n<p>&nbsp;<\/p>\n<p>&nbsp;<\/p>\n<p>&nbsp;<\/p>\n<p>Nakon izvo\u0111enja himni zboru je zahvalio Franjo Talan, predsjednik Dru\u0161tva te pozvao na polaganje vijenaca i paljenje svije\u0107a.\u00a0 Podno spomen kri\u017ea vijenac je polo\u017eio Stanislav Todori\u0107, a svije\u0107e su zapalili Ana Premu\u017e iz Cestice i Viktorija Petek iz Zagreba..<\/p>\n<p><a href=\"https:\/\/viktimologija.com.hr\/wp\/wp-content\/uploads\/2022\/12\/4-P2330671-jama-Golubincina-Zbor-Stellarium-himne.jpg\"><img loading=\"lazy\" decoding=\"async\" class=\"aligncenter wp-image-11861\" src=\"https:\/\/viktimologija.com.hr\/wp\/wp-content\/uploads\/2022\/12\/4-P2330671-jama-Golubincina-Zbor-Stellarium-himne-1024x768.jpg\" alt=\"\" width=\"600\" height=\"450\" srcset=\"https:\/\/viktimologija.com.hr\/wp\/wp-content\/uploads\/2022\/12\/4-P2330671-jama-Golubincina-Zbor-Stellarium-himne-1024x768.jpg 1024w, https:\/\/viktimologija.com.hr\/wp\/wp-content\/uploads\/2022\/12\/4-P2330671-jama-Golubincina-Zbor-Stellarium-himne-300x225.jpg 300w, https:\/\/viktimologija.com.hr\/wp\/wp-content\/uploads\/2022\/12\/4-P2330671-jama-Golubincina-Zbor-Stellarium-himne-768x576.jpg 768w, https:\/\/viktimologija.com.hr\/wp\/wp-content\/uploads\/2022\/12\/4-P2330671-jama-Golubincina-Zbor-Stellarium-himne-830x622.jpg 830w, https:\/\/viktimologija.com.hr\/wp\/wp-content\/uploads\/2022\/12\/4-P2330671-jama-Golubincina-Zbor-Stellarium-himne-230x172.jpg 230w, https:\/\/viktimologija.com.hr\/wp\/wp-content\/uploads\/2022\/12\/4-P2330671-jama-Golubincina-Zbor-Stellarium-himne-350x262.jpg 350w, https:\/\/viktimologija.com.hr\/wp\/wp-content\/uploads\/2022\/12\/4-P2330671-jama-Golubincina-Zbor-Stellarium-himne-480x360.jpg 480w, https:\/\/viktimologija.com.hr\/wp\/wp-content\/uploads\/2022\/12\/4-P2330671-jama-Golubincina-Zbor-Stellarium-himne.jpg 1127w\" sizes=\"auto, (max-width: 600px) 100vw, 600px\" \/><\/a><\/p>\n<p>Predsjednik Dru\u0161tva Franjo Talan, zahvalio je na polo\u017eenom vijencu i zapaljenim svije\u0107ama, te rekao: Pred dvije godine kod ove jame je re\u010deno: \u201e<em>Te no\u0107i probudila ih je buka, u kojoj su se odjeci pucnjave mije\u0161ali s jaucima \u017ertava, prete\u017eno njema\u010dkih vojnika. To traumati\u010dno doga\u0111anje pod okriljem no\u0107i trajalo je satima.\u201c<\/em>\u2026Posljednjih godina o dostojnom odnosu prema \u017ertvama\u00a0 Drugog svjetskog rata i poslijeratnog razdoblja \u201ebrine\u201c Ministarstvo hrvatskih branitelja- Uprava za zato\u010dene i nestale, zamolio sam ih da mi ukratko predstave \u0161to se radi i \u0161to se napravilo, pa \u0107u zaprimljenu promemoriju pro\u010ditati: <em>dana je u prilogu ovog teksta. <\/em><\/p>\n<p><a href=\"https:\/\/viktimologija.com.hr\/wp\/wp-content\/uploads\/2022\/12\/4-P2330689-jama-Golubincina-Istra-opcina-Marcana-sudionici-komemoracije.jpg\"><img loading=\"lazy\" decoding=\"async\" class=\"aligncenter wp-image-11866\" src=\"https:\/\/viktimologija.com.hr\/wp\/wp-content\/uploads\/2022\/12\/4-P2330689-jama-Golubincina-Istra-opcina-Marcana-sudionici-komemoracije-1024x768.jpg\" alt=\"\" width=\"600\" height=\"450\" srcset=\"https:\/\/viktimologija.com.hr\/wp\/wp-content\/uploads\/2022\/12\/4-P2330689-jama-Golubincina-Istra-opcina-Marcana-sudionici-komemoracije-1024x768.jpg 1024w, https:\/\/viktimologija.com.hr\/wp\/wp-content\/uploads\/2022\/12\/4-P2330689-jama-Golubincina-Istra-opcina-Marcana-sudionici-komemoracije-300x225.jpg 300w, https:\/\/viktimologija.com.hr\/wp\/wp-content\/uploads\/2022\/12\/4-P2330689-jama-Golubincina-Istra-opcina-Marcana-sudionici-komemoracije-768x576.jpg 768w, https:\/\/viktimologija.com.hr\/wp\/wp-content\/uploads\/2022\/12\/4-P2330689-jama-Golubincina-Istra-opcina-Marcana-sudionici-komemoracije-830x623.jpg 830w, https:\/\/viktimologija.com.hr\/wp\/wp-content\/uploads\/2022\/12\/4-P2330689-jama-Golubincina-Istra-opcina-Marcana-sudionici-komemoracije-230x173.jpg 230w, https:\/\/viktimologija.com.hr\/wp\/wp-content\/uploads\/2022\/12\/4-P2330689-jama-Golubincina-Istra-opcina-Marcana-sudionici-komemoracije-350x263.jpg 350w, https:\/\/viktimologija.com.hr\/wp\/wp-content\/uploads\/2022\/12\/4-P2330689-jama-Golubincina-Istra-opcina-Marcana-sudionici-komemoracije-480x360.jpg 480w, https:\/\/viktimologija.com.hr\/wp\/wp-content\/uploads\/2022\/12\/4-P2330689-jama-Golubincina-Istra-opcina-Marcana-sudionici-komemoracije.jpg 1408w\" sizes=\"auto, (max-width: 600px) 100vw, 600px\" \/><\/a><\/p>\n<p>Kao \u0161to ste \u010duli jedno od posljednjih mjesta gdje su \u017ertve dostojno i sa sprovodom pokopane bio je Svibovec kod Vara\u017edinskih Toplica. Tamo su 25. rujna pokopane 72 \u017ertve s predjela Jak\u0161enice iznad naselja Leskovec Topli\u010dki, koje su ubijene 29. rujna 1943. godine, nakon partizanskog zauzimanja Vara\u017edinskih Toplica. \u017drtve su ekshumirane od 11. do 17. 11. 2014., a obred ukopa 25. rujna ove godine, uz doma\u0107eg \u017eupnika, vodio je mons. Vlado Ko\u0161i\u0107, sisa\u010dki biskup.<\/p>\n<p>Pozivam Vas da se i Vi, ako imate kakova saznanja o lokaciji grobi\u0161ta, mjesta gdje znadete da po\u010divaju \u017ertve kojima je u pro\u0161losti uskra\u0107eno pravo na grob, obratite MHB-a kako bi se grobi\u0161te barem evidentiralo, a vjerujem u doglednoj budu\u0107nosti i \u017ertve dostojno sa sprovodom pokopale, a zatim je dodao, &#8211; Da bismo podsjetili da i \u017ertve s podru\u010dja Istre imaju pravo na grob, povodom Me\u0111unarodnog dana ljudskih prava, organizirali smo ovo na\u0161e dvodnevno hodo\u010da\u0161\u0107e, a koje se odr\u017eava u sklopu projekta kojeg smo nazvali \u201eSpomen na \u017ertve Istre Drugog svjetskog rata i pora\u0107a\u201c. Sam projekt potpomognut je od strane MHB-a preko natje\u010daja, a prvog dana, na Me\u0111unarodni \u00a0dan ljudskih prava, u subotu, 10. prosinca 2022. godine, postavljen je spomen kri\u017e nad grotlom jame Cerovica na podru\u010dju op\u0107ine Pi\u0107an, na kojoj je molitvu za \u017ertve predvodio mons. Ivan Milovan, biskup u miru Pore\u010dke i Pulske biskupije. Prethodno smo vijenac polo\u017eili i na grobu fra Ilije Boraka, na rije\u010dkom groblju Kozala. Pred put za Cerovicu posjetio se i Pazinski kolegij gdje nam je o djelu mons. Bo\u017ee Milanovi\u0107a, istarskih narodnjaka i vl\u010d. Antuna Heka govorio ravnatelj kolegija prof. Maksimilijan Ferlin. Nakon Pazinskog kolegija, u zahvalu istarskim sve\u0107enicima na groblju Moj Mir u Pazinu polo\u017een je vijenac i zapaljen svije\u0107e, a nakon Golubin\u010dine u \u017dminju polo\u017eit \u0107emo vijenac i za mu\u010denike Istre stradale u pro\u0161lom stolje\u0107u ..<\/p>\n<p>Potom je o \u017ertvama Istre govorila Lili Ben\u010dik, a o stradanju ljudi na lokalitetu Golubi\u010dina, kao i o stradalim \u00a0\u017eupljanima \u017eupe Rakalj govorio je Klaudijo Martin\u010di\u0107. Potom je molitvu za \u017ertve jame Golubin\u010dina predvodila Lucija Mili\u0107 iz Zagreba \u2026. Opet je po\u010dela padati ki\u0161a te smo se nakon zahvale doma\u0107im ljudima na dolasku uputili u autobus\u2026<\/p>\n<ol start=\"5\">\n<li><strong><em>Spomen na mu\u010denike XX. stolje\u0107a Pore\u010dke i Pulske biskupije<\/em><\/strong><\/li>\n<\/ol>\n<p>U 9:50 sati put nas dalje vodi za Svetvin\u010denat i \u017dminj, do crkve \u00a0Majka Bo\u017eja od Svetomora. Zbog jake ki\u0161e koja nas opet prati u, sve od jame Golubin\u010dina, odlu\u010dujemo da komemoraciji, vani na ki\u0161i bude desetak ljudi, a ostali \u0107e molitvu pratiti iz autobusa. Kod spomenika mu\u010denicima XX. stolje\u0107a Pore\u010dke i Pulske biskupije .. polaganje vijenaca \u2026 molitva. Pridru\u017eili su nam se Ratko Jeromela i Boris Mofardin koji su polo\u017eili vijenac, a svije\u0107u je zapalila Milena Kolma\u010di\u0107, hodo\u010dasnica iz Otok Virja &#8211; molitvu je predvodila Lucija Mili\u0107 iz Zagreba\u2026 Kako je u \u017dminju, u crkvi sv. Mihovila bila proslava 50 obljetnice dolaska sestara milosrdnica u dogovoru s \u00a0gospodinom \u017eupnikom i prof. Elvisom Orbani\u0107em odlazimo prema crkvi.<\/p>\n<ul>\n<li><strong>\u017dminj \u2013 zahvalna misa za polustoljetnu prisutnost \u010dasnih sestara u \u017eupi<\/strong><\/li>\n<\/ul>\n<figure id=\"attachment_11788\" aria-describedby=\"caption-attachment-11788\" style=\"width: 200px\" class=\"wp-caption alignright\"><a href=\"https:\/\/viktimologija.com.hr\/wp\/wp-content\/uploads\/2022\/12\/Zarka_ivasic.jpg\"><img loading=\"lazy\" decoding=\"async\" class=\"wp-image-11788 size-full\" src=\"https:\/\/viktimologija.com.hr\/wp\/wp-content\/uploads\/2022\/12\/Zarka_ivasic.jpg\" alt=\"\" width=\"200\" height=\"300\" \/><\/a><figcaption id=\"caption-attachment-11788\" class=\"wp-caption-text\">\u010d. s. \u017darka Ivasi\u0107<\/figcaption><\/figure>\n<p><a href=\"https:\/\/viktimologija.com.hr\/wp\/wp-content\/uploads\/2022\/12\/5-1-P2330697-Zminj-Svetomore-Boris-Monfardin.jpg\"><img loading=\"lazy\" decoding=\"async\" class=\"size-medium wp-image-11868 alignleft\" src=\"https:\/\/viktimologija.com.hr\/wp\/wp-content\/uploads\/2022\/12\/5-1-P2330697-Zminj-Svetomore-Boris-Monfardin-300x225.jpg\" alt=\"\" width=\"300\" height=\"225\" srcset=\"https:\/\/viktimologija.com.hr\/wp\/wp-content\/uploads\/2022\/12\/5-1-P2330697-Zminj-Svetomore-Boris-Monfardin-300x225.jpg 300w, https:\/\/viktimologija.com.hr\/wp\/wp-content\/uploads\/2022\/12\/5-1-P2330697-Zminj-Svetomore-Boris-Monfardin-1024x768.jpg 1024w, https:\/\/viktimologija.com.hr\/wp\/wp-content\/uploads\/2022\/12\/5-1-P2330697-Zminj-Svetomore-Boris-Monfardin-768x576.jpg 768w, https:\/\/viktimologija.com.hr\/wp\/wp-content\/uploads\/2022\/12\/5-1-P2330697-Zminj-Svetomore-Boris-Monfardin-830x622.jpg 830w, https:\/\/viktimologija.com.hr\/wp\/wp-content\/uploads\/2022\/12\/5-1-P2330697-Zminj-Svetomore-Boris-Monfardin-230x172.jpg 230w, https:\/\/viktimologija.com.hr\/wp\/wp-content\/uploads\/2022\/12\/5-1-P2330697-Zminj-Svetomore-Boris-Monfardin-350x262.jpg 350w, https:\/\/viktimologija.com.hr\/wp\/wp-content\/uploads\/2022\/12\/5-1-P2330697-Zminj-Svetomore-Boris-Monfardin-480x360.jpg 480w, https:\/\/viktimologija.com.hr\/wp\/wp-content\/uploads\/2022\/12\/5-1-P2330697-Zminj-Svetomore-Boris-Monfardin.jpg 1127w\" sizes=\"auto, (max-width: 300px) 100vw, 300px\" \/><\/a><\/p>\n<p>11:00 &#8211; crkva Sv. Mihovila \u2013 zahvalna misa, predvodi biskup u miru, mons. Ivan Milovan i nadbiskup rije\u010dki u miru, mons. Ivan Dev\u010di\u0107, u koncelebraciji vl\u010d. Jordan Rovis, \u017eupnik \u017dminja i ostali sve\u0107enici \u2026<\/p>\n<p>S obzirom da je pred nama jo\u0161 oko 370-380 kilometara puta ranije smo dogovorili s \u201eupravom\u201c Konobe Staver u \u017dminju ru\u010dak, a po\u0161to su u istoj konobi dogovoreni ru\u010dak imali i sudionici proslave 50. obljetnice dolaska \u010ds milosrdnica u \u017dminj pretpostavio sam da \u0107e na \u201esusretu\u201c biti i netko od ljudi s kojima sam se u proteklih 20 i ne\u0161to godina susretao na raznim \u201e\u017ertvoslovnim temama\u201c. I bi tako kada je ve\u0107 ru\u010dak i\u0161ao prema \u201ekraju\u201c pozdravio sam se s biskupima i sve\u0107enicima s kojima smo sura\u0111ivali, a me\u0111u kojima je bio i vl\u010d. Milan Mu\u017eina \u017eupnik \u017eupe Sv Pavla iz Pule, a posebno mi je drago bilo susresti se sa \u010d. s. Veronikom Milom Popi\u0107, s kojom se znamo jo\u0161 dok smo se okupljali oko biskupa Mile Bogovi\u0107a (kao \u010dlanovi Komisije HBK i BK BiH za hrvatski martirologij\u2026). \u010casna sestra Veronika Mila Popi\u0107, prikupljala je podatke.. za progla\u0161enje bla\u017eenom \u010ds \u017darke Ivasi\u0107 strijeljane u Gospi\u0107u 1946. godine \u2026 op.a. F.T.). I tako se pribli\u017eavalo vrijeme predvi\u0111eno za povratak.<\/p>\n<p>&nbsp;<\/p>\n<p>&nbsp;<\/p>\n<p>&nbsp;<\/p>\n<p><a href=\"https:\/\/viktimologija.com.hr\/wp\/wp-content\/uploads\/2022\/12\/5-1-P2330702-Zminj.jpg\"><img loading=\"lazy\" decoding=\"async\" class=\"size-medium wp-image-11869 alignleft\" src=\"https:\/\/viktimologija.com.hr\/wp\/wp-content\/uploads\/2022\/12\/5-1-P2330702-Zminj-300x225.jpg\" alt=\"\" width=\"300\" height=\"225\" srcset=\"https:\/\/viktimologija.com.hr\/wp\/wp-content\/uploads\/2022\/12\/5-1-P2330702-Zminj-300x225.jpg 300w, https:\/\/viktimologija.com.hr\/wp\/wp-content\/uploads\/2022\/12\/5-1-P2330702-Zminj-768x576.jpg 768w, https:\/\/viktimologija.com.hr\/wp\/wp-content\/uploads\/2022\/12\/5-1-P2330702-Zminj-830x622.jpg 830w, https:\/\/viktimologija.com.hr\/wp\/wp-content\/uploads\/2022\/12\/5-1-P2330702-Zminj-230x172.jpg 230w, https:\/\/viktimologija.com.hr\/wp\/wp-content\/uploads\/2022\/12\/5-1-P2330702-Zminj-350x262.jpg 350w, https:\/\/viktimologija.com.hr\/wp\/wp-content\/uploads\/2022\/12\/5-1-P2330702-Zminj-480x360.jpg 480w, https:\/\/viktimologija.com.hr\/wp\/wp-content\/uploads\/2022\/12\/5-1-P2330702-Zminj.jpg 902w\" sizes=\"auto, (max-width: 300px) 100vw, 300px\" \/><\/a> <a href=\"https:\/\/viktimologija.com.hr\/wp\/wp-content\/uploads\/2022\/12\/5-1-P2330708-Zminj-Svetomore-spomen-na-mucenike-Zminja-i-Istre.jpg\"><img loading=\"lazy\" decoding=\"async\" class=\"size-medium wp-image-11870 alignleft\" src=\"https:\/\/viktimologija.com.hr\/wp\/wp-content\/uploads\/2022\/12\/5-1-P2330708-Zminj-Svetomore-spomen-na-mucenike-Zminja-i-Istre-300x225.jpg\" alt=\"\" width=\"300\" height=\"225\" srcset=\"https:\/\/viktimologija.com.hr\/wp\/wp-content\/uploads\/2022\/12\/5-1-P2330708-Zminj-Svetomore-spomen-na-mucenike-Zminja-i-Istre-300x225.jpg 300w, https:\/\/viktimologija.com.hr\/wp\/wp-content\/uploads\/2022\/12\/5-1-P2330708-Zminj-Svetomore-spomen-na-mucenike-Zminja-i-Istre-1024x768.jpg 1024w, https:\/\/viktimologija.com.hr\/wp\/wp-content\/uploads\/2022\/12\/5-1-P2330708-Zminj-Svetomore-spomen-na-mucenike-Zminja-i-Istre-768x576.jpg 768w, https:\/\/viktimologija.com.hr\/wp\/wp-content\/uploads\/2022\/12\/5-1-P2330708-Zminj-Svetomore-spomen-na-mucenike-Zminja-i-Istre-830x622.jpg 830w, https:\/\/viktimologija.com.hr\/wp\/wp-content\/uploads\/2022\/12\/5-1-P2330708-Zminj-Svetomore-spomen-na-mucenike-Zminja-i-Istre-230x172.jpg 230w, https:\/\/viktimologija.com.hr\/wp\/wp-content\/uploads\/2022\/12\/5-1-P2330708-Zminj-Svetomore-spomen-na-mucenike-Zminja-i-Istre-350x262.jpg 350w, https:\/\/viktimologija.com.hr\/wp\/wp-content\/uploads\/2022\/12\/5-1-P2330708-Zminj-Svetomore-spomen-na-mucenike-Zminja-i-Istre-480x360.jpg 480w, https:\/\/viktimologija.com.hr\/wp\/wp-content\/uploads\/2022\/12\/5-1-P2330708-Zminj-Svetomore-spomen-na-mucenike-Zminja-i-Istre.jpg 1127w\" sizes=\"auto, (max-width: 300px) 100vw, 300px\" \/><\/a><\/p>\n<p><a href=\"https:\/\/viktimologija.com.hr\/wp\/wp-content\/uploads\/2022\/12\/5-2-DSC_8466-Zminj.jpg\"><img loading=\"lazy\" decoding=\"async\" class=\" wp-image-11871 alignleft\" src=\"https:\/\/viktimologija.com.hr\/wp\/wp-content\/uploads\/2022\/12\/5-2-DSC_8466-Zminj-300x200.jpg\" alt=\"\" width=\"339\" height=\"226\" srcset=\"https:\/\/viktimologija.com.hr\/wp\/wp-content\/uploads\/2022\/12\/5-2-DSC_8466-Zminj-300x200.jpg 300w, https:\/\/viktimologija.com.hr\/wp\/wp-content\/uploads\/2022\/12\/5-2-DSC_8466-Zminj-1024x683.jpg 1024w, https:\/\/viktimologija.com.hr\/wp\/wp-content\/uploads\/2022\/12\/5-2-DSC_8466-Zminj-768x512.jpg 768w, https:\/\/viktimologija.com.hr\/wp\/wp-content\/uploads\/2022\/12\/5-2-DSC_8466-Zminj-830x553.jpg 830w, https:\/\/viktimologija.com.hr\/wp\/wp-content\/uploads\/2022\/12\/5-2-DSC_8466-Zminj-230x153.jpg 230w, https:\/\/viktimologija.com.hr\/wp\/wp-content\/uploads\/2022\/12\/5-2-DSC_8466-Zminj-350x233.jpg 350w, https:\/\/viktimologija.com.hr\/wp\/wp-content\/uploads\/2022\/12\/5-2-DSC_8466-Zminj-480x320.jpg 480w, https:\/\/viktimologija.com.hr\/wp\/wp-content\/uploads\/2022\/12\/5-2-DSC_8466-Zminj-272x182.jpg 272w, https:\/\/viktimologija.com.hr\/wp\/wp-content\/uploads\/2022\/12\/5-2-DSC_8466-Zminj.jpg 1260w\" sizes=\"auto, (max-width: 339px) 100vw, 339px\" \/><\/a><\/p>\n<p>&nbsp;<\/p>\n<p>&nbsp;<\/p>\n<p>&nbsp;<\/p>\n<p>&nbsp;<\/p>\n<p>&nbsp;<\/p>\n<p>&nbsp;<\/p>\n<p>&nbsp;<\/p>\n<p><a href=\"https:\/\/viktimologija.com.hr\/wp\/wp-content\/uploads\/2022\/12\/5-2-DSC_8481-Zminj.jpg\"><img loading=\"lazy\" decoding=\"async\" class=\"size-medium wp-image-11872 alignleft\" src=\"https:\/\/viktimologija.com.hr\/wp\/wp-content\/uploads\/2022\/12\/5-2-DSC_8481-Zminj-300x200.jpg\" alt=\"\" width=\"300\" height=\"200\" srcset=\"https:\/\/viktimologija.com.hr\/wp\/wp-content\/uploads\/2022\/12\/5-2-DSC_8481-Zminj-300x200.jpg 300w, https:\/\/viktimologija.com.hr\/wp\/wp-content\/uploads\/2022\/12\/5-2-DSC_8481-Zminj-1024x683.jpg 1024w, https:\/\/viktimologija.com.hr\/wp\/wp-content\/uploads\/2022\/12\/5-2-DSC_8481-Zminj-768x512.jpg 768w, https:\/\/viktimologija.com.hr\/wp\/wp-content\/uploads\/2022\/12\/5-2-DSC_8481-Zminj-830x553.jpg 830w, https:\/\/viktimologija.com.hr\/wp\/wp-content\/uploads\/2022\/12\/5-2-DSC_8481-Zminj-230x153.jpg 230w, https:\/\/viktimologija.com.hr\/wp\/wp-content\/uploads\/2022\/12\/5-2-DSC_8481-Zminj-350x233.jpg 350w, https:\/\/viktimologija.com.hr\/wp\/wp-content\/uploads\/2022\/12\/5-2-DSC_8481-Zminj-480x320.jpg 480w, https:\/\/viktimologija.com.hr\/wp\/wp-content\/uploads\/2022\/12\/5-2-DSC_8481-Zminj-272x182.jpg 272w, https:\/\/viktimologija.com.hr\/wp\/wp-content\/uploads\/2022\/12\/5-2-DSC_8481-Zminj.jpg 1260w\" sizes=\"auto, (max-width: 300px) 100vw, 300px\" \/><\/a> <a href=\"https:\/\/viktimologija.com.hr\/wp\/wp-content\/uploads\/2022\/12\/5-2-DSC_8483-Zminj-cs-Veronika-Mila-Popic.jpg\"><img loading=\"lazy\" decoding=\"async\" class=\"size-medium wp-image-11873 alignleft\" src=\"https:\/\/viktimologija.com.hr\/wp\/wp-content\/uploads\/2022\/12\/5-2-DSC_8483-Zminj-cs-Veronika-Mila-Popic-300x200.jpg\" alt=\"\" width=\"300\" height=\"200\" srcset=\"https:\/\/viktimologija.com.hr\/wp\/wp-content\/uploads\/2022\/12\/5-2-DSC_8483-Zminj-cs-Veronika-Mila-Popic-300x200.jpg 300w, https:\/\/viktimologija.com.hr\/wp\/wp-content\/uploads\/2022\/12\/5-2-DSC_8483-Zminj-cs-Veronika-Mila-Popic-1024x683.jpg 1024w, https:\/\/viktimologija.com.hr\/wp\/wp-content\/uploads\/2022\/12\/5-2-DSC_8483-Zminj-cs-Veronika-Mila-Popic-768x512.jpg 768w, https:\/\/viktimologija.com.hr\/wp\/wp-content\/uploads\/2022\/12\/5-2-DSC_8483-Zminj-cs-Veronika-Mila-Popic-830x553.jpg 830w, https:\/\/viktimologija.com.hr\/wp\/wp-content\/uploads\/2022\/12\/5-2-DSC_8483-Zminj-cs-Veronika-Mila-Popic-230x153.jpg 230w, https:\/\/viktimologija.com.hr\/wp\/wp-content\/uploads\/2022\/12\/5-2-DSC_8483-Zminj-cs-Veronika-Mila-Popic-350x233.jpg 350w, https:\/\/viktimologija.com.hr\/wp\/wp-content\/uploads\/2022\/12\/5-2-DSC_8483-Zminj-cs-Veronika-Mila-Popic-480x320.jpg 480w, https:\/\/viktimologija.com.hr\/wp\/wp-content\/uploads\/2022\/12\/5-2-DSC_8483-Zminj-cs-Veronika-Mila-Popic-272x182.jpg 272w, https:\/\/viktimologija.com.hr\/wp\/wp-content\/uploads\/2022\/12\/5-2-DSC_8483-Zminj-cs-Veronika-Mila-Popic.jpg 1260w\" sizes=\"auto, (max-width: 300px) 100vw, 300px\" \/><\/a> <a href=\"https:\/\/viktimologija.com.hr\/wp\/wp-content\/uploads\/2022\/12\/5-2-DSC_8488-Zminj-biskup-Ivan-Milovan-i-nadbiskup-Devcic.jpg\"><img loading=\"lazy\" decoding=\"async\" class=\"size-medium wp-image-11874 alignleft\" src=\"https:\/\/viktimologija.com.hr\/wp\/wp-content\/uploads\/2022\/12\/5-2-DSC_8488-Zminj-biskup-Ivan-Milovan-i-nadbiskup-Devcic-300x200.jpg\" alt=\"\" width=\"300\" height=\"200\" srcset=\"https:\/\/viktimologija.com.hr\/wp\/wp-content\/uploads\/2022\/12\/5-2-DSC_8488-Zminj-biskup-Ivan-Milovan-i-nadbiskup-Devcic-300x200.jpg 300w, https:\/\/viktimologija.com.hr\/wp\/wp-content\/uploads\/2022\/12\/5-2-DSC_8488-Zminj-biskup-Ivan-Milovan-i-nadbiskup-Devcic-1024x683.jpg 1024w, https:\/\/viktimologija.com.hr\/wp\/wp-content\/uploads\/2022\/12\/5-2-DSC_8488-Zminj-biskup-Ivan-Milovan-i-nadbiskup-Devcic-768x512.jpg 768w, https:\/\/viktimologija.com.hr\/wp\/wp-content\/uploads\/2022\/12\/5-2-DSC_8488-Zminj-biskup-Ivan-Milovan-i-nadbiskup-Devcic-830x553.jpg 830w, https:\/\/viktimologija.com.hr\/wp\/wp-content\/uploads\/2022\/12\/5-2-DSC_8488-Zminj-biskup-Ivan-Milovan-i-nadbiskup-Devcic-230x153.jpg 230w, https:\/\/viktimologija.com.hr\/wp\/wp-content\/uploads\/2022\/12\/5-2-DSC_8488-Zminj-biskup-Ivan-Milovan-i-nadbiskup-Devcic-350x233.jpg 350w, https:\/\/viktimologija.com.hr\/wp\/wp-content\/uploads\/2022\/12\/5-2-DSC_8488-Zminj-biskup-Ivan-Milovan-i-nadbiskup-Devcic-480x320.jpg 480w, https:\/\/viktimologija.com.hr\/wp\/wp-content\/uploads\/2022\/12\/5-2-DSC_8488-Zminj-biskup-Ivan-Milovan-i-nadbiskup-Devcic-272x182.jpg 272w, https:\/\/viktimologija.com.hr\/wp\/wp-content\/uploads\/2022\/12\/5-2-DSC_8488-Zminj-biskup-Ivan-Milovan-i-nadbiskup-Devcic.jpg 1260w\" sizes=\"auto, (max-width: 300px) 100vw, 300px\" \/><\/a><\/p>\n<p>&nbsp;<\/p>\n<p>&nbsp;<\/p>\n<p>&nbsp;<\/p>\n<p>&nbsp;<\/p>\n<p>&nbsp;<\/p>\n<p>&nbsp;<\/p>\n<p><a href=\"https:\/\/viktimologija.com.hr\/wp\/wp-content\/uploads\/2022\/12\/5-2-DSC_8489-Zminj-biskup-Ivan-Milovan-i-nadbiskup-Ivan-Devcic.jpg\"><img loading=\"lazy\" decoding=\"async\" class=\"aligncenter wp-image-11875\" src=\"https:\/\/viktimologija.com.hr\/wp\/wp-content\/uploads\/2022\/12\/5-2-DSC_8489-Zminj-biskup-Ivan-Milovan-i-nadbiskup-Ivan-Devcic-1024x683.jpg\" alt=\"\" width=\"600\" height=\"400\" srcset=\"https:\/\/viktimologija.com.hr\/wp\/wp-content\/uploads\/2022\/12\/5-2-DSC_8489-Zminj-biskup-Ivan-Milovan-i-nadbiskup-Ivan-Devcic-1024x683.jpg 1024w, https:\/\/viktimologija.com.hr\/wp\/wp-content\/uploads\/2022\/12\/5-2-DSC_8489-Zminj-biskup-Ivan-Milovan-i-nadbiskup-Ivan-Devcic-300x200.jpg 300w, https:\/\/viktimologija.com.hr\/wp\/wp-content\/uploads\/2022\/12\/5-2-DSC_8489-Zminj-biskup-Ivan-Milovan-i-nadbiskup-Ivan-Devcic-768x512.jpg 768w, https:\/\/viktimologija.com.hr\/wp\/wp-content\/uploads\/2022\/12\/5-2-DSC_8489-Zminj-biskup-Ivan-Milovan-i-nadbiskup-Ivan-Devcic-830x553.jpg 830w, https:\/\/viktimologija.com.hr\/wp\/wp-content\/uploads\/2022\/12\/5-2-DSC_8489-Zminj-biskup-Ivan-Milovan-i-nadbiskup-Ivan-Devcic-230x153.jpg 230w, https:\/\/viktimologija.com.hr\/wp\/wp-content\/uploads\/2022\/12\/5-2-DSC_8489-Zminj-biskup-Ivan-Milovan-i-nadbiskup-Ivan-Devcic-350x233.jpg 350w, https:\/\/viktimologija.com.hr\/wp\/wp-content\/uploads\/2022\/12\/5-2-DSC_8489-Zminj-biskup-Ivan-Milovan-i-nadbiskup-Ivan-Devcic-480x320.jpg 480w, https:\/\/viktimologija.com.hr\/wp\/wp-content\/uploads\/2022\/12\/5-2-DSC_8489-Zminj-biskup-Ivan-Milovan-i-nadbiskup-Ivan-Devcic-272x182.jpg 272w, https:\/\/viktimologija.com.hr\/wp\/wp-content\/uploads\/2022\/12\/5-2-DSC_8489-Zminj-biskup-Ivan-Milovan-i-nadbiskup-Ivan-Devcic.jpg 1260w\" sizes=\"auto, (max-width: 600px) 100vw, 600px\" \/><\/a><\/p>\n<p><a href=\"https:\/\/viktimologija.com.hr\/wp\/wp-content\/uploads\/2022\/12\/5-2-DSC_8507-Zminj-put-prema-konobi-Staver.jpg\"><img loading=\"lazy\" decoding=\"async\" class=\"size-medium wp-image-11876 alignleft\" src=\"https:\/\/viktimologija.com.hr\/wp\/wp-content\/uploads\/2022\/12\/5-2-DSC_8507-Zminj-put-prema-konobi-Staver-300x200.jpg\" alt=\"\" width=\"300\" height=\"200\" srcset=\"https:\/\/viktimologija.com.hr\/wp\/wp-content\/uploads\/2022\/12\/5-2-DSC_8507-Zminj-put-prema-konobi-Staver-300x200.jpg 300w, https:\/\/viktimologija.com.hr\/wp\/wp-content\/uploads\/2022\/12\/5-2-DSC_8507-Zminj-put-prema-konobi-Staver-1024x683.jpg 1024w, https:\/\/viktimologija.com.hr\/wp\/wp-content\/uploads\/2022\/12\/5-2-DSC_8507-Zminj-put-prema-konobi-Staver-768x512.jpg 768w, https:\/\/viktimologija.com.hr\/wp\/wp-content\/uploads\/2022\/12\/5-2-DSC_8507-Zminj-put-prema-konobi-Staver-830x553.jpg 830w, https:\/\/viktimologija.com.hr\/wp\/wp-content\/uploads\/2022\/12\/5-2-DSC_8507-Zminj-put-prema-konobi-Staver-230x153.jpg 230w, https:\/\/viktimologija.com.hr\/wp\/wp-content\/uploads\/2022\/12\/5-2-DSC_8507-Zminj-put-prema-konobi-Staver-350x233.jpg 350w, https:\/\/viktimologija.com.hr\/wp\/wp-content\/uploads\/2022\/12\/5-2-DSC_8507-Zminj-put-prema-konobi-Staver-480x320.jpg 480w, https:\/\/viktimologija.com.hr\/wp\/wp-content\/uploads\/2022\/12\/5-2-DSC_8507-Zminj-put-prema-konobi-Staver-272x182.jpg 272w, https:\/\/viktimologija.com.hr\/wp\/wp-content\/uploads\/2022\/12\/5-2-DSC_8507-Zminj-put-prema-konobi-Staver.jpg 1260w\" sizes=\"auto, (max-width: 300px) 100vw, 300px\" \/><\/a> <a href=\"https:\/\/viktimologija.com.hr\/wp\/wp-content\/uploads\/2022\/12\/5-2-DSC_8509-Zminj-put-prema-konobi-Staver.jpg\"><img loading=\"lazy\" decoding=\"async\" class=\"size-medium wp-image-11877 alignleft\" src=\"https:\/\/viktimologija.com.hr\/wp\/wp-content\/uploads\/2022\/12\/5-2-DSC_8509-Zminj-put-prema-konobi-Staver-300x200.jpg\" alt=\"\" width=\"300\" height=\"200\" srcset=\"https:\/\/viktimologija.com.hr\/wp\/wp-content\/uploads\/2022\/12\/5-2-DSC_8509-Zminj-put-prema-konobi-Staver-300x200.jpg 300w, https:\/\/viktimologija.com.hr\/wp\/wp-content\/uploads\/2022\/12\/5-2-DSC_8509-Zminj-put-prema-konobi-Staver-1024x683.jpg 1024w, https:\/\/viktimologija.com.hr\/wp\/wp-content\/uploads\/2022\/12\/5-2-DSC_8509-Zminj-put-prema-konobi-Staver-768x512.jpg 768w, https:\/\/viktimologija.com.hr\/wp\/wp-content\/uploads\/2022\/12\/5-2-DSC_8509-Zminj-put-prema-konobi-Staver-830x553.jpg 830w, https:\/\/viktimologija.com.hr\/wp\/wp-content\/uploads\/2022\/12\/5-2-DSC_8509-Zminj-put-prema-konobi-Staver-230x153.jpg 230w, https:\/\/viktimologija.com.hr\/wp\/wp-content\/uploads\/2022\/12\/5-2-DSC_8509-Zminj-put-prema-konobi-Staver-350x233.jpg 350w, https:\/\/viktimologija.com.hr\/wp\/wp-content\/uploads\/2022\/12\/5-2-DSC_8509-Zminj-put-prema-konobi-Staver-480x320.jpg 480w, https:\/\/viktimologija.com.hr\/wp\/wp-content\/uploads\/2022\/12\/5-2-DSC_8509-Zminj-put-prema-konobi-Staver-272x182.jpg 272w, https:\/\/viktimologija.com.hr\/wp\/wp-content\/uploads\/2022\/12\/5-2-DSC_8509-Zminj-put-prema-konobi-Staver.jpg 1260w\" sizes=\"auto, (max-width: 300px) 100vw, 300px\" \/><\/a> <a href=\"https:\/\/viktimologija.com.hr\/wp\/wp-content\/uploads\/2022\/12\/5-2-DSC_8512-Zminj-vlc-Jordan-Rovis.jpg\"><img loading=\"lazy\" decoding=\"async\" class=\"size-medium wp-image-11878 alignleft\" src=\"https:\/\/viktimologija.com.hr\/wp\/wp-content\/uploads\/2022\/12\/5-2-DSC_8512-Zminj-vlc-Jordan-Rovis-300x200.jpg\" alt=\"\" width=\"300\" height=\"200\" srcset=\"https:\/\/viktimologija.com.hr\/wp\/wp-content\/uploads\/2022\/12\/5-2-DSC_8512-Zminj-vlc-Jordan-Rovis-300x200.jpg 300w, https:\/\/viktimologija.com.hr\/wp\/wp-content\/uploads\/2022\/12\/5-2-DSC_8512-Zminj-vlc-Jordan-Rovis-1024x683.jpg 1024w, https:\/\/viktimologija.com.hr\/wp\/wp-content\/uploads\/2022\/12\/5-2-DSC_8512-Zminj-vlc-Jordan-Rovis-768x512.jpg 768w, https:\/\/viktimologija.com.hr\/wp\/wp-content\/uploads\/2022\/12\/5-2-DSC_8512-Zminj-vlc-Jordan-Rovis-830x553.jpg 830w, https:\/\/viktimologija.com.hr\/wp\/wp-content\/uploads\/2022\/12\/5-2-DSC_8512-Zminj-vlc-Jordan-Rovis-230x153.jpg 230w, https:\/\/viktimologija.com.hr\/wp\/wp-content\/uploads\/2022\/12\/5-2-DSC_8512-Zminj-vlc-Jordan-Rovis-350x233.jpg 350w, https:\/\/viktimologija.com.hr\/wp\/wp-content\/uploads\/2022\/12\/5-2-DSC_8512-Zminj-vlc-Jordan-Rovis-480x320.jpg 480w, https:\/\/viktimologija.com.hr\/wp\/wp-content\/uploads\/2022\/12\/5-2-DSC_8512-Zminj-vlc-Jordan-Rovis-272x182.jpg 272w, https:\/\/viktimologija.com.hr\/wp\/wp-content\/uploads\/2022\/12\/5-2-DSC_8512-Zminj-vlc-Jordan-Rovis.jpg 1260w\" sizes=\"auto, (max-width: 300px) 100vw, 300px\" \/><\/a><\/p>\n<p>&nbsp;<\/p>\n<p>&nbsp;<\/p>\n<p>&nbsp;<\/p>\n<p>&nbsp;<\/p>\n<p>&nbsp;<\/p>\n<p>&nbsp;<\/p>\n<p>6. <strong>Povratak &#8211; Odlazak iz Istre prema Zagrebu Vara\u017edinu i Cestici <\/strong><\/p>\n<p>14, 30 sati \u00a0&#8211; zahvala doma\u0107inima i odlazak hodo\u010dasnika za Zagreb, Vara\u017edin&#8230; Cesticu<\/p>\n<p><a href=\"https:\/\/viktimologija.com.hr\/wp\/wp-content\/uploads\/2022\/12\/6-0-DSC_8526-povratak-iz-Istre.jpg\"><img loading=\"lazy\" decoding=\"async\" class=\"aligncenter wp-image-11879\" src=\"https:\/\/viktimologija.com.hr\/wp\/wp-content\/uploads\/2022\/12\/6-0-DSC_8526-povratak-iz-Istre-1024x683.jpg\" alt=\"\" width=\"600\" height=\"400\" srcset=\"https:\/\/viktimologija.com.hr\/wp\/wp-content\/uploads\/2022\/12\/6-0-DSC_8526-povratak-iz-Istre-1024x683.jpg 1024w, https:\/\/viktimologija.com.hr\/wp\/wp-content\/uploads\/2022\/12\/6-0-DSC_8526-povratak-iz-Istre-300x200.jpg 300w, https:\/\/viktimologija.com.hr\/wp\/wp-content\/uploads\/2022\/12\/6-0-DSC_8526-povratak-iz-Istre-768x512.jpg 768w, https:\/\/viktimologija.com.hr\/wp\/wp-content\/uploads\/2022\/12\/6-0-DSC_8526-povratak-iz-Istre-830x553.jpg 830w, https:\/\/viktimologija.com.hr\/wp\/wp-content\/uploads\/2022\/12\/6-0-DSC_8526-povratak-iz-Istre-230x153.jpg 230w, https:\/\/viktimologija.com.hr\/wp\/wp-content\/uploads\/2022\/12\/6-0-DSC_8526-povratak-iz-Istre-350x233.jpg 350w, https:\/\/viktimologija.com.hr\/wp\/wp-content\/uploads\/2022\/12\/6-0-DSC_8526-povratak-iz-Istre-480x320.jpg 480w, https:\/\/viktimologija.com.hr\/wp\/wp-content\/uploads\/2022\/12\/6-0-DSC_8526-povratak-iz-Istre-272x182.jpg 272w, https:\/\/viktimologija.com.hr\/wp\/wp-content\/uploads\/2022\/12\/6-0-DSC_8526-povratak-iz-Istre.jpg 1260w\" sizes=\"auto, (max-width: 600px) 100vw, 600px\" \/><\/a><\/p>\n<p>Putem nas pratila ki\u0161a i snijeg i vjetar\u2026 &#8211; ograni\u010denje brzine\u2026 a desetak minuta stajali smo i pred ulazom u tunel koji je bio zatvoren ,,crveno svijetlo na semaforu\u201c.\u00a0 I tako smo, u 15:35 stigli na odmori\u0161te Vrata Jadrana, odakle smo nakon kra\u0107eg odmora, oko 16 sati nastavili putovanje prema domu uz jedno stajanje \u2026 Snijeg, ograni\u010denje brzine ralice,, nesre\u0107a \u2013 Pola sata stali smo na odmori\u0161tu Vukova gorica, a u Zagreb, na Buzin stigli smo ne\u0161to prije sedam sati ( Zagreb Buzin \u00a0\u2013 Super nova \u2013 18:55 ), a ku\u0107i na parkirali\u0161te O\u0160 Cestica stigli smo u 20:35.<\/p>\n<p>I tako je zavr\u0161ilo na\u0161e dvodnevno hodo\u010da\u0161\u0107e u Spomen na \u017ertve Istre Drugog svjetskog rata i pora\u0107a.<\/p>\n<p><em>Kao zanimljivost za drugi dan puta je ta da nas ujutro kod jame Golubin\u010dina ki\u0161a po\u0161tedjela, a na povratku bilo i ki\u0161e i jakog vjetra koji povremeno i autobus malo zanio. Od Rijeke do Cestice \u201epratili\u201c nas ki\u0161a i snijeg. Snijega bilo dosta do posljednjeg tunela pred Karlovcem, a onda do Novog Marofa samo ki\u0161a. Nakon prolaska prvog tunela prema Vara\u017edinu opet nas \u201edo\u010dekao\u201c snijeg, a snje\u017eni pokriva\u010d do\u010dekao nas i u Cestici, a jo\u0161 ga ima i danas, 14. prosinca 2022. godine, u 11:30 sati dok zavr\u0161avam ovaj tekst. <\/em><\/p>\n<h3><span style=\"color: #ff0000;\"><strong>NAJZNA\u010cAJNIJE AKTIVNOSTI MINISTARSTVA HRVATSKIH BRANITELJA NA PODRU\u010cJU ISTRA\u017dIVANJA GROBI\u0160TA DRUGOG SVJETSKOG RATA I PORA\u0106A <\/strong><\/span><\/h3>\n<p><strong><em>(mandat-6 godina)<\/em><\/strong><\/p>\n<h4><strong>Promemorija u povodu Me\u0111unarodnog dana ljudskih prava 10. prosinca 2022. godine<\/strong><\/h4>\n<ul>\n<li>unaprije\u0111en Hrvatski model tra\u017eenja nestalih osoba &#8211; modernizacijom tehnologije (georadar, dronovi) i osposobljavanjem djelatnika<\/li>\n<li>uspostavljene 2 ispostave u Vukovaru i Splitu u kojima rade hrvatski branitelji, biv\u0161i pripadnici Hrvatske vojske i policije &#8211; obavljaju terenski rad i razgovore sa svjedocima<\/li>\n<li>objedinjena su saznanja o 1430 lokacija mogu\u0107ih mjesta masovnih i pojedina\u010dnih grobnica Drugog svjetskog rata i pora\u0107a (istinitost saznanja provjerava se terenskim istra\u017eivanjem odnosno iskapanjem)<\/li>\n<li>provedena su ukupno 574 terenska izvida<\/li>\n<li>istra\u017eeno je 80 lokacija, pri \u010demu su ekshumirani posmrtni ostaci najmanje 1886 osoba<\/li>\n<li>Kroz ekshumacije odra\u0111en je veliki broj zna\u010dajnih lokacija, posebno isti\u010demo lokacije na kojima je ekshumiran ve\u0107i broj posmrtnih ostataka, a to su Jama Jazovka (814 p.o.), Gra\u010dani, Zagreb (294 p.o.), Prudnice, Brdovec (133 p.o.), Tu\u0161kanac 74, Grad Zagreb (102 p.o.), Predio ispred groblja Sv. Marije Magdalene, Gospi\u0107 (153 p.o. do sada; aktivnost se radi u vi\u0161e faza), Toma\u0161ica, Gare\u0161nica (53 p.o.), Savska 77, Zagreb (25 p.o.), Macelj (84 p.o.).<\/li>\n<li>Na podru\u010dju Maceljske gore proveli smo terenska istra\u017eivanja na 9 lokacija pri \u010demu smo potvrdili samo jednu lokaciju pronalaskom posmrtnih ostataka (problem nam je bio nedostatak primarnih svjedoka i nepregledni \u0161umski masiv).<\/li>\n<li>Najve\u0107e strati\u0161te prona\u0111eno i istra\u017eeno svakako je jama Jazovka u kojoj smo prona\u0161li i ekshumirali posmrtne ostatke najmanje 814 osoba. Ekshumaciji su nazo\u010dili predstavnici udruge HOZ Jazovka kao i vl\u010d. Ivan Vu\u010dak.<\/li>\n<li>Odra\u0111ene su pripremne radnje za izgradnju grobnice i spomen obilje\u017eja \u017ertvama Jazovke. Cilj je \u017ertve dostojno pokopati. Ovo je primarni cilj Ministarstva kojem smo iznimno posve\u0107eni te se nadamo zavr\u0161etku realizacije projekta u \u0161to skorijem roku.<\/li>\n<li>Sustavno u suradnji sa Zavodom za sudsku medicinu i kriminalistiku provodimo antropolo\u0161ke obrade ekshumiranih posmrtnih ostataka.<\/li>\n<li>Kroz analize dolazimo do vrijednih podataka kao \u0161to su dob i spol \u017ertava, perimortalna i postmortalna o\u0161te\u0107enja i ozljede, uzrok smrti te ostale specifi\u010dnosti. Sve to potrebno nam je za izradu cjelovitog izvje\u0161\u0107a potrebnih za rekonstrukciju doga\u0111aja.<\/li>\n<li>Na\u0161 drugi cilj u postupanju je dostojna briga za prona\u0111ene posmrtne ostatke \u017ertava odnosno pravo na grob. Zajedno smo s jedinicama lokalne samouprave, kao i obiteljima \u017ertava, organizirali pokope, a posmrtne ostatke vojnika stranih oru\u017eanih sila predali nadle\u017enim tijelima njihovih dr\u017eava. Tako je dostojno trajno zbrinuto 937 \u017ertava.<\/li>\n<li>Posmrtni ostaci su pokopani u: Donjoj Vi\u0161njici (Lepoglava), Vagancu (Plitvi\u010dka Jezera), Gra\u010danima (Zagreb), Bori\u010devcu (Donji Lapac), Brodu na Kupi, Toma\u0161ici (Gare\u0161nica), Oto\u010dcu, Makarskoj, Macelju, Gospi\u0107u, Ladu\u010du (Brdovec), Zagvozdu, Svibovcu (Vara\u017edinske Toplice) i Vrbovskom.<\/li>\n<li>Ve\u0107inu sprovodnih obreda su, na zamolbu Ministarstva, vodili hrvatski biskupi, \u010dime je dana dodatna pa\u017enja ovim \u017ertvama.<\/li>\n<li>Kroz svoj rad pokazali smo da smo otvoreni za suradnju sa zainteresiranim pojedincima te udrugama<\/li>\n<li>Prioritet uz rad na ovoj problematici ostaju nestale osobe u Domovinskom ratu i rje\u0161avanje njihove sudbine. Republika Hrvatska jo\u0161 uvijek aktivno traga za 1821 osobom.<\/li>\n<\/ul>\n<p>&nbsp;<\/p>\n<p>U Kri\u017eovljanu Radove\u010dkome, u srijedu , 14. prosinca 2022.\u00a0<a href=\"https:\/\/viktimologija.com.hr\/wp\/wp-content\/uploads\/2022\/12\/1-2-IMG-20221213-crkva-Gospe-Lurdske-Rijeka.jpg\"><img loading=\"lazy\" decoding=\"async\" class=\"size-medium wp-image-11787 alignright\" src=\"https:\/\/viktimologija.com.hr\/wp\/wp-content\/uploads\/2022\/12\/1-2-IMG-20221213-crkva-Gospe-Lurdske-Rijeka-225x300.jpg\" alt=\"\" width=\"225\" height=\"300\" srcset=\"https:\/\/viktimologija.com.hr\/wp\/wp-content\/uploads\/2022\/12\/1-2-IMG-20221213-crkva-Gospe-Lurdske-Rijeka-225x300.jpg 225w, https:\/\/viktimologija.com.hr\/wp\/wp-content\/uploads\/2022\/12\/1-2-IMG-20221213-crkva-Gospe-Lurdske-Rijeka-230x307.jpg 230w, https:\/\/viktimologija.com.hr\/wp\/wp-content\/uploads\/2022\/12\/1-2-IMG-20221213-crkva-Gospe-Lurdske-Rijeka-350x467.jpg 350w, https:\/\/viktimologija.com.hr\/wp\/wp-content\/uploads\/2022\/12\/1-2-IMG-20221213-crkva-Gospe-Lurdske-Rijeka.jpg 396w\" sizes=\"auto, (max-width: 225px) 100vw, 225px\" \/><\/a><\/p>\n<p style=\"text-align: right;\"><strong><em>Franjo Talan, predsjednik Dru\u0161tva <\/em><\/strong><\/p>\n<p style=\"text-align: right;\"><strong><em>Dru\u0161tvo za obilje\u017eavanje grobi\u0161ta ratnih i poratnih \u017ertava<\/em><\/strong><\/p>\n<p style=\"text-align: right;\"><strong><em>Kolodvorska 3, 42 000 Vara\u017edin<\/em><\/strong><\/p>\n","protected":false},"excerpt":{"rendered":"<p>\u201eSpomen na \u017ertve Istre Drugog svjetskog rata i pora\u0107a\u201c, a koje je organiziran \u00a0povodom Me\u0111unarodnog dana ljudskih prava 10. i 11. prosinca 2022. godine &nbsp; Subota, 10. prosinac 2022. godine 8:50 \u2013 groblje Kozala Rijeka \u2013 Crkva Gospo Lurdske Od O\u0160 Cestica krenuli smo ujutro u 5 sati, a na parkirali\u0161tu Supernove, u Zagrebu u [&hellip;]<\/p>\n","protected":false},"author":1,"featured_media":0,"comment_status":"open","ping_status":"open","sticky":false,"template":"","format":"standard","meta":{"footnotes":""},"categories":[1],"tags":[1335,206,1324,1318,1311,901,1309,1314,18,316,309,1310,1316,1322,1075,1313,22,1312,1320,1323,1315,1317,1325,1321,75,1326,1319],"class_list":["post-11808","post","type-post","status-publish","format-standard","hentry","category-novosti","tag-aktivnosti-ministarstva-hrvatskih-branitelja","tag-anton-celic","tag-biskup-mons-ivan-milovan","tag-boris-mofardin","tag-crkva-gospo-lurdske","tag-eugen-bratovic","tag-fra-ilija-borak","tag-fra-zlatko-safaric","tag-franjo-talan","tag-gordana-kos-kolar","tag-gracijano-kert","tag-groblje-kozala-rijeka","tag-groblje-moj-mir","tag-jama-cerovica","tag-josip-kocet","tag-josip-premuz","tag-lili-bencik","tag-lucija-milic","tag-mons-boze-milanovic","tag-opcina-pican","tag-pazin","tag-prof-maksimilijan-ferlin","tag-vlc-antun-kurelovic","tag-vlc-antuna-heka","tag-zbor-stellarium","tag-zbor-umole","tag-zvonimir-blazevic"],"_links":{"self":[{"href":"https:\/\/viktimologija.com.hr\/wp\/wp-json\/wp\/v2\/posts\/11808","targetHints":{"allow":["GET"]}}],"collection":[{"href":"https:\/\/viktimologija.com.hr\/wp\/wp-json\/wp\/v2\/posts"}],"about":[{"href":"https:\/\/viktimologija.com.hr\/wp\/wp-json\/wp\/v2\/types\/post"}],"author":[{"embeddable":true,"href":"https:\/\/viktimologija.com.hr\/wp\/wp-json\/wp\/v2\/users\/1"}],"replies":[{"embeddable":true,"href":"https:\/\/viktimologija.com.hr\/wp\/wp-json\/wp\/v2\/comments?post=11808"}],"version-history":[{"count":45,"href":"https:\/\/viktimologija.com.hr\/wp\/wp-json\/wp\/v2\/posts\/11808\/revisions"}],"predecessor-version":[{"id":21123,"href":"https:\/\/viktimologija.com.hr\/wp\/wp-json\/wp\/v2\/posts\/11808\/revisions\/21123"}],"wp:attachment":[{"href":"https:\/\/viktimologija.com.hr\/wp\/wp-json\/wp\/v2\/media?parent=11808"}],"wp:term":[{"taxonomy":"category","embeddable":true,"href":"https:\/\/viktimologija.com.hr\/wp\/wp-json\/wp\/v2\/categories?post=11808"},{"taxonomy":"post_tag","embeddable":true,"href":"https:\/\/viktimologija.com.hr\/wp\/wp-json\/wp\/v2\/tags?post=11808"}],"curies":[{"name":"wp","href":"https:\/\/api.w.org\/{rel}","templated":true}]}}