{"id":12634,"date":"2023-02-21T11:44:52","date_gmt":"2023-02-21T10:44:52","guid":{"rendered":"https:\/\/viktimologija.com.hr\/wp\/?p=12634"},"modified":"2023-02-21T12:02:18","modified_gmt":"2023-02-21T11:02:18","slug":"mladen-pavkovic-ako-tko-zna-zna-bivsi-udbas-deda-manolic","status":"publish","type":"post","link":"https:\/\/viktimologija.com.hr\/wp\/mladen-pavkovic-ako-tko-zna-zna-bivsi-udbas-deda-manolic\/","title":{"rendered":"Mladen Pavkovi\u0107: Ako tko zna, zna biv\u0161i Udba\u0161 \u2013  \u201ededa\u201c Manoli\u0107!"},"content":{"rendered":"<figure id=\"attachment_9562\" aria-describedby=\"caption-attachment-9562\" style=\"width: 272px\" class=\"wp-caption alignleft\"><a href=\"https:\/\/viktimologija.com.hr\/wp\/wp-content\/uploads\/2022\/06\/Mladen-Pavkovic-u-Hrvatskom-slovu.jpg\"><img loading=\"lazy\" decoding=\"async\" class=\"wp-image-9562 size-medium\" src=\"https:\/\/viktimologija.com.hr\/wp\/wp-content\/uploads\/2022\/06\/Mladen-Pavkovic-u-Hrvatskom-slovu-272x300.jpg\" alt=\"\" width=\"272\" height=\"300\" srcset=\"https:\/\/viktimologija.com.hr\/wp\/wp-content\/uploads\/2022\/06\/Mladen-Pavkovic-u-Hrvatskom-slovu-272x300.jpg 272w, https:\/\/viktimologija.com.hr\/wp\/wp-content\/uploads\/2022\/06\/Mladen-Pavkovic-u-Hrvatskom-slovu-929x1024.jpg 929w, https:\/\/viktimologija.com.hr\/wp\/wp-content\/uploads\/2022\/06\/Mladen-Pavkovic-u-Hrvatskom-slovu-768x847.jpg 768w, https:\/\/viktimologija.com.hr\/wp\/wp-content\/uploads\/2022\/06\/Mladen-Pavkovic-u-Hrvatskom-slovu-830x915.jpg 830w, https:\/\/viktimologija.com.hr\/wp\/wp-content\/uploads\/2022\/06\/Mladen-Pavkovic-u-Hrvatskom-slovu-230x254.jpg 230w, https:\/\/viktimologija.com.hr\/wp\/wp-content\/uploads\/2022\/06\/Mladen-Pavkovic-u-Hrvatskom-slovu-350x386.jpg 350w, https:\/\/viktimologija.com.hr\/wp\/wp-content\/uploads\/2022\/06\/Mladen-Pavkovic-u-Hrvatskom-slovu-480x529.jpg 480w, https:\/\/viktimologija.com.hr\/wp\/wp-content\/uploads\/2022\/06\/Mladen-Pavkovic-u-Hrvatskom-slovu.jpg 1031w\" sizes=\"auto, (max-width: 272px) 100vw, 272px\" \/><\/a><figcaption id=\"caption-attachment-9562\" class=\"wp-caption-text\">Mladen Pavkovi\u0107<\/figcaption><\/figure>\n<p>Je li jo\u0161 uvijek aktualno Otvoreno pismo koje je pro\u0161le godine, u travnju, skupina generala predvo\u0111ena biv\u0161im i sada\u0161njim \u010dlanovima notorne udruge Hrvatskog generalskog zbora (HGZ) na \u010delu sa Gotovinom, \u010cermakom, Rojsom, Miljavcem, i Davorom Domazetom Lo\u0161om, te Marinkom Kre\u0161i\u0107em i Kre\u0161imirom \u0106osi\u0107em, (koji su ne\u0161to kasnije povukli potpise, je li za stvarno ili za javnost?) \u00a0uputila predsjedniku RH Zoranu Milanovi\u0107u da se pomiluju biv\u0161i Udba\u0161i, koji su u\u010dinili velikog zla hrvatskom narodu \u2013 Josip Perkovi\u0107 i Zdravko Musta\u010d?<\/p>\n<p>Naime, o toj se inicijativi, koja je odjeknula poput groma, govorilo i pisalo na sve strane. Od hrvatskih generala protiv ove \u201eizdaje\u201c jedino su se pobunili general Ivan Tolj i jo\u0161 neki njegovi kolege-suborci, koji ne \u017eele imati nikakve veze s Hrvatskim generalskim zborom, iako su ga stvarali.. \u0160to je sad s tim pamfletom? Jesu li generali i dalje \u201eza\u201c, poput Ljube \u0106esi\u0107a Rojsa, koji svoj potpis ne bi povukao ni da mu se ruka osu\u0161ila, ili se tu ipak ne\u0161to doga\u0111a, odnosno kuha?<\/p>\n<p>U me\u0111uvremenu skupina hrvatskih generala, okupljena oko kontraverzne udruge, na \u010delu sa njihovim kontraverznim predsjednikom, i dalje obilaze visoke politi\u010dke du\u017enosnike i (da se malo na\u0161alimo) \u201eguraju im se da ne ka\u017eemo gdje\u201c!<\/p>\n<p>S obzirom da su generali potpisali ovo sramno pismo, o\u010dekivali smo da \u0107e se slu\u017ebenim priop\u0107enjem javiti i ta njihova udruga, da \u010dujemo \u0161to oni misle o tome, tim prije jer je u to upetljan i \u00a0njihov \u010dlan i zamjenik predsjednika HGZ-a (!) Ljubo \u0106esi\u0107 Rojs, \u0161to bi trebalo zna\u010diti da se i \u010dlanovi HGZ-a sla\u017eu (makar pre\u0161utno) s ovim pismom-pamfletom!<\/p>\n<p>Nu, jo\u0161 nikome nije jasno \u2013 tko je autor ovog pisma, tko ga je sastavio, kao \u0161to se nikada nije saznalo ni tko je autor Otvorenog pisma 12-torice hrvatskih generala koji su (2000-te godine) uputili tada\u0161njem predsjedniku dr\u017eave, ina\u010de \u017ealosnom \u2013 Stjepanu Mesi\u0107u.<\/p>\n<p>Autora ovih pisama nikada nisu otkrili ni tzv. \u201enezavisni\u201c ni \u201eistra\u017eiva\u010dki\u201c novinari, od kojih ve\u0107ina, ala nekakvo mutavo piskaralo koje se u jednoj lokalnoj tv emisiji (\u201eKreatori istine\u201c) svakog tjedna javlja s komentarima od ki\u0161e, sunca do \u201etko je koga\u201c.<\/p>\n<p>Ali, ako tko zna sve o biv\u0161im Udba\u0161ima, onda je to sigurno \u2013 Josip Manoli\u0107, koji bi vam vjerojatno od prve otkrio i tko stoji iza pamfleta generala. Je li ga tko pitao?<\/p>\n<p>A taj Manoli\u0107, koji je ve\u0107 pre\u0161ao i stotu godinu \u017eivota (ali i dalje rovari) o\u010dito se ve\u0107 popeo na onu stvar i \u010dasnom i uva\u017eenom \u00a0profesoru, dr. emeritusu Andriji Hebrangu, ali i ne samo njemu.<\/p>\n<p>Ovaj slavni biv\u0161i Udba\u0161 svojedobno je podnio kaznenu prijavu protiv Hebranga, jer je u jednoj\u00a0 TV emisiji rekao da je OZNA ubijala bez suda.<\/p>\n<ul>\n<li>\u201ePripremao sam se braniti do Strasbourga, jer znam da protiv Manoli\u0107a u hrvatskom pravosu\u0111u ne mogu dobiti spor\u201c \u2013 napisao je Hebrang te dodao: \u201eTako je bilo i u prvom stupnju. Drug sudac mi je odbio pismene dokaze izva\u0111ene iz Dr\u017eavnog arhiva, ali i svjedo\u010denje trojice svjedoka koji se bave razdobljem 1945. godine. Ovu trojicu je odbio s obrazlo\u017eenjem da se 1945. jo\u0161 nisu ni rodili? (Da pukne\u0161 od smijeha, op.p.) Pa onda, drug sudac, rekao sam,\u00a0 odmah zabranite izu\u010davanje egipatske, rimske, gr\u010dke\u2026povijesti, jer ti povjesni\u010dari se tako\u0111er tada nisu rodili! \u017dupanijski sud je poni\u0161tio presudu i vratio istom sucu. Veselio sam se novom su\u010deljavanju s mojim tu\u017eiteljem Manoli\u0107em, ali na \u017ealost nije do\u0161ao na raspravu. Sada po nekim tekstovima vidim da je ozbiljno bolestan, pa mi je jako \u017eao da ga ne\u0107u privesti sudu u Strasbourgu, ne zbog sebe, nego zbog povijesti. O sucu i sudu ne moram re\u0107i vi\u0161e ni rije\u010d, osim da se sudilo\u00a0 na temelju neoriginalne TV snimke, nego, jo\u0161 gore, na temelju kopije s YouTube-a! No, kako sam znao tko nam je u pravosu\u0111u, unaprijed sam uzeo odvjetnike specijaliste za Sud za ljudska prava u Strasbourgu. Bez obzira na pravorijek\u00a0 presude , ovisno o tome\u00a0 ho\u0107e li moj tu\u017eitelj\u00a0 mo\u0107i do\u0107i na raspravu, poslat \u0107u cjelokupnu dokumentaciju u Strasbourg, neka ostane u arhivi. Za budu\u0107a europska pokoljenja. Isti oni koje su mene i moju obitelj gonili u komunizmu, rade to i sada. Ali vrijeme ide\u2026- istaknuo je Hebrang, koji se o\u010dito nikada ne predaje.<\/li>\n<\/ul>\n<p>Nu, kad je rije\u010d o \u201ededi Manoli\u0107u\u201c\u00a0 sli\u010dnu pri\u010du \u010duli smo i od uspje\u0161nog gospodarstvenika Antona Kika\u0161a, koji \u017eivi i radi u Kanadi.Za razliku od Hebranga, on je tu\u017eio Manoli\u0107a, jer ga je nazvao \u201eUdba\u0161em\u201c, tj. da je radio za ovu zlo\u010dina\u010dku organizaciju, u kojoj je jedan od \u0161efova i egzekutora bio ba\u0161 Manoli\u0107, \u0161to najbolje znaju oni u Bjelovaru, koji su ga navodno proglasili i personom non grata.<\/p>\n<p>U slu\u010daju Kika\u0161, sud je prvo nekoliko godina njegovu tu\u017ebu dr\u017eao u ladici (da se hladi), a kad je krenulo su\u0111enje Manoli\u0107 je sve slabije \u010duo i sve slabije vidio! (Sic!) \u010cak je njegov odvjetnik (Nobilo) navodno izjavio da \u201evi\u0161e nije pri sebi\u201c ili tako nekako, pa je i u ovom slu\u010daju nakon desetak godina \u2013 sve po starom, tj., na po\u010detku.<\/p>\n<p>Kika\u0161 je u me\u0111uvremenu \u010dak ponudio i nagradu od milijun dolara onome tko donese papire da je bio suradnik Udbe, ali \u201edobitnik\u201c \u00a0se do danas nije pojavio.<\/p>\n<p>Sve u svemu, ako je suditi po Manoli\u0107u, biv\u0161i Udba\u0161i su vrlo \u017eilavi, a Bog im je dao i da dugo \u017eive. Ali, kakva je politi\u010dka i ina situacija trenuta\u010dno u Hrvatskoj, jednog dana kada umre (ne dao Bog!) vjerojatno \u0107e imati ve\u0107i sprovodi od \u201etrenera svih trenera\u201c, jer stje\u010de se dojam da kad jedan Udba\u0161 \u201eutihne\u201c odmah tri druga (jo\u0161 i gora) dolaze na njegovo mjesto.<\/p>\n<p>Zbog toga, \u017eivite vi nama manoli\u0107i barem jo\u0161 stotinu godina!<\/p>\n<p>Mladen Pavkovi\u0107, predsjednik Udruge hrvatskih branitelja Domovinskog rata91. (UHBDR91.)<\/p>\n","protected":false},"excerpt":{"rendered":"<p>Je li jo\u0161 uvijek aktualno Otvoreno pismo koje je pro\u0161le godine, u travnju, skupina generala predvo\u0111ena biv\u0161im i sada\u0161njim \u010dlanovima notorne udruge Hrvatskog generalskog zbora (HGZ) na \u010delu sa Gotovinom, \u010cermakom, Rojsom, Miljavcem, i Davorom Domazetom Lo\u0161om, te Marinkom Kre\u0161i\u0107em i Kre\u0161imirom \u0106osi\u0107em, (koji su ne\u0161to kasnije povukli potpise, je li za stvarno ili za [&hellip;]<\/p>\n","protected":false},"author":1,"featured_media":0,"comment_status":"open","ping_status":"open","sticky":false,"template":"","format":"standard","meta":{"footnotes":""},"categories":[1],"tags":[665,1514,664],"class_list":["post-12634","post","type-post","status-publish","format-standard","hentry","category-novosti","tag-josip-perkovic","tag-joza-manolic","tag-zdravko-mustac"],"_links":{"self":[{"href":"https:\/\/viktimologija.com.hr\/wp\/wp-json\/wp\/v2\/posts\/12634","targetHints":{"allow":["GET"]}}],"collection":[{"href":"https:\/\/viktimologija.com.hr\/wp\/wp-json\/wp\/v2\/posts"}],"about":[{"href":"https:\/\/viktimologija.com.hr\/wp\/wp-json\/wp\/v2\/types\/post"}],"author":[{"embeddable":true,"href":"https:\/\/viktimologija.com.hr\/wp\/wp-json\/wp\/v2\/users\/1"}],"replies":[{"embeddable":true,"href":"https:\/\/viktimologija.com.hr\/wp\/wp-json\/wp\/v2\/comments?post=12634"}],"version-history":[{"count":4,"href":"https:\/\/viktimologija.com.hr\/wp\/wp-json\/wp\/v2\/posts\/12634\/revisions"}],"predecessor-version":[{"id":12638,"href":"https:\/\/viktimologija.com.hr\/wp\/wp-json\/wp\/v2\/posts\/12634\/revisions\/12638"}],"wp:attachment":[{"href":"https:\/\/viktimologija.com.hr\/wp\/wp-json\/wp\/v2\/media?parent=12634"}],"wp:term":[{"taxonomy":"category","embeddable":true,"href":"https:\/\/viktimologija.com.hr\/wp\/wp-json\/wp\/v2\/categories?post=12634"},{"taxonomy":"post_tag","embeddable":true,"href":"https:\/\/viktimologija.com.hr\/wp\/wp-json\/wp\/v2\/tags?post=12634"}],"curies":[{"name":"wp","href":"https:\/\/api.w.org\/{rel}","templated":true}]}}