{"id":1265,"date":"2018-11-18T08:00:59","date_gmt":"2018-11-18T07:00:59","guid":{"rendered":"http:\/\/viktimologija.com.hr\/wp\/?p=1265"},"modified":"2019-01-15T16:09:44","modified_gmt":"2019-01-15T15:09:44","slug":"hodocasce-u-srednju-bosnu-1-dio","status":"publish","type":"post","link":"https:\/\/viktimologija.com.hr\/wp\/hodocasce-u-srednju-bosnu-1-dio\/","title":{"rendered":"HODO\u010cA\u0160\u0106E U SREDNJU BOSNU &#8211; 3.dio"},"content":{"rendered":"\r\n<h4 class=\"wp-block-heading\">21. listopada 2018. odr\u017eana je komemoracija za oko 150 hrvatskih \u017ertava masovnog pogubljenja nakon partizanskog zauzimanja Travnika 23.-25. listopada 1944.<\/h4>\r\n\r\n\r\n\r\n<figure class=\"wp-block-image\"><img loading=\"lazy\" decoding=\"async\" width=\"1087\" height=\"639\" class=\"wp-image-1291\" src=\"http:\/\/viktimologija.com.hr\/wp\/wp-content\/uploads\/2018\/10\/Rankovi\u0107i-pogled-na-N.-Travnik-7.jpg\" alt=\"\" srcset=\"https:\/\/viktimologija.com.hr\/wp\/wp-content\/uploads\/2018\/10\/Rankovi\u0107i-pogled-na-N.-Travnik-7.jpg 1087w, https:\/\/viktimologija.com.hr\/wp\/wp-content\/uploads\/2018\/10\/Rankovi\u0107i-pogled-na-N.-Travnik-7-300x176.jpg 300w, https:\/\/viktimologija.com.hr\/wp\/wp-content\/uploads\/2018\/10\/Rankovi\u0107i-pogled-na-N.-Travnik-7-768x451.jpg 768w, https:\/\/viktimologija.com.hr\/wp\/wp-content\/uploads\/2018\/10\/Rankovi\u0107i-pogled-na-N.-Travnik-7-1024x602.jpg 1024w, https:\/\/viktimologija.com.hr\/wp\/wp-content\/uploads\/2018\/10\/Rankovi\u0107i-pogled-na-N.-Travnik-7-830x488.jpg 830w, https:\/\/viktimologija.com.hr\/wp\/wp-content\/uploads\/2018\/10\/Rankovi\u0107i-pogled-na-N.-Travnik-7-230x135.jpg 230w, https:\/\/viktimologija.com.hr\/wp\/wp-content\/uploads\/2018\/10\/Rankovi\u0107i-pogled-na-N.-Travnik-7-350x206.jpg 350w, https:\/\/viktimologija.com.hr\/wp\/wp-content\/uploads\/2018\/10\/Rankovi\u0107i-pogled-na-N.-Travnik-7-480x282.jpg 480w\" sizes=\"auto, (max-width: 1087px) 100vw, 1087px\" \/><figcaption>Pogled iz Rija na Novi Travnik preko Rankovi\u0107a<\/figcaption><\/figure>\r\n\r\n\r\n\r\n\r\nO ovom doga\u0111aju u\u00a0<strong>\u0161umi Rije iznad sela Rankovi\u0107<\/strong>i se za vrijeme komunisti\u010dke Jugoslavije, kao i o mnogim drugim partizanskim zlo\u010dinima u gradu i travni\u010dkoj okolici, nije smjelo govoriti. Zarobljenici su bili pripadnici Hrvatske vojske, ali i civili ne samo iz Rankovi\u0107a, nego i iz cijele srednje Bosne, neki \u010dak iz Hrvatske.\r\n\r\n\r\n\r\n\r\n<div class=\"wp-block-image\">\r\n<figure class=\"aligncenter\"><img loading=\"lazy\" decoding=\"async\" width=\"1087\" height=\"639\" class=\"wp-image-1273\" src=\"http:\/\/viktimologija.com.hr\/wp\/wp-content\/uploads\/2018\/10\/Rankovi\u0107i-4.jpg\" alt=\"\" srcset=\"https:\/\/viktimologija.com.hr\/wp\/wp-content\/uploads\/2018\/10\/Rankovi\u0107i-4.jpg 1087w, https:\/\/viktimologija.com.hr\/wp\/wp-content\/uploads\/2018\/10\/Rankovi\u0107i-4-300x176.jpg 300w, https:\/\/viktimologija.com.hr\/wp\/wp-content\/uploads\/2018\/10\/Rankovi\u0107i-4-768x451.jpg 768w, https:\/\/viktimologija.com.hr\/wp\/wp-content\/uploads\/2018\/10\/Rankovi\u0107i-4-1024x602.jpg 1024w, https:\/\/viktimologija.com.hr\/wp\/wp-content\/uploads\/2018\/10\/Rankovi\u0107i-4-830x488.jpg 830w, https:\/\/viktimologija.com.hr\/wp\/wp-content\/uploads\/2018\/10\/Rankovi\u0107i-4-230x135.jpg 230w, https:\/\/viktimologija.com.hr\/wp\/wp-content\/uploads\/2018\/10\/Rankovi\u0107i-4-350x206.jpg 350w, https:\/\/viktimologija.com.hr\/wp\/wp-content\/uploads\/2018\/10\/Rankovi\u0107i-4-480x282.jpg 480w\" sizes=\"auto, (max-width: 1087px) 100vw, 1087px\" \/><figcaption>\u0160uma Rije &#8211; spomen plo\u010da podno kri\u017ea na mjestu stradanja<\/figcaption><\/figure>\r\n<\/div>\r\n\r\n\r\n\r\n\r\nPrema svjedo\u010denju <strong>jedinoga pre\u017eivjeloga, g. Stipe Lu\u010di\u0107a<\/strong>, sve <strong>\u017ertve vezane \u017eicom<\/strong> najprije su ispitivane u ku\u0107i Mladena Vidaka, a potom je zapo\u010delo klanje, nekima su i <strong>odrubili glave<\/strong>. Dvojica egzekutora kasnije su se time javno hvalila &#8211; <strong>Salih Bajri\u0107 Caco i Salko Suba\u0161i\u0107<\/strong> iz Novoga Travnika, tada nazvanog Pucarevo.\r\n\r\n\r\n\r\n\r\n<figure class=\"wp-block-image\"><img loading=\"lazy\" decoding=\"async\" width=\"1087\" height=\"639\" class=\"wp-image-1266\" src=\"http:\/\/viktimologija.com.hr\/wp\/wp-content\/uploads\/2018\/10\/Rankovi\u0107i-1-grobi\u0161te-spomen-kri\u017ea-u-\u0161umi.jpg\" alt=\"\" srcset=\"https:\/\/viktimologija.com.hr\/wp\/wp-content\/uploads\/2018\/10\/Rankovi\u0107i-1-grobi\u0161te-spomen-kri\u017ea-u-\u0161umi.jpg 1087w, https:\/\/viktimologija.com.hr\/wp\/wp-content\/uploads\/2018\/10\/Rankovi\u0107i-1-grobi\u0161te-spomen-kri\u017ea-u-\u0161umi-300x176.jpg 300w, https:\/\/viktimologija.com.hr\/wp\/wp-content\/uploads\/2018\/10\/Rankovi\u0107i-1-grobi\u0161te-spomen-kri\u017ea-u-\u0161umi-768x451.jpg 768w, https:\/\/viktimologija.com.hr\/wp\/wp-content\/uploads\/2018\/10\/Rankovi\u0107i-1-grobi\u0161te-spomen-kri\u017ea-u-\u0161umi-1024x602.jpg 1024w, https:\/\/viktimologija.com.hr\/wp\/wp-content\/uploads\/2018\/10\/Rankovi\u0107i-1-grobi\u0161te-spomen-kri\u017ea-u-\u0161umi-830x488.jpg 830w, https:\/\/viktimologija.com.hr\/wp\/wp-content\/uploads\/2018\/10\/Rankovi\u0107i-1-grobi\u0161te-spomen-kri\u017ea-u-\u0161umi-230x135.jpg 230w, https:\/\/viktimologija.com.hr\/wp\/wp-content\/uploads\/2018\/10\/Rankovi\u0107i-1-grobi\u0161te-spomen-kri\u017ea-u-\u0161umi-350x206.jpg 350w, https:\/\/viktimologija.com.hr\/wp\/wp-content\/uploads\/2018\/10\/Rankovi\u0107i-1-grobi\u0161te-spomen-kri\u017ea-u-\u0161umi-480x282.jpg 480w\" sizes=\"auto, (max-width: 1087px) 100vw, 1087px\" \/><figcaption>Kri\u017e na jednom od mjesta stradanja u \u0161umi Rije<\/figcaption><\/figure>\r\n\r\n\r\n\r\n\r\nMnoga mjesta stradanja na <strong>lokacijama u Travniku, Novom Travniku i Vitezu<\/strong>, kao niti na lokalitetu Rije\u00a0jo\u0161 nisu istra\u017eena, a procjene govore da je u tom stravi\u010dnom zlo\u010dinu u samo tri dana ubijeno i vi\u0161e od <strong>tri tisu\u0107e<\/strong> zarobljenih i ranjenih hrvatskih vojnika, hrvatskih civila, bolesnika u travni\u010dkoj bolnici, \u00a0a i ne mali broj travni\u010dkih Muslimana. Povjesni\u010dari tvrde da je Travnik u Drugom svjetskom ratu bio <strong>najve\u0107e hrvatsko strati\u0161te u BiH<\/strong>. Ovdje se radilo o plja\u010dka\u0161kom osvetni\u010dkom piru partizanskih kraji\u0161kih brigada uz suglasnost njihovih zapovjednika razjarenih gubitcima koje su pretrpjeli u borbama za Travnik, a prije svega zbog pogibije dvojice visokih oficira.\r\n\r\n\r\n\r\n\r\n\r\nDanas se na mjestu stradanja nalazi\r\nspomen-obilje\u017eje &#8211; hrvatska zastava i spomen-plo\u010da koji podsje\u0107aju na po\u010dinjene\r\nzlo\u010dine. \u017dupa danas pripada Travni\u010dkomu dekanatu, a grani\u010di sa \u017eupama\r\nPresvetoga Trojstva u Novom Travniku, UBDM u Dolcu, Sv. Martina u Bu\u010di\u0107ima i\r\nSv. Ilije u Rostovu. Nedaleko od crkve je i spomenuta obnovljena \u017eupna dvorana\r\nu kojoj se doga\u0111aju brojna \u017eupna i op\u0107edru\u0161tvena doga\u0111anja.\r\n\r\n\r\n\r\n\r\n<figure class=\"wp-block-image\"><img loading=\"lazy\" decoding=\"async\" width=\"1087\" height=\"640\" class=\"wp-image-1268\" src=\"http:\/\/viktimologija.com.hr\/wp\/wp-content\/uploads\/2018\/10\/Rankovi\u0107i-3-grobi\u0161te.jpg\" alt=\"\" srcset=\"https:\/\/viktimologija.com.hr\/wp\/wp-content\/uploads\/2018\/10\/Rankovi\u0107i-3-grobi\u0161te.jpg 1087w, https:\/\/viktimologija.com.hr\/wp\/wp-content\/uploads\/2018\/10\/Rankovi\u0107i-3-grobi\u0161te-300x177.jpg 300w, https:\/\/viktimologija.com.hr\/wp\/wp-content\/uploads\/2018\/10\/Rankovi\u0107i-3-grobi\u0161te-768x452.jpg 768w, https:\/\/viktimologija.com.hr\/wp\/wp-content\/uploads\/2018\/10\/Rankovi\u0107i-3-grobi\u0161te-1024x603.jpg 1024w, https:\/\/viktimologija.com.hr\/wp\/wp-content\/uploads\/2018\/10\/Rankovi\u0107i-3-grobi\u0161te-830x489.jpg 830w, https:\/\/viktimologija.com.hr\/wp\/wp-content\/uploads\/2018\/10\/Rankovi\u0107i-3-grobi\u0161te-230x135.jpg 230w, https:\/\/viktimologija.com.hr\/wp\/wp-content\/uploads\/2018\/10\/Rankovi\u0107i-3-grobi\u0161te-350x206.jpg 350w, https:\/\/viktimologija.com.hr\/wp\/wp-content\/uploads\/2018\/10\/Rankovi\u0107i-3-grobi\u0161te-480x283.jpg 480w\" sizes=\"auto, (max-width: 1087px) 100vw, 1087px\" \/><figcaption>Hrvatski pripadnici Armije BiH pola\u017eu vijenac<\/figcaption><\/figure>\r\n\r\n\r\n\r\n\r\nNa mjestu pogibelji u \u0161umi Rije kod \u017eupne crkve u selu Rankovi\u0107i koje broji oko <strong>550 obitelji<\/strong> i od Travnika je udaljeno nekoliko kilometara, svetu misu za ubijene predvodio je <strong>mons. dr. Anto Orlovac<\/strong>, generalni vikar banjolu\u010dke biskupije uz suslavlje <strong>mons. dr. Pave Juri\u0161i\u0107a i don Miljenka D\u017ealte<\/strong>, sedmog \u017eupnika <strong>\u017eupe Svetog Josipa<\/strong> od njezina osnivanja 1937.\r\nOvo spomen obilje\u017eje <strong>jedino je registrirano<\/strong> u po\u010dast ubijenim hrvatskim civilnim i vojnim \u017ertvama Drugog svjetskog rata na razini dr\u017eave BiH.\r\n\r\n\r\n\r\n\r\n<figure class=\"wp-block-image\"><img decoding=\"async\" class=\"wp-image-1271\" src=\"http:\/\/viktimologija.com.hr\/wp\/wp-content\/uploads\/2018\/10\/Rankovi\u0107i-6.jpg\" alt=\"\" \/><figcaption>Hodo\u010dasnici H\u017dD-a ispred spomenika \u017ertvama<\/figcaption><\/figure>\r\n\r\n\r\n\r\n\r\nKomemoraciji su prisustvovali kupre\u0161aci \u010diji su najmiliji ovdje pobijeni, izaslanstvo udruga proisteklih iz Domovinskog rata op\u0107ine Grude,\u00a0udruge proistekle iz Domovinskog rata op\u0107ine Novi Travnik s predsjednikom g. Zrinom Beljanom,\u00a0sve\u010dana postrojba Oru\u017eanih snaga BiH, zbor Zrinski iz\u00a0Osijeka te \u010dlanovi H\u017dD-a.\r\n\r\n\r\n\r\n\r\n<figure class=\"wp-block-image\"><img loading=\"lazy\" decoding=\"async\" width=\"1074\" height=\"631\" class=\"wp-image-1295\" src=\"http:\/\/viktimologija.com.hr\/wp\/wp-content\/uploads\/2018\/10\/Rankovi\u0107i-7.jpg\" alt=\"\" srcset=\"https:\/\/viktimologija.com.hr\/wp\/wp-content\/uploads\/2018\/10\/Rankovi\u0107i-7.jpg 1074w, https:\/\/viktimologija.com.hr\/wp\/wp-content\/uploads\/2018\/10\/Rankovi\u0107i-7-300x176.jpg 300w, https:\/\/viktimologija.com.hr\/wp\/wp-content\/uploads\/2018\/10\/Rankovi\u0107i-7-768x451.jpg 768w, https:\/\/viktimologija.com.hr\/wp\/wp-content\/uploads\/2018\/10\/Rankovi\u0107i-7-1024x602.jpg 1024w, https:\/\/viktimologija.com.hr\/wp\/wp-content\/uploads\/2018\/10\/Rankovi\u0107i-7-830x488.jpg 830w, https:\/\/viktimologija.com.hr\/wp\/wp-content\/uploads\/2018\/10\/Rankovi\u0107i-7-230x135.jpg 230w, https:\/\/viktimologija.com.hr\/wp\/wp-content\/uploads\/2018\/10\/Rankovi\u0107i-7-350x206.jpg 350w, https:\/\/viktimologija.com.hr\/wp\/wp-content\/uploads\/2018\/10\/Rankovi\u0107i-7-480x282.jpg 480w\" sizes=\"auto, (max-width: 1074px) 100vw, 1074px\" \/><figcaption>Branitelji s mladima i zastavama postrojbi<\/figcaption><\/figure>\r\n\r\n\r\n\r\n\r\nPrisjetimo se i dijela pro\u0161logodi\u0161nje propovijedi <strong>mons. Juri\u0161i\u0107a<\/strong> koji je kazao: <em>&#8220;&#8230;mi se spominjemo \u017ertava , ali \u017eelimo kao vjernici, dok osu\u0111ujemo zlodjela zlih ljudi, nadvladati poriv za osvetom. Kr\u0161\u0107anin ne bi trebao nikada na zlo\u010dine odgovarati zlo\u010dinima, ina\u010de ne bismo vidjeli ni trunke radosti u ovoj suznoj dolini, a samo bi jad umna\u017eali. Molimo Bo\u017ejem milosr\u0111u da pokojnima udijeli mir, a sve koji zlo \u010dine potakne na put obra\u0107enja, a koji su ga \u010dinili udijeli opro\u0161tenje&#8221;<\/em>.\r\n\r\n\r\n\r\n\r\n<figure class=\"wp-block-image\"><img loading=\"lazy\" decoding=\"async\" width=\"1087\" height=\"639\" class=\"wp-image-1269\" src=\"http:\/\/viktimologija.com.hr\/wp\/wp-content\/uploads\/2018\/10\/Rankovi\u0107i-4-crkveni-zbor.jpg\" alt=\"\" srcset=\"https:\/\/viktimologija.com.hr\/wp\/wp-content\/uploads\/2018\/10\/Rankovi\u0107i-4-crkveni-zbor.jpg 1087w, https:\/\/viktimologija.com.hr\/wp\/wp-content\/uploads\/2018\/10\/Rankovi\u0107i-4-crkveni-zbor-300x176.jpg 300w, https:\/\/viktimologija.com.hr\/wp\/wp-content\/uploads\/2018\/10\/Rankovi\u0107i-4-crkveni-zbor-768x451.jpg 768w, https:\/\/viktimologija.com.hr\/wp\/wp-content\/uploads\/2018\/10\/Rankovi\u0107i-4-crkveni-zbor-1024x602.jpg 1024w, https:\/\/viktimologija.com.hr\/wp\/wp-content\/uploads\/2018\/10\/Rankovi\u0107i-4-crkveni-zbor-830x488.jpg 830w, https:\/\/viktimologija.com.hr\/wp\/wp-content\/uploads\/2018\/10\/Rankovi\u0107i-4-crkveni-zbor-230x135.jpg 230w, https:\/\/viktimologija.com.hr\/wp\/wp-content\/uploads\/2018\/10\/Rankovi\u0107i-4-crkveni-zbor-350x206.jpg 350w, https:\/\/viktimologija.com.hr\/wp\/wp-content\/uploads\/2018\/10\/Rankovi\u0107i-4-crkveni-zbor-480x282.jpg 480w\" sizes=\"auto, (max-width: 1087px) 100vw, 1087px\" \/><figcaption>Zbor mladih &#8220;Zrinski&#8221; &#8211; Osijek<\/figcaption><\/figure>\r\n","protected":false},"excerpt":{"rendered":"<p>21. listopada 2018. odr\u017eana je komemoracija za oko 150 hrvatskih \u017ertava masovnog pogubljenja nakon partizanskog zauzimanja Travnika 23.-25. listopada 1944. O ovom doga\u0111aju u\u00a0\u0161umi Rije iznad sela Rankovi\u0107i se za vrijeme komunisti\u010dke Jugoslavije, kao i o mnogim drugim partizanskim zlo\u010dinima u gradu i travni\u010dkoj okolici, nije smjelo govoriti. Zarobljenici su bili pripadnici Hrvatske vojske, ali [&hellip;]<\/p>\n","protected":false},"author":1,"featured_media":0,"comment_status":"open","ping_status":"open","sticky":false,"template":"","format":"standard","meta":{"footnotes":""},"categories":[1],"tags":[],"class_list":["post-1265","post","type-post","status-publish","format-standard","hentry","category-novosti"],"_links":{"self":[{"href":"https:\/\/viktimologija.com.hr\/wp\/wp-json\/wp\/v2\/posts\/1265","targetHints":{"allow":["GET"]}}],"collection":[{"href":"https:\/\/viktimologija.com.hr\/wp\/wp-json\/wp\/v2\/posts"}],"about":[{"href":"https:\/\/viktimologija.com.hr\/wp\/wp-json\/wp\/v2\/types\/post"}],"author":[{"embeddable":true,"href":"https:\/\/viktimologija.com.hr\/wp\/wp-json\/wp\/v2\/users\/1"}],"replies":[{"embeddable":true,"href":"https:\/\/viktimologija.com.hr\/wp\/wp-json\/wp\/v2\/comments?post=1265"}],"version-history":[{"count":16,"href":"https:\/\/viktimologija.com.hr\/wp\/wp-json\/wp\/v2\/posts\/1265\/revisions"}],"predecessor-version":[{"id":1576,"href":"https:\/\/viktimologija.com.hr\/wp\/wp-json\/wp\/v2\/posts\/1265\/revisions\/1576"}],"wp:attachment":[{"href":"https:\/\/viktimologija.com.hr\/wp\/wp-json\/wp\/v2\/media?parent=1265"}],"wp:term":[{"taxonomy":"category","embeddable":true,"href":"https:\/\/viktimologija.com.hr\/wp\/wp-json\/wp\/v2\/categories?post=1265"},{"taxonomy":"post_tag","embeddable":true,"href":"https:\/\/viktimologija.com.hr\/wp\/wp-json\/wp\/v2\/tags?post=1265"}],"curies":[{"name":"wp","href":"https:\/\/api.w.org\/{rel}","templated":true}]}}