{"id":13073,"date":"2023-03-26T13:22:02","date_gmt":"2023-03-26T11:22:02","guid":{"rendered":"https:\/\/viktimologija.com.hr\/wp\/?p=13073"},"modified":"2023-04-02T15:27:55","modified_gmt":"2023-04-02T13:27:55","slug":"ante-beljo-u-crkvi-sv-roka-u-luki-sluzena-je-sveta-misa-za-biskupa-mucenika-josipa-mariju-carevica","status":"publish","type":"post","link":"https:\/\/viktimologija.com.hr\/wp\/ante-beljo-u-crkvi-sv-roka-u-luki-sluzena-je-sveta-misa-za-biskupa-mucenika-josipa-mariju-carevica\/","title":{"rendered":"Ante Beljo: U crkvi sv. Roka u Luki slu\u017eena je sveta misa za biskupa &#8211; mu\u010denika Josipa Mariju Carevi\u0107a"},"content":{"rendered":"<h3><strong><a href=\"https:\/\/viktimologija.com.hr\/wp\/wp-content\/uploads\/2023\/03\/Nikola-Madjar-25-ozujka-2023-sv-misa-u-crkvi-sv.-Roka-u-Luki.jpg\"><img loading=\"lazy\" decoding=\"async\" class=\"alignleft wp-image-13082\" src=\"https:\/\/viktimologija.com.hr\/wp\/wp-content\/uploads\/2023\/03\/Nikola-Madjar-25-ozujka-2023-sv-misa-u-crkvi-sv.-Roka-u-Luki-225x300.jpg\" alt=\"\" width=\"325\" height=\"433\" srcset=\"https:\/\/viktimologija.com.hr\/wp\/wp-content\/uploads\/2023\/03\/Nikola-Madjar-25-ozujka-2023-sv-misa-u-crkvi-sv.-Roka-u-Luki-225x300.jpg 225w, https:\/\/viktimologija.com.hr\/wp\/wp-content\/uploads\/2023\/03\/Nikola-Madjar-25-ozujka-2023-sv-misa-u-crkvi-sv.-Roka-u-Luki-768x1024.jpg 768w, https:\/\/viktimologija.com.hr\/wp\/wp-content\/uploads\/2023\/03\/Nikola-Madjar-25-ozujka-2023-sv-misa-u-crkvi-sv.-Roka-u-Luki-1152x1536.jpg 1152w, https:\/\/viktimologija.com.hr\/wp\/wp-content\/uploads\/2023\/03\/Nikola-Madjar-25-ozujka-2023-sv-misa-u-crkvi-sv.-Roka-u-Luki-830x1107.jpg 830w, https:\/\/viktimologija.com.hr\/wp\/wp-content\/uploads\/2023\/03\/Nikola-Madjar-25-ozujka-2023-sv-misa-u-crkvi-sv.-Roka-u-Luki-230x307.jpg 230w, https:\/\/viktimologija.com.hr\/wp\/wp-content\/uploads\/2023\/03\/Nikola-Madjar-25-ozujka-2023-sv-misa-u-crkvi-sv.-Roka-u-Luki-350x467.jpg 350w, https:\/\/viktimologija.com.hr\/wp\/wp-content\/uploads\/2023\/03\/Nikola-Madjar-25-ozujka-2023-sv-misa-u-crkvi-sv.-Roka-u-Luki-480x640.jpg 480w, https:\/\/viktimologija.com.hr\/wp\/wp-content\/uploads\/2023\/03\/Nikola-Madjar-25-ozujka-2023-sv-misa-u-crkvi-sv.-Roka-u-Luki.jpg 1200w\" sizes=\"auto, (max-width: 325px) 100vw, 325px\" \/><\/a>CRKVA SV. ROKA U LUKI <\/strong>\u2013 subota 25. o\u017eujka 2023. godine<\/h3>\n<p>Monsinjor Ivan Mikleni\u0107, dugogodi\u0161nji glavni urednik Glasa Koncila, u crkvi sv. Roka u Luki predvodio je misno slavlje povodom 140 godina ro\u0111enja i 78 godina mu\u010deni\u010dke smrti Metkovca biskupa Josipa Marije Carevi\u0107, jedinog biskupa u Hrvata koji tako stradao zbog vjere u vrijeme Drugog svjetskog rata i pora\u0107a.<\/p>\n<p>Koncelebrirali su don Luka Sljep\u010devi\u0107 iz \u017eupe Veliko Trgovi\u0161te, salezijanac Josip Krpi\u0107 iz Sveta Mati Slobode i \u017eupnik \u017eupe Luka Dra\u017een Radigovi\u0107.<\/p>\n<p>Nakon misnog slavlja kratko predavanje o \u017eivotu biskupa Carevi\u0107a odr\u017eao sam ja ispred Hrvatskog \u017ertvoslovnog dru\u0161tva i don Luka Sljep\u010devi\u0107, iz \u017dupe Veliko Trgovi\u0161\u0107e.<\/p>\n<p>Grupa Radio boys izvela je prigodan program te premijerno izvela pjesmu \u201eKardinal\u201c &#8211; skladatelj Neno Nin\u010devi\u0107 posve\u0107enu bl. Alojziju Stepincu.<\/p>\n<div class=\"x11i5rnm xat24cr x1mh8g0r x1vvkbs xtlvy1s x126k92a\">\n<div dir=\"auto\"><strong>KARDINAL<\/strong><\/div>\n<div dir=\"auto\">Gospodaru neba, evo me pa sudi,<\/div>\n<div dir=\"auto\">Jel tako kako ka\u017eu neki ljudi?<\/div>\n<div dir=\"auto\">Jel mi srce \u010disto, jel sam vrijedan raja<\/div>\n<div dir=\"auto\">Sad kad put zemaljski dolazi do kraja?<\/div>\n<div dir=\"auto\"><\/div>\n<\/div>\n<div class=\"x11i5rnm xat24cr x1mh8g0r x1vvkbs xtlvy1s x126k92a\">\n<div dir=\"auto\">-Kardinale \u010dujem sve \u0161to ljudi zbore,<\/div>\n<div dir=\"auto\">Srce ti je \u010disto, do\u0111i ocu gore.<\/div>\n<div dir=\"auto\">Dugo \u0107e se tvoje \u010dasno ime znati<\/div>\n<div dir=\"auto\">Ispred tvoje slike molit \u0107e Hrvati.<\/div>\n<div dir=\"auto\"><\/div>\n<\/div>\n<div class=\"x11i5rnm xat24cr x1mh8g0r x1vvkbs xtlvy1s x126k92a\">\n<div dir=\"auto\">Ref. Tko za narod gine, tko za pravdu pada,<\/div>\n<div dir=\"auto\">\u010cekaju ga svjetla nebeskoga grada<\/div>\n<div dir=\"auto\">Na sve strane neba, dok se pogled pru\u017ea<\/div>\n<div dir=\"auto\">Cvatu rajska polja od hrvatskih ru\u017ea.<\/div>\n<div dir=\"auto\"><\/div>\n<\/div>\n<div class=\"x11i5rnm xat24cr x1mh8g0r x1vvkbs xtlvy1s x126k92a\">\n<div dir=\"auto\">Gospodaru neba, kleko sam i molim,<\/div>\n<div dir=\"auto\">\u010cuvaj ovaj narod, zemlju koju volim,<\/div>\n<div dir=\"auto\">Jer Hrvatska nije sve to lako stekla,<\/div>\n<div dir=\"auto\">Rijeka na\u0161e krvi duboko je tekla.<\/div>\n<div dir=\"auto\"><\/div>\n<\/div>\n<div class=\"x11i5rnm xat24cr x1mh8g0r x1vvkbs xtlvy1s x126k92a\">\n<div dir=\"auto\">-Kardinale sve sam vidio od gore,<\/div>\n<div dir=\"auto\">Kako ljudi ginu i hrabro se bore,<\/div>\n<div dir=\"auto\">Tvoja \u0107e se zemlja Croatia zvati,<\/div>\n<div dir=\"auto\">Dok je mene bit \u0107e slobodni Hrvati<\/div>\n<div dir=\"auto\"><\/div>\n<\/div>\n<div class=\"x11i5rnm xat24cr x1mh8g0r x1vvkbs xtlvy1s x126k92a\">\n<div dir=\"auto\">Ref. Tko za narod gine, tko za pravdu pada,<\/div>\n<div dir=\"auto\">\u010cekaju ga svjetla nebeskoga grada<\/div>\n<div dir=\"auto\">Na sve strane neba, dok se pogled pru\u017ea<\/div>\n<div dir=\"auto\">Cvatu rajska polja od hrvatskih ru\u017ea<\/div>\n<\/div>\n<p>&nbsp;<\/p>\n<p><a href=\"https:\/\/viktimologija.com.hr\/wp\/wp-content\/uploads\/2023\/03\/Ante-Beljo-Misa-za-biskupa-Carevica-2023.jpg\"><img loading=\"lazy\" decoding=\"async\" class=\"size-medium wp-image-13113 alignleft\" src=\"https:\/\/viktimologija.com.hr\/wp\/wp-content\/uploads\/2023\/03\/Ante-Beljo-Misa-za-biskupa-Carevica-2023-300x217.jpg\" alt=\"\" width=\"300\" height=\"217\" srcset=\"https:\/\/viktimologija.com.hr\/wp\/wp-content\/uploads\/2023\/03\/Ante-Beljo-Misa-za-biskupa-Carevica-2023-300x217.jpg 300w, https:\/\/viktimologija.com.hr\/wp\/wp-content\/uploads\/2023\/03\/Ante-Beljo-Misa-za-biskupa-Carevica-2023-1024x742.jpg 1024w, https:\/\/viktimologija.com.hr\/wp\/wp-content\/uploads\/2023\/03\/Ante-Beljo-Misa-za-biskupa-Carevica-2023-768x556.jpg 768w, https:\/\/viktimologija.com.hr\/wp\/wp-content\/uploads\/2023\/03\/Ante-Beljo-Misa-za-biskupa-Carevica-2023-830x601.jpg 830w, https:\/\/viktimologija.com.hr\/wp\/wp-content\/uploads\/2023\/03\/Ante-Beljo-Misa-za-biskupa-Carevica-2023-550x400.jpg 550w, https:\/\/viktimologija.com.hr\/wp\/wp-content\/uploads\/2023\/03\/Ante-Beljo-Misa-za-biskupa-Carevica-2023-230x167.jpg 230w, https:\/\/viktimologija.com.hr\/wp\/wp-content\/uploads\/2023\/03\/Ante-Beljo-Misa-za-biskupa-Carevica-2023-350x254.jpg 350w, https:\/\/viktimologija.com.hr\/wp\/wp-content\/uploads\/2023\/03\/Ante-Beljo-Misa-za-biskupa-Carevica-2023-480x348.jpg 480w, https:\/\/viktimologija.com.hr\/wp\/wp-content\/uploads\/2023\/03\/Ante-Beljo-Misa-za-biskupa-Carevica-2023.jpg 1317w\" sizes=\"auto, (max-width: 300px) 100vw, 300px\" \/><\/a> <a href=\"https:\/\/viktimologija.com.hr\/wp\/wp-content\/uploads\/2023\/03\/Zupa-Luka-Sveta-misa-za-biskupa-Carevica.jpg\"><img loading=\"lazy\" decoding=\"async\" class=\" wp-image-13115 alignleft\" src=\"https:\/\/viktimologija.com.hr\/wp\/wp-content\/uploads\/2023\/03\/Zupa-Luka-Sveta-misa-za-biskupa-Carevica-300x175.jpg\" alt=\"\" width=\"369\" height=\"215\" srcset=\"https:\/\/viktimologija.com.hr\/wp\/wp-content\/uploads\/2023\/03\/Zupa-Luka-Sveta-misa-za-biskupa-Carevica-300x175.jpg 300w, https:\/\/viktimologija.com.hr\/wp\/wp-content\/uploads\/2023\/03\/Zupa-Luka-Sveta-misa-za-biskupa-Carevica-1024x598.jpg 1024w, https:\/\/viktimologija.com.hr\/wp\/wp-content\/uploads\/2023\/03\/Zupa-Luka-Sveta-misa-za-biskupa-Carevica-768x448.jpg 768w, https:\/\/viktimologija.com.hr\/wp\/wp-content\/uploads\/2023\/03\/Zupa-Luka-Sveta-misa-za-biskupa-Carevica-1536x897.jpg 1536w, https:\/\/viktimologija.com.hr\/wp\/wp-content\/uploads\/2023\/03\/Zupa-Luka-Sveta-misa-za-biskupa-Carevica-830x485.jpg 830w, https:\/\/viktimologija.com.hr\/wp\/wp-content\/uploads\/2023\/03\/Zupa-Luka-Sveta-misa-za-biskupa-Carevica-230x134.jpg 230w, https:\/\/viktimologija.com.hr\/wp\/wp-content\/uploads\/2023\/03\/Zupa-Luka-Sveta-misa-za-biskupa-Carevica-350x204.jpg 350w, https:\/\/viktimologija.com.hr\/wp\/wp-content\/uploads\/2023\/03\/Zupa-Luka-Sveta-misa-za-biskupa-Carevica-480x280.jpg 480w, https:\/\/viktimologija.com.hr\/wp\/wp-content\/uploads\/2023\/03\/Zupa-Luka-Sveta-misa-za-biskupa-Carevica.jpg 1600w\" sizes=\"auto, (max-width: 369px) 100vw, 369px\" \/><\/a><\/p>\n<p>&nbsp;<\/p>\n<p>&nbsp;<\/p>\n<p>&nbsp;<\/p>\n<p>&nbsp;<\/p>\n<p>&nbsp;<\/p>\n<p><a href=\"https:\/\/viktimologija.com.hr\/wp\/wp-content\/uploads\/2023\/03\/Sveta-Misa-u-zupi-Luka-za-biskupa-Carevica-2023.jpg\"><img loading=\"lazy\" decoding=\"async\" class=\"alignleft wp-image-13114 size-large\" src=\"https:\/\/viktimologija.com.hr\/wp\/wp-content\/uploads\/2023\/03\/Sveta-Misa-u-zupi-Luka-za-biskupa-Carevica-2023-1024x484.jpg\" alt=\"\" width=\"1024\" height=\"484\" srcset=\"https:\/\/viktimologija.com.hr\/wp\/wp-content\/uploads\/2023\/03\/Sveta-Misa-u-zupi-Luka-za-biskupa-Carevica-2023-1024x484.jpg 1024w, https:\/\/viktimologija.com.hr\/wp\/wp-content\/uploads\/2023\/03\/Sveta-Misa-u-zupi-Luka-za-biskupa-Carevica-2023-300x142.jpg 300w, https:\/\/viktimologija.com.hr\/wp\/wp-content\/uploads\/2023\/03\/Sveta-Misa-u-zupi-Luka-za-biskupa-Carevica-2023-768x363.jpg 768w, https:\/\/viktimologija.com.hr\/wp\/wp-content\/uploads\/2023\/03\/Sveta-Misa-u-zupi-Luka-za-biskupa-Carevica-2023-1536x727.jpg 1536w, https:\/\/viktimologija.com.hr\/wp\/wp-content\/uploads\/2023\/03\/Sveta-Misa-u-zupi-Luka-za-biskupa-Carevica-2023-830x393.jpg 830w, https:\/\/viktimologija.com.hr\/wp\/wp-content\/uploads\/2023\/03\/Sveta-Misa-u-zupi-Luka-za-biskupa-Carevica-2023-230x109.jpg 230w, https:\/\/viktimologija.com.hr\/wp\/wp-content\/uploads\/2023\/03\/Sveta-Misa-u-zupi-Luka-za-biskupa-Carevica-2023-350x166.jpg 350w, https:\/\/viktimologija.com.hr\/wp\/wp-content\/uploads\/2023\/03\/Sveta-Misa-u-zupi-Luka-za-biskupa-Carevica-2023-480x227.jpg 480w, https:\/\/viktimologija.com.hr\/wp\/wp-content\/uploads\/2023\/03\/Sveta-Misa-u-zupi-Luka-za-biskupa-Carevica-2023.jpg 1600w\" sizes=\"auto, (max-width: 1024px) 100vw, 1024px\" \/><\/a><\/p>\n<p>&nbsp;<\/p>\n<p>&nbsp;<\/p>\n<p>&nbsp;<\/p>\n<p>&nbsp;<\/p>\n<p>&nbsp;<\/p>\n<p>&nbsp;<\/p>\n<p>&nbsp;<\/p>\n<p>&nbsp;<\/p>\n<p>&nbsp;<\/p>\n<p>&nbsp;<\/p>\n<p>&nbsp;<\/p>\n<p><em>Ante Beljo, predsjednik Hrvatskog \u017ertvoslovnog dru\u0161tva<\/em><\/p>\n<p>Fotografija: Nikola Madjer i Iva Kajfe\u0161 \/Arhiva H\u017dD\/<\/p>\n<p>&nbsp;<\/p>\n","protected":false},"excerpt":{"rendered":"<p>CRKVA SV. ROKA U LUKI \u2013 subota 25. o\u017eujka 2023. godine Monsinjor Ivan Mikleni\u0107, dugogodi\u0161nji glavni urednik Glasa Koncila, u crkvi sv. Roka u Luki predvodio je misno slavlje povodom 140 godina ro\u0111enja i 78 godina mu\u010deni\u010dke smrti Metkovca biskupa Josipa Marije Carevi\u0107, jedinog biskupa u Hrvata koji tako stradao zbog vjere u vrijeme Drugog [&hellip;]<\/p>\n","protected":false},"author":1,"featured_media":0,"comment_status":"open","ping_status":"open","sticky":false,"template":"","format":"standard","meta":{"footnotes":""},"categories":[1],"tags":[39,1644,1658,1689,83,691,1657,1662,1660,1661],"class_list":["post-13073","post","type-post","status-publish","format-standard","hentry","category-novosti","tag-ante-beljo","tag-biskup-josip-marija-carevic","tag-crkva-sc-roka-u-luki","tag-don-luka-slijepcevic","tag-hrvatsko-zrtvoslovno-drustvo","tag-iva-kajfes","tag-monsinjor-ivan-miklenic","tag-nikola-madjer","tag-salezijanac-josip-krpic-iz-sveta-mati-slobode","tag-zupnik-zupe-luka-drazen-radigovic"],"_links":{"self":[{"href":"https:\/\/viktimologija.com.hr\/wp\/wp-json\/wp\/v2\/posts\/13073","targetHints":{"allow":["GET"]}}],"collection":[{"href":"https:\/\/viktimologija.com.hr\/wp\/wp-json\/wp\/v2\/posts"}],"about":[{"href":"https:\/\/viktimologija.com.hr\/wp\/wp-json\/wp\/v2\/types\/post"}],"author":[{"embeddable":true,"href":"https:\/\/viktimologija.com.hr\/wp\/wp-json\/wp\/v2\/users\/1"}],"replies":[{"embeddable":true,"href":"https:\/\/viktimologija.com.hr\/wp\/wp-json\/wp\/v2\/comments?post=13073"}],"version-history":[{"count":19,"href":"https:\/\/viktimologija.com.hr\/wp\/wp-json\/wp\/v2\/posts\/13073\/revisions"}],"predecessor-version":[{"id":13177,"href":"https:\/\/viktimologija.com.hr\/wp\/wp-json\/wp\/v2\/posts\/13073\/revisions\/13177"}],"wp:attachment":[{"href":"https:\/\/viktimologija.com.hr\/wp\/wp-json\/wp\/v2\/media?parent=13073"}],"wp:term":[{"taxonomy":"category","embeddable":true,"href":"https:\/\/viktimologija.com.hr\/wp\/wp-json\/wp\/v2\/categories?post=13073"},{"taxonomy":"post_tag","embeddable":true,"href":"https:\/\/viktimologija.com.hr\/wp\/wp-json\/wp\/v2\/tags?post=13073"}],"curies":[{"name":"wp","href":"https:\/\/api.w.org\/{rel}","templated":true}]}}