{"id":1517,"date":"2018-12-10T22:40:12","date_gmt":"2018-12-10T21:40:12","guid":{"rendered":"http:\/\/viktimologija.com.hr\/wp\/?p=1517"},"modified":"2019-01-04T18:27:16","modified_gmt":"2019-01-04T17:27:16","slug":"dan-ljudskih-prava-2018","status":"publish","type":"post","link":"https:\/\/viktimologija.com.hr\/wp\/dan-ljudskih-prava-2018\/","title":{"rendered":"DAN LJUDSKIH PRAVA &#8211; 550 SVIJE\u0106A ZA 550 VOJNIKA"},"content":{"rendered":"\r\n<h4 class=\"wp-block-heading\">U hrvatskom medijskom prostoru <em>ljudska prava<\/em> \u010desta su tema, no kr\u0161enja mnogih ljudskih prava vlastitog naroda u proteklim ratovima 20. stolje\u0107a tema je koja jo\u0161 uvijek ne nalazi interes medija, a time niti mjesto u svijesti hrvatskog naroda.<\/h4>\r\n\r\n\r\n\r\n\r\nU nakani potpunog i radikalnog obra\u010duna jugoslavenskih komunista s neprijateljem, MUP Demokratske Federativne Jugoslavije donijelo je 18. svibnja 1945., Odluku br. 1253 o <strong>uklanjanju grobalja i grobova<\/strong> \u201cokupatora\u201d i \u201cnarodnih neprijatelja\u201d, koja je obuhvatila groblja i nadgrobne spomenike vojnika njema\u010dke, talijanske i ma\u0111arske vojske, te usta\u0161e, \u010detnike i slovenske domobrane. Ministar unutarnjih poslova FD Hrvatske <strong>Vicko Krstulovi\u0107<\/strong> pojasnio je: \u201c&#8230;da se ukloni sve, \u0161to bi moglo potsje\u0107ati na vremena fa\u0161isti\u010dkog zuluma\u201c.\u00a0Iako je odluka izuzimala grobove hrvatskih domobrana, lokalne su vlasti, svjedo\u010de doga\u0111aji, i stanje na grobljima, uni\u0161tavale groblja, grobove i nadgrobne spomenike svih neprijateljskih vojska, uklju\u010duju\u0107i i domobranske.\r\n\r\n\r\n\r\n\r\n<figure class=\"wp-block-image\">\r\n\r\n<figure id=\"attachment_1530\" aria-describedby=\"caption-attachment-1530\" style=\"width: 1927px\" class=\"wp-caption aligncenter\"><img loading=\"lazy\" decoding=\"async\" class=\"wp-image-1530\" src=\"http:\/\/viktimologija.com.hr\/wp\/wp-content\/uploads\/2018\/12\/Odluka-o-uklanjanju.jpg\" alt=\"\" width=\"1927\" height=\"2760\" srcset=\"https:\/\/viktimologija.com.hr\/wp\/wp-content\/uploads\/2018\/12\/Odluka-o-uklanjanju.jpg 1927w, https:\/\/viktimologija.com.hr\/wp\/wp-content\/uploads\/2018\/12\/Odluka-o-uklanjanju-209x300.jpg 209w, https:\/\/viktimologija.com.hr\/wp\/wp-content\/uploads\/2018\/12\/Odluka-o-uklanjanju-768x1100.jpg 768w, https:\/\/viktimologija.com.hr\/wp\/wp-content\/uploads\/2018\/12\/Odluka-o-uklanjanju-715x1024.jpg 715w, https:\/\/viktimologija.com.hr\/wp\/wp-content\/uploads\/2018\/12\/Odluka-o-uklanjanju-830x1189.jpg 830w, https:\/\/viktimologija.com.hr\/wp\/wp-content\/uploads\/2018\/12\/Odluka-o-uklanjanju-230x329.jpg 230w, https:\/\/viktimologija.com.hr\/wp\/wp-content\/uploads\/2018\/12\/Odluka-o-uklanjanju-350x501.jpg 350w, https:\/\/viktimologija.com.hr\/wp\/wp-content\/uploads\/2018\/12\/Odluka-o-uklanjanju-480x687.jpg 480w\" sizes=\"auto, (max-width: 1927px) 100vw, 1927px\" \/><figcaption id=\"caption-attachment-1530\" class=\"wp-caption-text\">Preslik Odluke iz 1945.<\/figcaption><\/figure><\/figure>\r\n\r\n\r\n\r\n\r\nU Hrvatskoj, kao i drugdje u Jugoslaviji, uklanjanje grobalja i grobova u neposrednom pora\u0107u sustavno je provedeno i na Mirogoju gdje je u ljeto 1945. u potpunosti uklonjeno njema\u010dko i hrvatsko vojni\u010dko groblje, najmanje 3.000 grobova njema\u010dkih vojnika, pripadnika Wehrmachta i Waffen-SS-a te pripadnika Oru\u017eanih snaga NDH &#8211; domobrana i usta\u0161a. Predstavku u svezi skidanja kri\u017eeva na Mirogoju i drugdje po katoli\u010dkim grobljima zagreba\u010dki je nadbiskup <strong>Alojzije Stepinac<\/strong> 18. kolovoza 1945., saznav\u0161i za nemile doga\u0111aje, dostavio predsjedniku Vlade Federalne Hrvatske Vladimiru Bakari\u0107u\r\n\r\n\r\n\r\n\r\n<figure class=\"wp-block-image\"><img loading=\"lazy\" decoding=\"async\" width=\"1654\" height=\"2339\" class=\"wp-image-1534\" src=\"http:\/\/viktimologija.com.hr\/wp\/wp-content\/uploads\/2018\/12\/Pismo-Stepiniac.jpg\" alt=\"\" srcset=\"https:\/\/viktimologija.com.hr\/wp\/wp-content\/uploads\/2018\/12\/Pismo-Stepiniac.jpg 1654w, https:\/\/viktimologija.com.hr\/wp\/wp-content\/uploads\/2018\/12\/Pismo-Stepiniac-212x300.jpg 212w, https:\/\/viktimologija.com.hr\/wp\/wp-content\/uploads\/2018\/12\/Pismo-Stepiniac-768x1086.jpg 768w, https:\/\/viktimologija.com.hr\/wp\/wp-content\/uploads\/2018\/12\/Pismo-Stepiniac-724x1024.jpg 724w, https:\/\/viktimologija.com.hr\/wp\/wp-content\/uploads\/2018\/12\/Pismo-Stepiniac-830x1174.jpg 830w, https:\/\/viktimologija.com.hr\/wp\/wp-content\/uploads\/2018\/12\/Pismo-Stepiniac-230x325.jpg 230w, https:\/\/viktimologija.com.hr\/wp\/wp-content\/uploads\/2018\/12\/Pismo-Stepiniac-350x495.jpg 350w, https:\/\/viktimologija.com.hr\/wp\/wp-content\/uploads\/2018\/12\/Pismo-Stepiniac-480x679.jpg 480w\" sizes=\"auto, (max-width: 1654px) 100vw, 1654px\" \/><figcaption>Preslik pisma nadbiskupa Stepinca<\/figcaption><\/figure>\r\n\r\n\r\n\r\n\r\nNa groblju Mirogoj podignuto je nekoliko spomen-obilje\u017eja poginulim hrvatskim vojnicima: <strong>kameni spomen-kri\u017e<\/strong> na vojni\u010dkom groblju (Dru\u0161tvo hrvatski domobran \u2013 1993), <strong>nadgrobni spomenik<\/strong> na grobnom polju 55A posve\u0107em zajedni\u010dkom grobu 250 hrvatskih vojnika \u010diji su posmrtni ostatci tako\u0111er iskopani 1945. (Ujedinjeni Hrvati Kanade &#8211; Vancouver i \u201c\u010casni\u010dki klub 242 Zagreb \u2013 2000.), <strong>mramorni spomen-kri\u017e<\/strong> (Hrvatski domobran Ogranak Zagreb &#8211; 2013.) s natpisom <em>Vje\u010dni spomen i slava poginulim i umrlim ovdje sahranjenim pripadnicima Hrvatske vojske 1941.-1945. uz nezaboravno sje\u0107anje, jer &#8211; s nama su<\/em>\r\n\r\n\r\n\r\n\r\n<figure class=\"wp-block-image\"><img loading=\"lazy\" decoding=\"async\" width=\"1024\" height=\"609\" class=\"wp-image-1501\" src=\"http:\/\/viktimologija.com.hr\/wp\/wp-content\/uploads\/2018\/12\/Misa-Mirogoj-20018.jpg\" alt=\"\" srcset=\"https:\/\/viktimologija.com.hr\/wp\/wp-content\/uploads\/2018\/12\/Misa-Mirogoj-20018.jpg 1024w, https:\/\/viktimologija.com.hr\/wp\/wp-content\/uploads\/2018\/12\/Misa-Mirogoj-20018-300x178.jpg 300w, https:\/\/viktimologija.com.hr\/wp\/wp-content\/uploads\/2018\/12\/Misa-Mirogoj-20018-768x457.jpg 768w, https:\/\/viktimologija.com.hr\/wp\/wp-content\/uploads\/2018\/12\/Misa-Mirogoj-20018-830x494.jpg 830w, https:\/\/viktimologija.com.hr\/wp\/wp-content\/uploads\/2018\/12\/Misa-Mirogoj-20018-230x137.jpg 230w, https:\/\/viktimologija.com.hr\/wp\/wp-content\/uploads\/2018\/12\/Misa-Mirogoj-20018-350x208.jpg 350w, https:\/\/viktimologija.com.hr\/wp\/wp-content\/uploads\/2018\/12\/Misa-Mirogoj-20018-480x285.jpg 480w\" sizes=\"auto, (max-width: 1024px) 100vw, 1024px\" \/><figcaption>Misa u crkvi Krista Kralja na Mirogoju<\/figcaption><\/figure>\r\n\r\n\r\n\r\n\r\nPosjetom mjestu <em>uni\u0161tenih\u00a0grobi\u0161ta\u00a0<\/em>na\u00a0zagreba\u010dkom Mirogoju i slu\u017eenjem mise u <strong>crkvi Krista Kralja<\/strong> sjetili smo se diskriminiranih hrvatskih vojnika. Uslijedio je <strong>komemorativni skup<\/strong> ispred spomen-kri\u017ea koji za sada predstavlja jedini vidljivi spomen na\u0161im sunarodnjacima, pripadnicima hrvatske vojske poginulim tijekom drugog Svjetskog rata. Misu i molitvu na mjestu nekada\u0161njeg groblja predvodio je <strong>mons. Ivan \u0160a\u0161ko,<\/strong> pomo\u0107ni zagreba\u010dki biskup.\r\n\r\n\r\n\r\n\r\n<figure class=\"wp-block-image\"><img loading=\"lazy\" decoding=\"async\" width=\"1089\" height=\"640\" class=\"wp-image-1519\" src=\"http:\/\/viktimologija.com.hr\/wp\/wp-content\/uploads\/2018\/12\/Skup.jpg\" alt=\"\" srcset=\"https:\/\/viktimologija.com.hr\/wp\/wp-content\/uploads\/2018\/12\/Skup.jpg 1089w, https:\/\/viktimologija.com.hr\/wp\/wp-content\/uploads\/2018\/12\/Skup-300x176.jpg 300w, https:\/\/viktimologija.com.hr\/wp\/wp-content\/uploads\/2018\/12\/Skup-768x451.jpg 768w, https:\/\/viktimologija.com.hr\/wp\/wp-content\/uploads\/2018\/12\/Skup-1024x602.jpg 1024w, https:\/\/viktimologija.com.hr\/wp\/wp-content\/uploads\/2018\/12\/Skup-830x488.jpg 830w, https:\/\/viktimologija.com.hr\/wp\/wp-content\/uploads\/2018\/12\/Skup-230x135.jpg 230w, https:\/\/viktimologija.com.hr\/wp\/wp-content\/uploads\/2018\/12\/Skup-350x206.jpg 350w, https:\/\/viktimologija.com.hr\/wp\/wp-content\/uploads\/2018\/12\/Skup-480x282.jpg 480w\" sizes=\"auto, (max-width: 1089px) 100vw, 1089px\" \/><figcaption>Komemorativni skup ispred kri\u017ea na neobilje\u017eenom groblju<\/figcaption><\/figure>\r\n\r\n\r\n\r\n\r\nPotom su sudionici simboli\u010dnim\u00a0paljenjem svije\u0107a s nazna\u010denim imenom i prezimenom svakog pokojnika obilje\u017eili grobove stradalih, mjesta na kojima ponovo \u017eelimo vidjeti grobne spomenike i kamene kri\u017eeve s imenima vojnika, godinama ro\u0111enja i smrti,\u00a0 koje je\u00a01945.<strong> potpuno uni\u0161tila vojska NOVJ<\/strong>.\r\n\r\n\r\n\r\n\r\n<figure class=\"wp-block-image\"><img loading=\"lazy\" decoding=\"async\" width=\"1024\" height=\"609\" class=\"wp-image-1500\" src=\"http:\/\/viktimologija.com.hr\/wp\/wp-content\/uploads\/2018\/12\/Svije\u0107a.jpg\" alt=\"\" srcset=\"https:\/\/viktimologija.com.hr\/wp\/wp-content\/uploads\/2018\/12\/Svije\u0107a.jpg 1024w, https:\/\/viktimologija.com.hr\/wp\/wp-content\/uploads\/2018\/12\/Svije\u0107a-300x178.jpg 300w, https:\/\/viktimologija.com.hr\/wp\/wp-content\/uploads\/2018\/12\/Svije\u0107a-768x457.jpg 768w, https:\/\/viktimologija.com.hr\/wp\/wp-content\/uploads\/2018\/12\/Svije\u0107a-830x494.jpg 830w, https:\/\/viktimologija.com.hr\/wp\/wp-content\/uploads\/2018\/12\/Svije\u0107a-230x137.jpg 230w, https:\/\/viktimologija.com.hr\/wp\/wp-content\/uploads\/2018\/12\/Svije\u0107a-350x208.jpg 350w, https:\/\/viktimologija.com.hr\/wp\/wp-content\/uploads\/2018\/12\/Svije\u0107a-480x285.jpg 480w\" sizes=\"auto, (max-width: 1024px) 100vw, 1024px\" \/><figcaption>Svaka od 550 svije\u0107a nosi ime hrvatskog vojnika<\/figcaption><\/figure>\r\n","protected":false},"excerpt":{"rendered":"<p>U hrvatskom medijskom prostoru ljudska prava \u010desta su tema, no kr\u0161enja mnogih ljudskih prava vlastitog naroda u proteklim ratovima 20. stolje\u0107a tema je koja jo\u0161 uvijek ne nalazi interes medija, a time niti mjesto u svijesti hrvatskog naroda. U nakani potpunog i radikalnog obra\u010duna jugoslavenskih komunista s neprijateljem, MUP Demokratske Federativne Jugoslavije donijelo je 18. [&hellip;]<\/p>\n","protected":false},"author":1,"featured_media":0,"comment_status":"open","ping_status":"open","sticky":false,"template":"","format":"standard","meta":{"footnotes":""},"categories":[7],"tags":[],"class_list":["post-1517","post","type-post","status-publish","format-standard","hentry","category-komemoracije"],"_links":{"self":[{"href":"https:\/\/viktimologija.com.hr\/wp\/wp-json\/wp\/v2\/posts\/1517","targetHints":{"allow":["GET"]}}],"collection":[{"href":"https:\/\/viktimologija.com.hr\/wp\/wp-json\/wp\/v2\/posts"}],"about":[{"href":"https:\/\/viktimologija.com.hr\/wp\/wp-json\/wp\/v2\/types\/post"}],"author":[{"embeddable":true,"href":"https:\/\/viktimologija.com.hr\/wp\/wp-json\/wp\/v2\/users\/1"}],"replies":[{"embeddable":true,"href":"https:\/\/viktimologija.com.hr\/wp\/wp-json\/wp\/v2\/comments?post=1517"}],"version-history":[{"count":14,"href":"https:\/\/viktimologija.com.hr\/wp\/wp-json\/wp\/v2\/posts\/1517\/revisions"}],"predecessor-version":[{"id":1564,"href":"https:\/\/viktimologija.com.hr\/wp\/wp-json\/wp\/v2\/posts\/1517\/revisions\/1564"}],"wp:attachment":[{"href":"https:\/\/viktimologija.com.hr\/wp\/wp-json\/wp\/v2\/media?parent=1517"}],"wp:term":[{"taxonomy":"category","embeddable":true,"href":"https:\/\/viktimologija.com.hr\/wp\/wp-json\/wp\/v2\/categories?post=1517"},{"taxonomy":"post_tag","embeddable":true,"href":"https:\/\/viktimologija.com.hr\/wp\/wp-json\/wp\/v2\/tags?post=1517"}],"curies":[{"name":"wp","href":"https:\/\/api.w.org\/{rel}","templated":true}]}}