{"id":1642,"date":"2019-04-18T23:39:16","date_gmt":"2019-04-18T21:39:16","guid":{"rendered":"http:\/\/viktimologija.com.hr\/wp\/?p=1642"},"modified":"2019-09-26T13:15:48","modified_gmt":"2019-09-26T11:15:48","slug":"dr-ante-starcevic-1896-2019","status":"publish","type":"post","link":"https:\/\/viktimologija.com.hr\/wp\/dr-ante-starcevic-1896-2019\/","title":{"rendered":"dr. ANTE STAR\u010cEVI\u0106 1896.-2019."},"content":{"rendered":"<h3>U Zagrebu, podno Medvednice, u \u0161estinskoj crkvi Sv. Emerika obilje\u017eili smo 123. godi\u0161njicu smrti dr. Star\u010devi\u0107a.<\/h3>\n<p><img loading=\"lazy\" decoding=\"async\" class=\"aligncenter wp-image-1611\" src=\"http:\/\/viktimologija.com.hr\/wp\/wp-content\/uploads\/2019\/04\/Star\u010devi\u0107-2-1024x706.jpg\" alt=\"\" width=\"799\" height=\"551\" srcset=\"https:\/\/viktimologija.com.hr\/wp\/wp-content\/uploads\/2019\/04\/Star\u010devi\u0107-2-1024x706.jpg 1024w, https:\/\/viktimologija.com.hr\/wp\/wp-content\/uploads\/2019\/04\/Star\u010devi\u0107-2-300x207.jpg 300w, https:\/\/viktimologija.com.hr\/wp\/wp-content\/uploads\/2019\/04\/Star\u010devi\u0107-2-768x530.jpg 768w, https:\/\/viktimologija.com.hr\/wp\/wp-content\/uploads\/2019\/04\/Star\u010devi\u0107-2-830x572.jpg 830w, https:\/\/viktimologija.com.hr\/wp\/wp-content\/uploads\/2019\/04\/Star\u010devi\u0107-2-230x159.jpg 230w, https:\/\/viktimologija.com.hr\/wp\/wp-content\/uploads\/2019\/04\/Star\u010devi\u0107-2-350x241.jpg 350w, https:\/\/viktimologija.com.hr\/wp\/wp-content\/uploads\/2019\/04\/Star\u010devi\u0107-2-480x331.jpg 480w, https:\/\/viktimologija.com.hr\/wp\/wp-content\/uploads\/2019\/04\/Star\u010devi\u0107-2.jpg 1099w\" sizes=\"auto, (max-width: 799px) 100vw, 799px\" \/><\/p>\n<p><img loading=\"lazy\" decoding=\"async\" class=\"aligncenter wp-image-1610\" src=\"http:\/\/viktimologija.com.hr\/wp\/wp-content\/uploads\/2019\/04\/Star\u010devi\u0107-1-1024x706.jpg\" alt=\"\" width=\"802\" height=\"553\" srcset=\"https:\/\/viktimologija.com.hr\/wp\/wp-content\/uploads\/2019\/04\/Star\u010devi\u0107-1-1024x706.jpg 1024w, https:\/\/viktimologija.com.hr\/wp\/wp-content\/uploads\/2019\/04\/Star\u010devi\u0107-1-300x207.jpg 300w, https:\/\/viktimologija.com.hr\/wp\/wp-content\/uploads\/2019\/04\/Star\u010devi\u0107-1-768x530.jpg 768w, https:\/\/viktimologija.com.hr\/wp\/wp-content\/uploads\/2019\/04\/Star\u010devi\u0107-1-830x572.jpg 830w, https:\/\/viktimologija.com.hr\/wp\/wp-content\/uploads\/2019\/04\/Star\u010devi\u0107-1-230x159.jpg 230w, https:\/\/viktimologija.com.hr\/wp\/wp-content\/uploads\/2019\/04\/Star\u010devi\u0107-1-350x241.jpg 350w, https:\/\/viktimologija.com.hr\/wp\/wp-content\/uploads\/2019\/04\/Star\u010devi\u0107-1-480x331.jpg 480w, https:\/\/viktimologija.com.hr\/wp\/wp-content\/uploads\/2019\/04\/Star\u010devi\u0107-1.jpg 1099w\" sizes=\"auto, (max-width: 802px) 100vw, 802px\" \/><\/p>\n<p><img loading=\"lazy\" decoding=\"async\" class=\"aligncenter wp-image-1609\" src=\"http:\/\/viktimologija.com.hr\/wp\/wp-content\/uploads\/2019\/04\/Star\u010devi\u0107-4-1024x706.jpg\" alt=\"\" width=\"810\" height=\"559\" srcset=\"https:\/\/viktimologija.com.hr\/wp\/wp-content\/uploads\/2019\/04\/Star\u010devi\u0107-4-1024x706.jpg 1024w, https:\/\/viktimologija.com.hr\/wp\/wp-content\/uploads\/2019\/04\/Star\u010devi\u0107-4-300x207.jpg 300w, https:\/\/viktimologija.com.hr\/wp\/wp-content\/uploads\/2019\/04\/Star\u010devi\u0107-4-768x530.jpg 768w, https:\/\/viktimologija.com.hr\/wp\/wp-content\/uploads\/2019\/04\/Star\u010devi\u0107-4-830x572.jpg 830w, https:\/\/viktimologija.com.hr\/wp\/wp-content\/uploads\/2019\/04\/Star\u010devi\u0107-4-230x159.jpg 230w, https:\/\/viktimologija.com.hr\/wp\/wp-content\/uploads\/2019\/04\/Star\u010devi\u0107-4-350x241.jpg 350w, https:\/\/viktimologija.com.hr\/wp\/wp-content\/uploads\/2019\/04\/Star\u010devi\u0107-4-480x331.jpg 480w, https:\/\/viktimologija.com.hr\/wp\/wp-content\/uploads\/2019\/04\/Star\u010devi\u0107-4.jpg 1099w\" sizes=\"auto, (max-width: 810px) 100vw, 810px\" \/><\/p>\n<p>&nbsp;<\/p>\n<blockquote class=\"wp-embedded-content\" data-secret=\"2ASrGbJlqH\"><p><a href=\"http:\/\/viktimologija.com.hr\/wp\/2018\/02\/24\/hrvatsko-zrtvoslovno-drustvo-obiljezena-smrt-dr-ante-starcevica-u-zupnoj-crkvi-u-sestinama\/\">Hrvatsko \u017ertvoslovno dru\u0161tvo: Obilje\u017eena smrt dr. Ante Star\u010devi\u0107a u \u017eupnoj crkvi u \u0160estinama<\/a><\/p><\/blockquote>\n<p><iframe loading=\"lazy\" class=\"wp-embedded-content\" sandbox=\"allow-scripts\" security=\"restricted\" style=\"position: absolute; clip: rect(1px, 1px, 1px, 1px);\" src=\"http:\/\/viktimologija.com.hr\/wp\/2018\/02\/24\/hrvatsko-zrtvoslovno-drustvo-obiljezena-smrt-dr-ante-starcevica-u-zupnoj-crkvi-u-sestinama\/embed\/#?secret=2ASrGbJlqH\" data-secret=\"2ASrGbJlqH\" width=\"600\" height=\"338\" title=\"&#8220;Hrvatsko \u017ertvoslovno dru\u0161tvo: Obilje\u017eena smrt dr. Ante Star\u010devi\u0107a u \u017eupnoj crkvi u \u0160estinama&#8221; &#8212; Hrvatsko viktimolo\u0161ko dru\u0161tvo\" frameborder=\"0\" marginwidth=\"0\" marginheight=\"0\" scrolling=\"no\"><\/iframe><\/p>\n","protected":false},"excerpt":{"rendered":"<p>U Zagrebu, podno Medvednice, u \u0161estinskoj crkvi Sv. Emerika obilje\u017eili smo 123. godi\u0161njicu smrti dr. Star\u010devi\u0107a. &nbsp; Hrvatsko \u017ertvoslovno dru\u0161tvo: Obilje\u017eena smrt dr. Ante Star\u010devi\u0107a u \u017eupnoj crkvi u \u0160estinama<\/p>\n","protected":false},"author":1,"featured_media":0,"comment_status":"open","ping_status":"open","sticky":false,"template":"","format":"standard","meta":{"footnotes":""},"categories":[1],"tags":[],"class_list":["post-1642","post","type-post","status-publish","format-standard","hentry","category-novosti"],"_links":{"self":[{"href":"https:\/\/viktimologija.com.hr\/wp\/wp-json\/wp\/v2\/posts\/1642","targetHints":{"allow":["GET"]}}],"collection":[{"href":"https:\/\/viktimologija.com.hr\/wp\/wp-json\/wp\/v2\/posts"}],"about":[{"href":"https:\/\/viktimologija.com.hr\/wp\/wp-json\/wp\/v2\/types\/post"}],"author":[{"embeddable":true,"href":"https:\/\/viktimologija.com.hr\/wp\/wp-json\/wp\/v2\/users\/1"}],"replies":[{"embeddable":true,"href":"https:\/\/viktimologija.com.hr\/wp\/wp-json\/wp\/v2\/comments?post=1642"}],"version-history":[{"count":7,"href":"https:\/\/viktimologija.com.hr\/wp\/wp-json\/wp\/v2\/posts\/1642\/revisions"}],"predecessor-version":[{"id":2312,"href":"https:\/\/viktimologija.com.hr\/wp\/wp-json\/wp\/v2\/posts\/1642\/revisions\/2312"}],"wp:attachment":[{"href":"https:\/\/viktimologija.com.hr\/wp\/wp-json\/wp\/v2\/media?parent=1642"}],"wp:term":[{"taxonomy":"category","embeddable":true,"href":"https:\/\/viktimologija.com.hr\/wp\/wp-json\/wp\/v2\/categories?post=1642"},{"taxonomy":"post_tag","embeddable":true,"href":"https:\/\/viktimologija.com.hr\/wp\/wp-json\/wp\/v2\/tags?post=1642"}],"curies":[{"name":"wp","href":"https:\/\/api.w.org\/{rel}","templated":true}]}}