{"id":16869,"date":"2023-11-29T21:33:32","date_gmt":"2023-11-29T20:33:32","guid":{"rendered":"https:\/\/viktimologija.com.hr\/wp\/?p=16869"},"modified":"2023-11-30T14:11:19","modified_gmt":"2023-11-30T13:11:19","slug":"1-prosinca-2023-u-hrvatskom-saboru-organizirati-ce-se-medunarodna-konferencija-pod-nazivom-hrvatska-i-svijet-2024-godine-poslije-pandemijske-oluje","status":"publish","type":"post","link":"https:\/\/viktimologija.com.hr\/wp\/1-prosinca-2023-u-hrvatskom-saboru-organizirati-ce-se-medunarodna-konferencija-pod-nazivom-hrvatska-i-svijet-2024-godine-poslije-pandemijske-oluje\/","title":{"rendered":"1. prosinca 2023. u Hrvatskom saboru organizirati \u0107e se me\u0111unarodna konferencija pod nazivom &#8220;Hrvatska i svijet 2024. godine poslije pandemijske oluje&#8221;"},"content":{"rendered":"<h4>Izvanredan niz me\u0111unarodnih stru\u010dnjaka dijeli svoja otkri\u0107a i izvla\u010di zaklju\u010dke o pandemiji dok dijele informacije o tome \u0161to ova \u201coluja\u201d jo\u0161 mo\u017ee donijeti za budu\u0107nost na\u0161ih dru\u0161tava. Od hrvatskih stru\u010dnjaka, izlaganja \u0107e odr\u017eati dr. Sre\u0107ko Sladoljev, akademik Kre\u0161imir Paveli\u0107 i dr. Tomislav Domazet \u2013 Lo\u0161o.<\/h4>\n<h3>HRVATSKI SABOR SIMPOZIJ 1. PROSINCA 2023.<br \/>\n<span style=\"color: #ff0000;\">KAMO IDU HRVATSKA I SVIJET U 2024.?<\/span><\/h3>\n<p>Izvanredan niz stru\u010dnjaka dijeli svoja otkri\u0107a i izvla\u010di zaklju\u010dke o pandemiji dok dijele informacije o tome \u0161to ova oluja jo\u0161 mo\u017ee donijeti za budu\u0107nost na\u0161ih dru\u0161tava<\/p>\n<h3><span style=\"color: #ff0000;\"><strong>U SREDI\u0160TU OLUJE<\/strong><\/span><\/h3>\n<h3>DEBATA I TISKOVNA KONFERENCIJA 2. PROSINCA 2023. HOTEL WESTIN<\/h3>\n<p>Simpozij, debata i konferencija za tisak namijenjeni su predstavljanju nekoliko postpandemijskih teku\u0107ih otvorenih pitanja koja treba trenutno<\/p>\n<p>INDIVIDUALNO IZLAGANJE SUDIONIKA SKUPA 20-30 MINUTA HRVATSKI SABOR, ZAGREB 9.00 &#8211; 17.00 SATI, PETAK, 1. PROSINCA 2023.<\/p>\n<p>PREPORU\u010cENA VIDEO poveznica: <span style=\"color: #ff0000;\"><a style=\"color: #ff0000;\" href=\"https:\/\/www.bitchute.com\/video\/L0AV3DvMZw1f\/\">https:\/\/www.bitchute.com\/video\/L0AV3DvMZw1f\/\u00a0<\/a><\/span><\/p>\n<p><a href=\"https:\/\/viktimologija.com.hr\/wp\/wp-content\/uploads\/2023\/11\/simpozij-westin-HRV-1-0001-scaled.jpg\"><img loading=\"lazy\" decoding=\"async\" class=\"aligncenter wp-image-16872 size-large\" src=\"https:\/\/viktimologija.com.hr\/wp\/wp-content\/uploads\/2023\/11\/simpozij-westin-HRV-1-0001-723x1024.jpg\" alt=\"\" width=\"723\" height=\"1024\" srcset=\"https:\/\/viktimologija.com.hr\/wp\/wp-content\/uploads\/2023\/11\/simpozij-westin-HRV-1-0001-723x1024.jpg 723w, https:\/\/viktimologija.com.hr\/wp\/wp-content\/uploads\/2023\/11\/simpozij-westin-HRV-1-0001-212x300.jpg 212w, https:\/\/viktimologija.com.hr\/wp\/wp-content\/uploads\/2023\/11\/simpozij-westin-HRV-1-0001-768x1087.jpg 768w, https:\/\/viktimologija.com.hr\/wp\/wp-content\/uploads\/2023\/11\/simpozij-westin-HRV-1-0001-1085x1536.jpg 1085w, https:\/\/viktimologija.com.hr\/wp\/wp-content\/uploads\/2023\/11\/simpozij-westin-HRV-1-0001-1447x2048.jpg 1447w, https:\/\/viktimologija.com.hr\/wp\/wp-content\/uploads\/2023\/11\/simpozij-westin-HRV-1-0001-830x1175.jpg 830w, https:\/\/viktimologija.com.hr\/wp\/wp-content\/uploads\/2023\/11\/simpozij-westin-HRV-1-0001-230x326.jpg 230w, https:\/\/viktimologija.com.hr\/wp\/wp-content\/uploads\/2023\/11\/simpozij-westin-HRV-1-0001-350x495.jpg 350w, https:\/\/viktimologija.com.hr\/wp\/wp-content\/uploads\/2023\/11\/simpozij-westin-HRV-1-0001-480x679.jpg 480w, https:\/\/viktimologija.com.hr\/wp\/wp-content\/uploads\/2023\/11\/simpozij-westin-HRV-1-0001-scaled.jpg 1809w\" sizes=\"auto, (max-width: 723px) 100vw, 723px\" \/><\/a> <a href=\"https:\/\/viktimologija.com.hr\/wp\/wp-content\/uploads\/2023\/11\/simpozij-westin-HRV-1-0002-scaled.jpg\"><img loading=\"lazy\" decoding=\"async\" class=\"aligncenter wp-image-16873 size-large\" src=\"https:\/\/viktimologija.com.hr\/wp\/wp-content\/uploads\/2023\/11\/simpozij-westin-HRV-1-0002-723x1024.jpg\" alt=\"\" width=\"723\" height=\"1024\" srcset=\"https:\/\/viktimologija.com.hr\/wp\/wp-content\/uploads\/2023\/11\/simpozij-westin-HRV-1-0002-723x1024.jpg 723w, https:\/\/viktimologija.com.hr\/wp\/wp-content\/uploads\/2023\/11\/simpozij-westin-HRV-1-0002-212x300.jpg 212w, https:\/\/viktimologija.com.hr\/wp\/wp-content\/uploads\/2023\/11\/simpozij-westin-HRV-1-0002-768x1087.jpg 768w, https:\/\/viktimologija.com.hr\/wp\/wp-content\/uploads\/2023\/11\/simpozij-westin-HRV-1-0002-1085x1536.jpg 1085w, https:\/\/viktimologija.com.hr\/wp\/wp-content\/uploads\/2023\/11\/simpozij-westin-HRV-1-0002-1446x2048.jpg 1446w, https:\/\/viktimologija.com.hr\/wp\/wp-content\/uploads\/2023\/11\/simpozij-westin-HRV-1-0002-830x1175.jpg 830w, https:\/\/viktimologija.com.hr\/wp\/wp-content\/uploads\/2023\/11\/simpozij-westin-HRV-1-0002-230x326.jpg 230w, https:\/\/viktimologija.com.hr\/wp\/wp-content\/uploads\/2023\/11\/simpozij-westin-HRV-1-0002-350x496.jpg 350w, https:\/\/viktimologija.com.hr\/wp\/wp-content\/uploads\/2023\/11\/simpozij-westin-HRV-1-0002-480x680.jpg 480w, https:\/\/viktimologija.com.hr\/wp\/wp-content\/uploads\/2023\/11\/simpozij-westin-HRV-1-0002-scaled.jpg 1808w\" sizes=\"auto, (max-width: 723px) 100vw, 723px\" \/><\/a> <a href=\"https:\/\/viktimologija.com.hr\/wp\/wp-content\/uploads\/2023\/11\/simpozij-westin-HRV-1-0003-scaled.jpg\"><img loading=\"lazy\" decoding=\"async\" class=\"aligncenter wp-image-16874 size-large\" src=\"https:\/\/viktimologija.com.hr\/wp\/wp-content\/uploads\/2023\/11\/simpozij-westin-HRV-1-0003-723x1024.jpg\" alt=\"\" width=\"723\" height=\"1024\" srcset=\"https:\/\/viktimologija.com.hr\/wp\/wp-content\/uploads\/2023\/11\/simpozij-westin-HRV-1-0003-723x1024.jpg 723w, https:\/\/viktimologija.com.hr\/wp\/wp-content\/uploads\/2023\/11\/simpozij-westin-HRV-1-0003-212x300.jpg 212w, https:\/\/viktimologija.com.hr\/wp\/wp-content\/uploads\/2023\/11\/simpozij-westin-HRV-1-0003-768x1087.jpg 768w, https:\/\/viktimologija.com.hr\/wp\/wp-content\/uploads\/2023\/11\/simpozij-westin-HRV-1-0003-1085x1536.jpg 1085w, https:\/\/viktimologija.com.hr\/wp\/wp-content\/uploads\/2023\/11\/simpozij-westin-HRV-1-0003-1446x2048.jpg 1446w, https:\/\/viktimologija.com.hr\/wp\/wp-content\/uploads\/2023\/11\/simpozij-westin-HRV-1-0003-830x1175.jpg 830w, https:\/\/viktimologija.com.hr\/wp\/wp-content\/uploads\/2023\/11\/simpozij-westin-HRV-1-0003-230x326.jpg 230w, https:\/\/viktimologija.com.hr\/wp\/wp-content\/uploads\/2023\/11\/simpozij-westin-HRV-1-0003-350x496.jpg 350w, https:\/\/viktimologija.com.hr\/wp\/wp-content\/uploads\/2023\/11\/simpozij-westin-HRV-1-0003-480x680.jpg 480w, https:\/\/viktimologija.com.hr\/wp\/wp-content\/uploads\/2023\/11\/simpozij-westin-HRV-1-0003-scaled.jpg 1808w\" sizes=\"auto, (max-width: 723px) 100vw, 723px\" \/><\/a> <a href=\"https:\/\/viktimologija.com.hr\/wp\/wp-content\/uploads\/2023\/11\/simpozij-westin-HRV-1-0004-scaled.jpg\"><img loading=\"lazy\" decoding=\"async\" class=\"aligncenter wp-image-16875 size-large\" src=\"https:\/\/viktimologija.com.hr\/wp\/wp-content\/uploads\/2023\/11\/simpozij-westin-HRV-1-0004-723x1024.jpg\" alt=\"\" width=\"723\" height=\"1024\" srcset=\"https:\/\/viktimologija.com.hr\/wp\/wp-content\/uploads\/2023\/11\/simpozij-westin-HRV-1-0004-723x1024.jpg 723w, https:\/\/viktimologija.com.hr\/wp\/wp-content\/uploads\/2023\/11\/simpozij-westin-HRV-1-0004-212x300.jpg 212w, https:\/\/viktimologija.com.hr\/wp\/wp-content\/uploads\/2023\/11\/simpozij-westin-HRV-1-0004-768x1087.jpg 768w, https:\/\/viktimologija.com.hr\/wp\/wp-content\/uploads\/2023\/11\/simpozij-westin-HRV-1-0004-1085x1536.jpg 1085w, https:\/\/viktimologija.com.hr\/wp\/wp-content\/uploads\/2023\/11\/simpozij-westin-HRV-1-0004-1446x2048.jpg 1446w, https:\/\/viktimologija.com.hr\/wp\/wp-content\/uploads\/2023\/11\/simpozij-westin-HRV-1-0004-830x1175.jpg 830w, https:\/\/viktimologija.com.hr\/wp\/wp-content\/uploads\/2023\/11\/simpozij-westin-HRV-1-0004-230x326.jpg 230w, https:\/\/viktimologija.com.hr\/wp\/wp-content\/uploads\/2023\/11\/simpozij-westin-HRV-1-0004-350x496.jpg 350w, https:\/\/viktimologija.com.hr\/wp\/wp-content\/uploads\/2023\/11\/simpozij-westin-HRV-1-0004-480x680.jpg 480w, https:\/\/viktimologija.com.hr\/wp\/wp-content\/uploads\/2023\/11\/simpozij-westin-HRV-1-0004-scaled.jpg 1808w\" sizes=\"auto, (max-width: 723px) 100vw, 723px\" \/><\/a> <a href=\"https:\/\/viktimologija.com.hr\/wp\/wp-content\/uploads\/2023\/11\/simpozij-westin-HRV-1-0005-scaled.jpg\"><img loading=\"lazy\" decoding=\"async\" class=\"aligncenter wp-image-16876 size-large\" src=\"https:\/\/viktimologija.com.hr\/wp\/wp-content\/uploads\/2023\/11\/simpozij-westin-HRV-1-0005-723x1024.jpg\" alt=\"\" width=\"723\" height=\"1024\" srcset=\"https:\/\/viktimologija.com.hr\/wp\/wp-content\/uploads\/2023\/11\/simpozij-westin-HRV-1-0005-723x1024.jpg 723w, https:\/\/viktimologija.com.hr\/wp\/wp-content\/uploads\/2023\/11\/simpozij-westin-HRV-1-0005-212x300.jpg 212w, https:\/\/viktimologija.com.hr\/wp\/wp-content\/uploads\/2023\/11\/simpozij-westin-HRV-1-0005-768x1087.jpg 768w, https:\/\/viktimologija.com.hr\/wp\/wp-content\/uploads\/2023\/11\/simpozij-westin-HRV-1-0005-1085x1536.jpg 1085w, https:\/\/viktimologija.com.hr\/wp\/wp-content\/uploads\/2023\/11\/simpozij-westin-HRV-1-0005-1447x2048.jpg 1447w, https:\/\/viktimologija.com.hr\/wp\/wp-content\/uploads\/2023\/11\/simpozij-westin-HRV-1-0005-830x1175.jpg 830w, https:\/\/viktimologija.com.hr\/wp\/wp-content\/uploads\/2023\/11\/simpozij-westin-HRV-1-0005-230x326.jpg 230w, https:\/\/viktimologija.com.hr\/wp\/wp-content\/uploads\/2023\/11\/simpozij-westin-HRV-1-0005-350x495.jpg 350w, https:\/\/viktimologija.com.hr\/wp\/wp-content\/uploads\/2023\/11\/simpozij-westin-HRV-1-0005-480x679.jpg 480w, https:\/\/viktimologija.com.hr\/wp\/wp-content\/uploads\/2023\/11\/simpozij-westin-HRV-1-0005-scaled.jpg 1808w\" sizes=\"auto, (max-width: 723px) 100vw, 723px\" \/><\/a> <a href=\"https:\/\/viktimologija.com.hr\/wp\/wp-content\/uploads\/2023\/11\/simpozij-westin-HRV-1-0006-scaled.jpg\"><img loading=\"lazy\" decoding=\"async\" class=\"aligncenter wp-image-16877 size-large\" src=\"https:\/\/viktimologija.com.hr\/wp\/wp-content\/uploads\/2023\/11\/simpozij-westin-HRV-1-0006-723x1024.jpg\" alt=\"\" width=\"723\" height=\"1024\" srcset=\"https:\/\/viktimologija.com.hr\/wp\/wp-content\/uploads\/2023\/11\/simpozij-westin-HRV-1-0006-723x1024.jpg 723w, https:\/\/viktimologija.com.hr\/wp\/wp-content\/uploads\/2023\/11\/simpozij-westin-HRV-1-0006-212x300.jpg 212w, https:\/\/viktimologija.com.hr\/wp\/wp-content\/uploads\/2023\/11\/simpozij-westin-HRV-1-0006-768x1087.jpg 768w, https:\/\/viktimologija.com.hr\/wp\/wp-content\/uploads\/2023\/11\/simpozij-westin-HRV-1-0006-1085x1536.jpg 1085w, https:\/\/viktimologija.com.hr\/wp\/wp-content\/uploads\/2023\/11\/simpozij-westin-HRV-1-0006-1446x2048.jpg 1446w, https:\/\/viktimologija.com.hr\/wp\/wp-content\/uploads\/2023\/11\/simpozij-westin-HRV-1-0006-830x1175.jpg 830w, https:\/\/viktimologija.com.hr\/wp\/wp-content\/uploads\/2023\/11\/simpozij-westin-HRV-1-0006-230x326.jpg 230w, https:\/\/viktimologija.com.hr\/wp\/wp-content\/uploads\/2023\/11\/simpozij-westin-HRV-1-0006-350x496.jpg 350w, https:\/\/viktimologija.com.hr\/wp\/wp-content\/uploads\/2023\/11\/simpozij-westin-HRV-1-0006-480x680.jpg 480w, https:\/\/viktimologija.com.hr\/wp\/wp-content\/uploads\/2023\/11\/simpozij-westin-HRV-1-0006-scaled.jpg 1808w\" sizes=\"auto, (max-width: 723px) 100vw, 723px\" \/><\/a><\/p>\n<p><a href=\"https:\/\/viktimologija.com.hr\/wp\/wp-content\/uploads\/2023\/11\/simpozij-westin-HRV-1-0007-scaled.jpg\"><img loading=\"lazy\" decoding=\"async\" class=\"aligncenter wp-image-16878 size-large\" src=\"https:\/\/viktimologija.com.hr\/wp\/wp-content\/uploads\/2023\/11\/simpozij-westin-HRV-1-0007-723x1024.jpg\" alt=\"\" width=\"723\" height=\"1024\" srcset=\"https:\/\/viktimologija.com.hr\/wp\/wp-content\/uploads\/2023\/11\/simpozij-westin-HRV-1-0007-723x1024.jpg 723w, https:\/\/viktimologija.com.hr\/wp\/wp-content\/uploads\/2023\/11\/simpozij-westin-HRV-1-0007-212x300.jpg 212w, https:\/\/viktimologija.com.hr\/wp\/wp-content\/uploads\/2023\/11\/simpozij-westin-HRV-1-0007-768x1087.jpg 768w, https:\/\/viktimologija.com.hr\/wp\/wp-content\/uploads\/2023\/11\/simpozij-westin-HRV-1-0007-1085x1536.jpg 1085w, https:\/\/viktimologija.com.hr\/wp\/wp-content\/uploads\/2023\/11\/simpozij-westin-HRV-1-0007-1446x2048.jpg 1446w, https:\/\/viktimologija.com.hr\/wp\/wp-content\/uploads\/2023\/11\/simpozij-westin-HRV-1-0007-830x1175.jpg 830w, https:\/\/viktimologija.com.hr\/wp\/wp-content\/uploads\/2023\/11\/simpozij-westin-HRV-1-0007-230x326.jpg 230w, https:\/\/viktimologija.com.hr\/wp\/wp-content\/uploads\/2023\/11\/simpozij-westin-HRV-1-0007-350x496.jpg 350w, https:\/\/viktimologija.com.hr\/wp\/wp-content\/uploads\/2023\/11\/simpozij-westin-HRV-1-0007-480x680.jpg 480w, https:\/\/viktimologija.com.hr\/wp\/wp-content\/uploads\/2023\/11\/simpozij-westin-HRV-1-0007-scaled.jpg 1808w\" sizes=\"auto, (max-width: 723px) 100vw, 723px\" \/><\/a><\/p>\n<p>&nbsp;<\/p>\n<p>DOMA\u0106IN:\u00a0DOMOVINSKI POKRET<\/p>\n<p>SUDOMA\u0106INI:\u00a0SLOBODNI podcast<\/p>\n<p>Prof. Denis Rancourt<\/p>\n<p>*https:\/\/denisrancourt.ca\/categories.php?id=1&amp;name=covid<\/p>\n<p>https:\/\/clouthub.com\/c\/vaxxchoice<\/p>\n<p>Program je jo\u0161 podlo\u017ean promjenama.<\/p>\n","protected":false},"excerpt":{"rendered":"<p>Izvanredan niz me\u0111unarodnih stru\u010dnjaka dijeli svoja otkri\u0107a i izvla\u010di zaklju\u010dke o pandemiji dok dijele informacije o tome \u0161to ova \u201coluja\u201d jo\u0161 mo\u017ee donijeti za budu\u0107nost na\u0161ih dru\u0161tava. Od hrvatskih stru\u010dnjaka, izlaganja \u0107e odr\u017eati dr. Sre\u0107ko Sladoljev, akademik Kre\u0161imir Paveli\u0107 i dr. Tomislav Domazet \u2013 Lo\u0161o. HRVATSKI SABOR SIMPOZIJ 1. PROSINCA 2023. KAMO IDU HRVATSKA I [&hellip;]<\/p>\n","protected":false},"author":1,"featured_media":0,"comment_status":"open","ping_status":"open","sticky":false,"template":"","format":"standard","meta":{"footnotes":""},"categories":[9],"tags":[2513,2516,2493,2495,2494,2491,2492,2510,2511,2496,2514,2515,2512],"class_list":["post-16869","post","type-post","status-publish","format-standard","hentry","category-najave","tag-debata-i-tiskovna-konferencija-2-prosinca-2023-hotel-westin","tag-dr-kat-lindley","tag-dr-kevin-mckernan","tag-dr-meryl-nass","tag-dr-michael-palmer","tag-dr-ryan-cole","tag-dr-william-makis","tag-hrvatski-sabor-simpozij-1-prosinca-2023","tag-kamo-idu-hrvatska-i-svijet-u-2024","tag-ph-d-david-bell","tag-ph-d-david-wiseman","tag-ph-d-jessica-rose-i-ph-d-lynn-fynn","tag-u-sredistu-oluje"],"_links":{"self":[{"href":"https:\/\/viktimologija.com.hr\/wp\/wp-json\/wp\/v2\/posts\/16869","targetHints":{"allow":["GET"]}}],"collection":[{"href":"https:\/\/viktimologija.com.hr\/wp\/wp-json\/wp\/v2\/posts"}],"about":[{"href":"https:\/\/viktimologija.com.hr\/wp\/wp-json\/wp\/v2\/types\/post"}],"author":[{"embeddable":true,"href":"https:\/\/viktimologija.com.hr\/wp\/wp-json\/wp\/v2\/users\/1"}],"replies":[{"embeddable":true,"href":"https:\/\/viktimologija.com.hr\/wp\/wp-json\/wp\/v2\/comments?post=16869"}],"version-history":[{"count":9,"href":"https:\/\/viktimologija.com.hr\/wp\/wp-json\/wp\/v2\/posts\/16869\/revisions"}],"predecessor-version":[{"id":16885,"href":"https:\/\/viktimologija.com.hr\/wp\/wp-json\/wp\/v2\/posts\/16869\/revisions\/16885"}],"wp:attachment":[{"href":"https:\/\/viktimologija.com.hr\/wp\/wp-json\/wp\/v2\/media?parent=16869"}],"wp:term":[{"taxonomy":"category","embeddable":true,"href":"https:\/\/viktimologija.com.hr\/wp\/wp-json\/wp\/v2\/categories?post=16869"},{"taxonomy":"post_tag","embeddable":true,"href":"https:\/\/viktimologija.com.hr\/wp\/wp-json\/wp\/v2\/tags?post=16869"}],"curies":[{"name":"wp","href":"https:\/\/api.w.org\/{rel}","templated":true}]}}