{"id":2162,"date":"2019-09-21T10:03:55","date_gmt":"2019-09-21T08:03:55","guid":{"rendered":"http:\/\/viktimologija.com.hr\/wp\/?p=2162"},"modified":"2019-09-21T10:03:55","modified_gmt":"2019-09-21T08:03:55","slug":"bleiburg-nas-svagdasnji","status":"publish","type":"post","link":"https:\/\/viktimologija.com.hr\/wp\/bleiburg-nas-svagdasnji\/","title":{"rendered":"Bleiburg na\u0161 svagda\u0161nji"},"content":{"rendered":"<p style=\"padding-left: 60px;\"><img loading=\"lazy\" decoding=\"async\" class=\"wp-image-2167 alignright\" src=\"http:\/\/viktimologija.com.hr\/wp\/wp-content\/uploads\/2019\/09\/ante-beljo.jpg\" alt=\"\" width=\"410\" height=\"261\" srcset=\"https:\/\/viktimologija.com.hr\/wp\/wp-content\/uploads\/2019\/09\/ante-beljo.jpg 785w, https:\/\/viktimologija.com.hr\/wp\/wp-content\/uploads\/2019\/09\/ante-beljo-300x191.jpg 300w, https:\/\/viktimologija.com.hr\/wp\/wp-content\/uploads\/2019\/09\/ante-beljo-768x489.jpg 768w, https:\/\/viktimologija.com.hr\/wp\/wp-content\/uploads\/2019\/09\/ante-beljo-230x146.jpg 230w, https:\/\/viktimologija.com.hr\/wp\/wp-content\/uploads\/2019\/09\/ante-beljo-350x223.jpg 350w, https:\/\/viktimologija.com.hr\/wp\/wp-content\/uploads\/2019\/09\/ante-beljo-480x306.jpg 480w\" sizes=\"auto, (max-width: 410px) 100vw, 410px\" \/>Bleiburg je \u017eiva rana na hrvatskom narodnom bi\u0107u koja nikada ne\u0107e niti mo\u017ee zacijeliti jer su i njene posljedice za Hrvatsku bile toliko pogubne ba\u0161 kao i one iz vremena Krbavske bitke 1493. godine. I tad je u tome ratu europski \u201ekr\u0161\u0107anski savez\u201d , nastao u Cetingradu, dogovorio zajedni\u010dku obranu od Osmanlija. Odaziv na poziv Hrvatske za pomo\u0107 nije urodio plodom \u2013 Hrvati su pobijeni, a povijest srednje i jugoisto\u010dne Europe promijenjena je tijekom mnogih stolje\u0107a koja su uslijedila.<\/p>\n<p style=\"padding-left: 60px;\">Drugi svjetski rat \u2013 onaj frontovski \u2013 u Europi je zavr\u0161io\u00a0<a href=\"https:\/\/kamenjar.com\/ivo-lucic-zaboravlja-se-da-su-madari-samo-vratili-zicu-na-granice\/\">9. svibnja 1945.<\/a>, a onaj drugi \u2013 zastra\u0161uju\u0107i \u201eposlijeratni\u201d \u2013 period po\u010deo je na podru\u010dju Austrije sredinom svibnja. Bilo je to vrijeme kada su se na malom austrijskom prostoru na\u0161le sve vojske koje su sudjelovale u europskom petogodi\u0161njem ratu jedni kao pobjednici, pod punom ratnom opremom, ali sada postavljenom oko pregovara\u010dkih stolova o podijeli Europe, a drugi kao gubitnici, razoru\u017eani i kao ratno roblje izru\u010deni krvnicima, bez ikakve za\u0161tite ili obveze po\u0161tivanja bilo kakvih me\u0111unarodnih konvencija vezanih uz rat i mir (\u017denevske konvencije). U ovo vrijeme rat je ve\u0107 bio zavr\u0161en i trebali su stupiti na snagu svi zakoni mirnodopskog vremena koje tada nitko nije po\u0161tivao, a zapadni saveznici su se u to vrijeme bavili pobjedom nad nacizmom. Takozvani crni fa\u0161izam je, naime, ve\u0107 u rujnu 1943. padom Italije bio pobije\u0111en, a narode i dr\u017eave od Baltika do Jadrana prepustili su savezniku Staljinu i tre\u0107em komunisti\u010dkom totalitarizmu. Na podru\u010dju Austrije je tada bilo uz pripadnike raznih vojska izme\u0111u 2,5 \u2013 3,5 milijuna civila, uglavnom izbjeglih ispod komunisti\u010dkog terora i ideolo\u0161kih \u010distki.<\/p>\n<p style=\"padding-left: 60px;\">Svi su oni zavr\u0161ili pod \u2018zakonima \u010di\u0161\u0107enja palube\u2019 poslije \u010dega je uslijedilo \u010di\u0161\u0107enje i zatvaranje arhiva, embargo na informacije na Zapadu. Za prisilno vra\u0107ene u zemlje komunisti\u010dke tiranije uslijedila su ubijanja na kri\u017enim putovima i u masovnim likvidacijama obavijenim totalnom \u0161utnjom i drakonskim kaznama za bilo koju rije\u010d izre\u010denu o njima pa i u krugu obitelji samih \u017ertava.<\/p>\n<p style=\"padding-left: 60px;\">Nisu u toj poslijeratnoj tragediji na podru\u010dju Austrije stradali samo Hrvati, nego i pripadnici svih onih naroda koji su poslije konferencije u Jalti 24. velja\u010de 1945., djelomi\u010dno ili u potpunosti u poslijeratnoj \u2018dogovorenoj\u2019 ideolo\u0161koj i blokovskoj podijeli svijeta potpali pod \u017eeljeznu zavjesu komunisti\u010dkih imperija. Toliko o samoodre\u0111enju naroda i o demokratskim pravima i slobodama naroda i pojedinaca?!<\/p>\n<p style=\"padding-left: 60px;\">Svim silama pobjednicima u 2. svjetskom ratu ostala je prioritetna zada\u0107a da prikriju svoju sramotu zavr\u0161nog \u010dina kojim su obezvrijedili sve ono \u010dime su motivirali milijune iskrenih rodoljuba koji su herojski \u017ertvovali vlastite \u017eivote na domoljubni oltar sretnije budu\u0107nosti vlastite djece. I zato 9. svibnja 1945. datum je za slavlje samo onima u zapadnoeuropskim demokracijama, a za sve narode od Baltika do Jadrana to su zapravo datumi, mjeseci i godine u kojima su na\u0161e dr\u017eave poslije pada Berlinskog zida postale, samostalne, slobodne i demokratske!<\/p>\n<p style=\"padding-left: 60px;\">Nitko nas zbog toga nema pravo optu\u017eivati za \u201ereviziju povijesti\u201d koja zasigurno nije bila niti na\u0161a niti istinita, nego nametnuta od onih koji su nam dva totalitarizma dvadesetog stolje\u0107a zamijenili onim tre\u0107im koji nam je onda i ono malo preostalog fizi\u010dkog, materijalnog i duhovnog, odlu\u010dio svesti na razinu spaljene zemlje.<\/p>\n<p style=\"padding-left: 60px;\">Nikome od velikih i mo\u0107nih spoznaja o ovim sramnim doga\u0111ajima nije odgovarala. Jedine su ostale \u017ertve, one mnogobrojne ispod zemlje i malobrojne iznad zemlje, na kojima je ostala zada\u0107a da saznaju o svojoj tragediji pa da njihova tragedija bude poznata budu\u0107im generacijama \u2013 prvenstveno da se sli\u010dne tragedije ne bi nikada vi\u0161e doga\u0111ale u budu\u0107nosti.<\/p>\n<p style=\"padding-left: 60px;\">Zbog svega ovoga apsurdno je da je Austrijska dr\u017eava reagirala na tako neprimjeren na\u010din prema hodo\u010dasnicima iz Hrvatske pro\u0161le godine zatvaraju\u0107i nekoliko njih i prisiljavaju\u0107i ih na priznanja krivnje zbog navodno fa\u0161isti\u010dkih pozdrava, pod prijetnjom vi\u0161egodi\u0161njih robija ako ne \u2018priznaju krivnju\u2019. Sve se odvijalo uz orkestriranu propagandnu kampanju onih koji su u pro\u0161losti bili direktni ili indirektni organizatori sli\u010dnih kampanja. Austrija je zapravo bila i sama \u017ertva zbog \u010dinjenice da su se ova nesretna zbivanja ba\u0161 u to vrijeme dogodila ba\u0161 na njihovu teritoriju.<\/p>\n<p style=\"padding-left: 60px;\">U pro\u0161logodi\u0161njim i ovogodi\u0161njim zbivanjima jo\u0161 je nerazumniji stav katoli\u010dke crkve u Austriji koja se nije korektno ponijela prema \u017ertvama tada ve\u0107 poslijeratnim \u017ertvama, a \u0161to je u kr\u0161\u0107anskom i biblijskom poimanju \u017ertve nedopustivo.<\/p>\n<p style=\"padding-left: 60px;\">Pitanje poslijeratnih prisilnih izru\u010denja civila i vojnog osoblja koje se na\u0161lo sredinom svibnja u Austriji, a \u0161to je kroz cijelo poslijeratno razdoblje bila tabu-tema kako u zemljama u koje je taj ogroman broj ljudi bio vra\u0107en i ve\u0107inom likvidirana, tako i u zapadnim zemljama koje su, svakako, imale svog velikog udjela u ovim tragi\u010dnim zbivanjima, kona\u010dno je postalo temom \u0161irokog zanimanja koncem 80-tih godina pro\u0161log stolje\u0107a prije, sloma komunisti\u010dkog bloka.<\/p>\n<p style=\"padding-left: 60px;\">Za te doga\u0111aje Alexander Solzhenitsyn je napisao u svom djelu \u201eArhipel Gulag\u201d:<\/p>\n<p style=\"padding-left: 60px;\"><em>\u2018Ovo je zapravo posljednja tajna ili jedna od posljednjih, vezanih uz Drugi svjetski rat. Susre\u0107u\u0107i \u010desto<\/em>\u00a0<em>ove ljude u logorima, nisam mogao vjerovati za cijelih \u010detvrt stolje\u0107a da ljudi na Zapadu ne znaju ni\u0161ta<\/em>\u00a0<em>o ovim \u010dinima Zapadnih vlada, o ovom velikom izru\u010denju obi\u010dnog ruskog svijeta u odmazdu i smrt\u2019<\/em>.<\/p>\n<p style=\"padding-left: 60px;\">Radilo se zapravo o prisilno vra\u0107enim zarobljenicima, Kozacima i ostalim dr\u017eavljanima Sovjetskog Saveza razbacanim po sibirskim logorima. Postali su ovi doga\u0111aji na poseban na\u010din zanimljivi za sve one koji su u njima sudjelovali na jednoj ili drugoj strani i koji su u ve\u0107ini slu\u010dajeva znali samo ono \u0161to se zbivalo u njihovoj neposrednoj blizini.<\/p>\n<p style=\"padding-left: 60px;\">Poslije tranzicijskih doga\u0111anja u dr\u017eavama od Baltika do Jadrana ove teme su ponovno pale u drugi plan, ali u dana\u0161njoj ujedinjenoj Europi sve ve\u0107ih razlika u razvoju zemalja zapadnih demokracija i onih tranzicijskih ove teme ponovno dolaze na dnevni red kao i potreba kona\u010dne istine zasnovane na \u010dinjenicama; dokumentima iz otvorenih arhiva, svjedo\u010danstvima sudionika i masovnim grobnicama. O karakteru svih totalitarizama Aleksander Solzhenitsyn je govorio i prigodom primanja Nobelove nagrade 1970. godine. Nikada nisu zavr\u0161ne rije\u010di iz Sol\u017eenjicovog govora kod primanja Nobelove nagrade izgledale prikladnije, kao onda kad su bile izre\u010dene, a to je bilo vrijeme kad je Sovjetski Savez bio na vrhuncu svoje mo\u0107i i okrutne tiranije i nepopustljiv bilo kakvim promjenama:<\/p>\n<p style=\"padding-left: 60px;\">\u201e<em>Ali ne zaboravimo da nasilje ne \u017eivi samo po sebi i ne mo\u017ee \u017eivjeti samo po sebi. Ono mo\u017ee \u017eivjeti samo pomo\u0107u la\u017ei. Uvijek je me\u0111u njima dvjema postojala najprisnija, prirodna i temeljna sprega. Nasilje se mo\u017ee sakrivati samo pomo\u0107u la\u017ei, a la\u017e se samo mo\u017ee podr\u017eavati nasiljem.<\/em><\/p>\n<p style=\"padding-left: 60px;\"><em>\u00a0Svaki \u010dovjek koji je jednom proglasio nasilje kao svoju metodu neizbje\u017eno je primoran uzeti la\u017e kao svoje na\u010delo\u2026 Nasilje ne grabi ljude nu\u017eno za grkljan da ih udavi. Ono obi\u010dno ne tra\u017ei vi\u0161e nego zakletvu vjernosti od svojih podanika. Od njih se samo zahtijeva da postanu sukrivci u la\u017ei.<\/em><\/p>\n<p style=\"padding-left: 60px;\"><em>\u00a0Ima samo jedan jednostavan korak koga svaki obi\u010dan i odva\u017ean \u010dovjek mo\u017ee poduzeti \u2013 ne uzimati udjela u la\u017ei, ne davati podr\u0161ku u la\u017enim djelima\u2026 Kad je jednom la\u017e razdrmana, golotinja nasilja se razotkriva sama u svoj svojoj odbojnosti.<\/em><\/p>\n<p style=\"padding-left: 60px;\"><em>\u00a0Zato ja mislim, moji prijatelji, da smo mi u ovom trenutku isku\u0161enja sposobni pomo\u0107i svijetu. Mi nemamo smrtonosnog oru\u017eja, ali nemojte da nam to bude isprika. Nemojmo popustiti \u017eivotu lagodnosti i udobnosti. Po\u0111imo smjelo u bitku!\u201c<\/em><\/p>\n<p style=\"padding-left: 60px;\">Za nas ove rije\u010di, danas, imaju posebno zna\u010denje!<\/p>\n<p>&nbsp;<\/p>\n<h3 style=\"padding-left: 180px; text-align: center;\"><span style=\"color: #003366;\"><strong>O simbolima iz pro\u0161losti i sada\u0161njosti u Republici Hrvatskoj i onima koje je Austrija zabranila<\/strong><\/span><\/h3>\n<p>&nbsp;<\/p>\n<p style=\"padding-left: 60px;\">Manipulacija hrvatskim povijesnim znakovljem je svakodnevna, a za one koji nikada nisu \u017eeljeli samostalnu Hrvatsku dr\u017eavu svaki povijesni hrvatski simbol nastoje povezati s NDH i usta\u0161ama pa preko njih s fa\u0161izmom i nacizmom, kao da hrvatski narod u 20-om stolje\u0107u nije bio podjednako velika \u017ertva svih triju totalitarizama: fa\u0161izma, nacizma i komunizma. Za\u010du\u0111uju\u0107e je da se unato\u010d dana\u0161njoj visokoj tehnologiji jo\u0161 uvijek u medijima i na sudovima ne pojavljuju imena onih koji Hrvatsku \u201eukra\u0161avaju\u201c nacisti\u010dkim svastikama po\u010dev\u0161i od one na Poljudu u Splitu pa nadalje! Posebno nam je takve podvale u iseljeni\u0161tvu \u010dinila Udba i njihovi agenti u vrijeme biv\u0161e Jugoslavije. O\u010dito imamo poprili\u010dno iskusnih skriva\u010da s dugim sta\u017eom! Da bi se broj ne\u017eeljenih zlouporaba smanjio donosimo slike i slu\u017ebene opise znakovlja iz starije i novije pro\u0161losti, sada\u0161nje znakovlje Republike Hrvatske i ono \u0161to je Austrija zabranila na svom teritoriju zakonom od 1. o\u017eujka 2019.<\/p>\n<h4 style=\"padding-left: 60px;\"><span style=\"color: #003366;\">Slu\u017ebeno znakovlje iz vremena NDH<\/span><\/h4>\n<p style=\"padding-left: 60px;\">\u201eSam usta\u0161ki znak i usta\u0161ko ime u smislu naziva za Paveli\u0107evu usta\u0161ku organizaciju prvi se put pojavljuje na naslovnici lista\u00a0<em>Usta\u0161a<\/em>\u00a0u svibnju 1930. U to je vrijeme Paveli\u0107 rije\u010d \u201eusta\u0161a\u201d dr\u017eao za hrvatsku istozna\u010dnicu rije\u010di \u201erevolucionar\u201d, na \u0161to upu\u0107uje i izgled usta\u0161kog znaka, koji se u svom kona\u010dnom obliku redovito pojavljuje na posljednjim stranicama lista\u00a0<em>Usta\u0161a\u00a0<\/em>od po\u010detka 1932. Me\u0111u krakovima plavog slova ,,U\u201d polo\u017eena je srebrna ru\u010dna granata iz koje izlazi crveni plamen (goru\u0107a bomba), a u sredini kruga granate polo\u017een je mali hrvatski grb u boji s po\u010detnim bijelim (srebrnim) poljem. Goru\u0107a bomba posu\u0111ena je iz talijanskih i francuskih revolucionarnih tradicija prve polovice 19. stolje\u0107a, \u0161to tako\u0111er upu\u0107uje na Paveli\u0107evo shva\u0107anje svoje organizacije kao revolucionarne.<sup>\u00a0<\/sup><\/p>\n<p style=\"padding-left: 60px;\">Usta\u0161ki znak kakav je usvojen po\u010detkom tridesetih godina ostao je u uporabi i kasnije, a njegov izgled nije promijenjen ni nakon \u0161to je dotada\u0161nji UHRO <img loading=\"lazy\" decoding=\"async\" class=\"size-full wp-image-2168 alignleft\" src=\"http:\/\/viktimologija.com.hr\/wp\/wp-content\/uploads\/2019\/09\/nnov.png\" alt=\"\" width=\"193\" height=\"300\" \/>(Usta\u0161a \u2013 Hrvatska revolucionarna organizacija) postao vladaju\u0107im Usta\u0161om, Hrvatskim oslobodila\u010dkim pokretom u Nezavisnoj Dr\u017eavi Hrvatskoj.\u201d<\/p>\n<p class=\"wp-caption-text\">Naslovnica Narodnih novina od 30. travnja 1941. sa slikama dr\u017eavnih simbola NDH i tekstom Zakonske odredbe o dr\u017eavnom grbu, dr\u017eavnoj zastavi, Poglavnikovoj zastavi, dr\u017eavnom pe\u010datu, pe\u010datima dr\u017eavnih samoupravnih ureda od 28, travnja 1941.<\/p>\n<p class=\"wp-caption-text\">\u00a0 \u00a0 \u00a0 \u00a0 \u00a0 \u00a0 \u00a0 \u00a0 \u00a0Znak: Usta\u0161e \u2013 Hrv. revolucionarna organizacija\u00a0 \u00a0 \u00a0 \u00a0<img loading=\"lazy\" decoding=\"async\" class=\"alignnone wp-image-2170\" src=\"http:\/\/viktimologija.com.hr\/wp\/wp-content\/uploads\/2019\/09\/hrv-r-org.jpg\" alt=\"\" width=\"88\" height=\"127\" \/><\/p>\n<p style=\"padding-left: 60px;\">\u00a0\u201eSimboli nove dr\u017eave odre\u0111eni su Zakonskom odredbom o dr\u017eavnom grbu, dr\u017eavnoj zastavi, Poglavnikovoj zastavi, dr\u017eavnom pe\u010datu, pe\u010datima dr\u017eavnih i samoupravnih ureda od 28. travnja 1941., koja je objavljena 30. travnja 1941. Tu su Zakonsku odredbu u istom broju\u00a0<em>Narodnih novina<\/em>\u00a0u kojem je objavljena pratile i slike grba i zastava u boji.\u00a0 Sli\u010dni prilozi u boji bili su sljede\u0107ih dana objavljeni u brojnim slu\u017ebenim izdanjima, a crno-bijeli i prilozi u boji objavljeni u ostalim publikacijama nove su simbole pribli\u017eili cijeloj hrvatskoj javnosti. Izgled grba NDH odre\u0111en je \u00a7 1. te Zakonske odredbe, a bila je rije\u010d o \u0161titu \u201esa 25 \u010detvorinskih polja, bijelih (srebrnih) i crvenih (boje krvi), poredanih naizmjence u pet redova tako da je po\u010detno polje bijelo (srebrno).<\/p>\n<p style=\"padding-left: 60px;\">Nad grbom je znak u obliku zvjezdolike tropletne vitice iste crvene boje, koja uokviruje bijelo polje, u kojem je veliko slovo U tamno modre boje.\u201d\u00a0 Izgled dr\u017eavne zastave odre\u0111en je \u00a7 2., po kojem je to \u201ezastava sa tri vodoravno polo\u017eena polja i to: najvi\u0161e crveno (boje krvi), pod njim bijelo, a pod tim modro. Visina te zastave prema \u0161irini je u omjeru 2:3 ili 2:5.<\/p>\n<p style=\"padding-left: 60px;\">U sredini bijelog polja je dr\u017eavni grb Nezavisne Dr\u017eave Hrvatske bez tropletne vitice. Postavljen je od crvenog i modrog polja daleko, koliko je duga stranica jedne \u010detvorine u grbu.<\/p>\n<p style=\"padding-left: 60px;\">Na crvenom polju kraj koplja nalazi se vitica, kao ona na grbu, izvedena crveno tako, da je njena povr\u0161ina ostavljena bijela. U njenom bijelom polju je veliko tamno modro slovo U.\u201d Zanimljivo je da je uz to propisano i da unutar \u201edr\u017eave ostaje svagdje osim na dr\u017eavnim i samoupravnim zgradama do daljnje odredbe u uporabi dosadanja hrvatska narodna zastava: crveno, bijelo i modra u vodoravnom polo\u017eaju.\u201d<\/p>\n<p style=\"padding-left: 60px;\">Navedeni opisi grba i zastave pokazuju da je njihov izgled bio detaljno opisan te ina\u010dice bez tropletne vitice i slova \u201eU\u201d nije mogu\u0107e smatrati grbom i zastavom NDH (\u201eusta\u0161kim grbom i zastavom\u201d), kako to neki danas \u010dine. (Mario Jareb, str. 271)<\/p>\n<h4 style=\"padding-left: 60px;\"><span style=\"color: #003366;\">Slu\u017ebeno znakovlje Republike Hrvatske<\/span><\/h4>\n<p style=\"padding-left: 60px;\">Izgled grba Republike Hrvatske ure\u0111en je \u010dlankom 7. Zakona o grbu, zastavi i himni Republike Hrvatske te zastavi i lenti predsjednika Republike Hrvatske: Grb Republike Hrvatske je povijesni hrvatski grb u obliku \u0161tita dvostruko podijeljen vodoravno i okomito u dvadeset pet crvenih i bijelih (srebrnih) polja, tako da je prvo polje u gornjem lijevom kutu \u0161tita crvene boje. Iznad \u0161tita se nalazi kruna sa pet \u0161iljaka koja se u blagom luku spaja sa lijevim i desnim gornjim dijelom \u0161tita. U krunu je smje\u0161teno pet manjih \u0161titova s povijesnim hrvatskim grbovima koji su poredam od lijeve na desnu stranu \u0161tita u ovom redu: najstariji poznati grb Hrvatske, grbovi Dubrova\u010dke Republike, Dalmacije, Istre i Slavonije. Omjer visine polja na glavnom \u0161titu i visine manjih \u0161titova u kruni je 1:2,5, a omjer \u0161irine polja na glavnom \u0161titu i \u0161irine manjih \u0161titova u kruni 1:1. \u201eNN (str. 350.)<\/p>\n<p style=\"padding-left: 60px;\"><img loading=\"lazy\" decoding=\"async\" class=\" wp-image-2173 alignleft\" src=\"http:\/\/viktimologija.com.hr\/wp\/wp-content\/uploads\/2019\/09\/grb-rh.jpg\" alt=\"\" width=\"141\" height=\"165\" srcset=\"https:\/\/viktimologija.com.hr\/wp\/wp-content\/uploads\/2019\/09\/grb-rh.jpg 370w, https:\/\/viktimologija.com.hr\/wp\/wp-content\/uploads\/2019\/09\/grb-rh-256x300.jpg 256w, https:\/\/viktimologija.com.hr\/wp\/wp-content\/uploads\/2019\/09\/grb-rh-230x269.jpg 230w, https:\/\/viktimologija.com.hr\/wp\/wp-content\/uploads\/2019\/09\/grb-rh-350x410.jpg 350w\" sizes=\"auto, (max-width: 141px) 100vw, 141px\" \/><\/p>\n<p>&nbsp;<\/p>\n<p>&nbsp;<\/p>\n<p>Grb Republike Hrvatske<\/p>\n<p>&nbsp;<\/p>\n<p>&nbsp;<\/p>\n<p style=\"padding-left: 60px;\"><img loading=\"lazy\" decoding=\"async\" class=\" wp-image-2174 alignleft\" src=\"http:\/\/viktimologija.com.hr\/wp\/wp-content\/uploads\/2019\/09\/zastava-rh.png\" alt=\"\" width=\"260\" height=\"130\" srcset=\"https:\/\/viktimologija.com.hr\/wp\/wp-content\/uploads\/2019\/09\/zastava-rh.png 300w, https:\/\/viktimologija.com.hr\/wp\/wp-content\/uploads\/2019\/09\/zastava-rh-230x115.png 230w\" sizes=\"auto, (max-width: 260px) 100vw, 260px\" \/><\/p>\n<p>&nbsp;<\/p>\n<p>Zastava Republike Hrvatske<\/p>\n<p>&nbsp;<\/p>\n<p>&nbsp;<\/p>\n<p style=\"padding-left: 60px;\"><img loading=\"lazy\" decoding=\"async\" class=\" wp-image-2175 alignleft\" src=\"http:\/\/viktimologija.com.hr\/wp\/wp-content\/uploads\/2019\/09\/zastava-predsjednika.png\" alt=\"\" width=\"179\" height=\"179\" srcset=\"https:\/\/viktimologija.com.hr\/wp\/wp-content\/uploads\/2019\/09\/zastava-predsjednika.png 300w, https:\/\/viktimologija.com.hr\/wp\/wp-content\/uploads\/2019\/09\/zastava-predsjednika-150x150.png 150w, https:\/\/viktimologija.com.hr\/wp\/wp-content\/uploads\/2019\/09\/zastava-predsjednika-230x230.png 230w\" sizes=\"auto, (max-width: 179px) 100vw, 179px\" \/><\/p>\n<p>&nbsp;<\/p>\n<p>&nbsp;<\/p>\n<p style=\"padding-left: 60px;\">Zastava predsjednika Republike Hrvatske<\/p>\n<p>&nbsp;<\/p>\n<p>&nbsp;<\/p>\n<p style=\"padding-left: 60px;\">\u201eIzgled zastave Republike Hrvatske ure\u0111en je \u010dlankom 10. spomenutog Zakona: Zastava Republike Hrvatske sastoji se od tri boje: crvene, bijele i plave s grbom Republike Hrvatske u sredini. Omjer \u0161irine: du\u017eine zastave je 1:2. Boje zastave su polo\u017eene vodoravno i to ovim redom s gornje strane: crvena, bijela i plava. Svaka boja \u010dini jednu tre\u0107inu \u0161irine zastave. Grb Republike Hrvatske je smje\u0161ten u sredini zastave tako da gornji dio grba (kruna) zalazi u crveno polje zastave, a donji dio grba zalazi u plavo polje zastave. Sredi\u0161nja to\u010dka grba poklapa se s to\u010dkom u kojoj se sijeku dijagonale zastave.\u201c Spomenuti Zakon prethodio je dono\u0161enju Ustava Republike Hrvatske 22. prosinca i njegovog \u010dlanka 11., koji se je tako\u0111er odnosio na dr\u017eavna obilje\u017eja: \u201eGrb Republike Hrvatske povijesni je hrvatski grb \u010dija je osnovica 25 naizmjeni\u010dnih crvenih i bijelih (srebrenih) polja.\u201c<\/p>\n<p style=\"padding-left: 60px;\">\u201eZastava Republike Hrvatske sastoji se od tri boje: crvene, bijele i plave, s povijesnim hrvatskim grbom u sredini.\u201c (M. Jareb, str. 351.)<\/p>\n<h4 style=\"padding-left: 60px;\"><span style=\"color: #003366;\">\u00a0Grb i zastava Hrvata u BiH<\/span><\/h4>\n<p style=\"padding-left: 60px;\">Poseban grb Hrvata u Bosni i Hercegovini, na hrvatskoj trobojnici zamijenio je dotad kori\u0161tene ina\u010dice hrvatskih \u0161ahiranih grbova. Na taj je na\u010din nastala i zastava Hrvata u BiH. Otad do danas taj se grb i zastava neprekinuto koriste kao slu\u017ebena obilje\u017eja hrvatskoga naroda u toj zemlji, a na to nisu utjecale ni promjene koje su se u me\u0111uvremenu doga\u0111ale.<\/p>\n<p style=\"padding-left: 90px;\">\u00a0\u00a0<img loading=\"lazy\" decoding=\"async\" class=\"wp-image-2176 alignleft\" src=\"http:\/\/viktimologija.com.hr\/wp\/wp-content\/uploads\/2019\/09\/grb-hrvata-u-bih.png\" alt=\"\" width=\"149\" height=\"158\" srcset=\"https:\/\/viktimologija.com.hr\/wp\/wp-content\/uploads\/2019\/09\/grb-hrvata-u-bih.png 407w, https:\/\/viktimologija.com.hr\/wp\/wp-content\/uploads\/2019\/09\/grb-hrvata-u-bih-282x300.png 282w, https:\/\/viktimologija.com.hr\/wp\/wp-content\/uploads\/2019\/09\/grb-hrvata-u-bih-230x245.png 230w, https:\/\/viktimologija.com.hr\/wp\/wp-content\/uploads\/2019\/09\/grb-hrvata-u-bih-350x372.png 350w\" sizes=\"auto, (max-width: 149px) 100vw, 149px\" \/><\/p>\n<p style=\"padding-left: 60px;\">Grb Hrvata u BiH i HVO-a<\/p>\n<p>&nbsp;<\/p>\n<p>&nbsp;<\/p>\n<p>&nbsp;<\/p>\n<p style=\"padding-left: 60px;\"><img loading=\"lazy\" decoding=\"async\" class=\" wp-image-2177 alignleft\" src=\"http:\/\/viktimologija.com.hr\/wp\/wp-content\/uploads\/2019\/09\/zastava-hrvata-u-bih.jpg\" alt=\"\" width=\"278\" height=\"139\" srcset=\"https:\/\/viktimologija.com.hr\/wp\/wp-content\/uploads\/2019\/09\/zastava-hrvata-u-bih.jpg 300w, https:\/\/viktimologija.com.hr\/wp\/wp-content\/uploads\/2019\/09\/zastava-hrvata-u-bih-230x115.jpg 230w\" sizes=\"auto, (max-width: 278px) 100vw, 278px\" \/><\/p>\n<p>&nbsp;<\/p>\n<p>Zastava Hrvata u BiH<\/p>\n<p>&nbsp;<\/p>\n<p>&nbsp;<\/p>\n<p>&nbsp;<\/p>\n<h4 style=\"padding-left: 60px;\"><span style=\"color: #003366;\">Zlonamjerne interpretacije<\/span><\/h4>\n<p style=\"padding-left: 60px;\">Skandalozno je bilo \u010duti i pro\u010ditati pro\u0161le godine optu\u017ebe na ra\u010dun predsjednice Kolinde Grabar-Kitarovi\u0107 da se u New Yorku slikala s iseljenicima iza \u201eusta\u0161ke zastave\u201d, a te optu\u017ebe su kulminirale poslije komemoracije na Bleiburgu 2018. godine; radilo se zapravo o tradicionalnoj hrvatskoj povijesnoj zastavi s grbom i bijelim po\u010detnim poljem na grbu koja se upotrebljava od sredine 19. stolje\u0107a do danas i nije ni u kakvoj koliziji s dana\u0161njom slu\u017ebenom dr\u017eavnom zastavom i grbom Republike Hrvatske.<\/p>\n<h5 style=\"padding-left: 60px;\">Povijesne hrvatske zastave<\/h5>\n<p style=\"padding-left: 60px;\"><img loading=\"lazy\" decoding=\"async\" class=\"size-full wp-image-2178 alignleft\" src=\"http:\/\/viktimologija.com.hr\/wp\/wp-content\/uploads\/2019\/09\/bijelo-polje-1.png\" alt=\"\" width=\"300\" height=\"152\" \/><img loading=\"lazy\" decoding=\"async\" class=\"alignnone wp-image-2180 size-full\" src=\"http:\/\/viktimologija.com.hr\/wp\/wp-content\/uploads\/2019\/09\/bijelo-polje2.jpg\" alt=\"\" width=\"300\" height=\"150\" \/><\/p>\n<p>&nbsp;<\/p>\n<h5 style=\"padding-left: 60px;\">Povijesni hrvatski grbovi<\/h5>\n<p style=\"padding-left: 60px;\">\u00a0 \u00a0 \u00a0 \u00a0<img loading=\"lazy\" decoding=\"async\" class=\"alignnone wp-image-2181\" src=\"http:\/\/viktimologija.com.hr\/wp\/wp-content\/uploads\/2019\/09\/phrg.png\" alt=\"\" width=\"159\" height=\"171\" \/>\u00a0 \u00a0 \u00a0 \u00a0 \u00a0 \u00a0 \u00a0 \u00a0 \u00a0 \u00a0 \u00a0 \u00a0<img loading=\"lazy\" decoding=\"async\" class=\"alignnone wp-image-2182\" src=\"http:\/\/viktimologija.com.hr\/wp\/wp-content\/uploads\/2019\/09\/prg2.png\" alt=\"\" width=\"159\" height=\"170\" \/><\/p>\n<p style=\"padding-left: 60px;\">Nikada nije bio upitan raspored boja crven, bijeli, plavi i hrvatski grb (bilo s bijelim ili crvenim po\u010detnim poljem). S takvim zastavama s grbom bijelog ili crvenog po\u010detnog polja Hrvati su nastupali diljem svijeta i pronosili hrvatsko ime, a posebno u vrijeme kada je u Hrvatskoj bila zabranjena svaka hrvatska zastava. To \u0107e oni \u010diniti s ponosom i u budu\u0107nosti. \u010cinjenica je tako\u0111er da oko polovice hrvatskog naroda \u017eivi izvan RH i da ve\u0107ina njih nema hrvatsko dr\u017eavljanstvo ali su na isti na\u010din ponosni i na simbole svoje mati\u010dne dr\u017eave, ali i svoje nacije i tradicije.<\/p>\n<p style=\"padding-left: 60px;\">\u010cinjenica je i to da je naj\u010de\u0161\u0107e u povijesti o boji prvog po\u010detnog polja na grbu odlu\u010divala podloga na kojoj je iscrtavana.<\/p>\n<p style=\"padding-left: 60px;\">\u010cim manje strogosti, oko znakovlja tim manje ostaje prostora za cjepidlake i podmetanja za zlonamjernike. Onima koji nam \u017eele inscenirati vje\u010dne igre podjela uvijek \u0107e na\u0107i dovoljno razloga za to!<\/p>\n<h4 style=\"padding-left: 60px;\">Koje je simbole zabranila Republika Austrija zakonom od 1. o\u017eujka 2019. godine?<\/h4>\n<p style=\"padding-left: 60px;\">Opis zabranjenog znakovlja prema austrijskom zakonu (Rechtsinformationssystem des Bundes <a href=\"https:\/\/www.ris.bka.gv.at\">(RIS)):<\/a><\/p>\n<p style=\"padding-left: 60px;\"><em>Simboli grupacije \u201eUsta\u0161a\u201d: <\/em><\/p>\n<p style=\"padding-left: 180px;\"><img loading=\"lazy\" decoding=\"async\" class=\"wp-image-2170 alignleft\" src=\"http:\/\/viktimologija.com.hr\/wp\/wp-content\/uploads\/2019\/09\/hrv-r-org.jpg\" alt=\"\" width=\"74\" height=\"106\" \/><em>Srebrnasta granata iz koje izlazi crveni plamen, na kugli se nalazi grb s\u00a0<\/em><em>bijelo-crvenim uzorkom \u0161ahovske plo\u010de (lijevo gore po\u010dinje bijelim poljem), i koja je okru\u017eena plavim prema gore otvorenim okvirom (u obliku slova U sa zavr\u0161nim crtama (serifima).<\/em><\/p>\n<p>&nbsp;<\/p>\n<p style=\"padding-left: 180px;\"><img loading=\"lazy\" decoding=\"async\" class=\"alignnone wp-image-2189\" src=\"http:\/\/viktimologija.com.hr\/wp\/wp-content\/uploads\/2019\/09\/grb-u.jpg\" alt=\"\" width=\"77\" height=\"130\" \/><em>Si<\/em><em>mbolizirani grb s bijelo-crvenim uzorkom \u0161ahovske plo\u010de (lijevo gore po\u010dinje bijelim poljem), iznad toga nalazi se slovo U sa zavr\u0161nim crtama (serifima) plave boje, okru\u017eeno je crveno-bijelim\u00a0<\/em><em>ukrasom.<\/em><\/p>\n<p>&nbsp;<\/p>\n<p style=\"padding-left: 60px;\">Rije\u010d je o dva simbola: prvi, o simbolu Usta\u0161a \u2013 Hrvatska revolucionarna organizacija i drugo: usta\u0161ki grb, pa prema tome i zastava s usta\u0161kim obilje\u017ejem na crvenom polju zastave (kako smo to ve\u0107 naveli u tekstu i \u0161to nije bilo potrebno posebno navoditi\u00a0<a href=\"https:\/\/kamenjar.com\/austrijske-vlasti-razmatraju-zabranu-skupa-na-bleiburgu\/\">u austrijskom obrazlo\u017eenju.<\/a>)<\/p>\n<p style=\"padding-left: 60px;\"><em>Ante Beljo,<\/em><\/p>\n<p style=\"padding-left: 60px;\"><em>Predsjednik Hrvatskog \u017ertvoslovnog dru\u0161tva<\/em><\/p>\n","protected":false},"excerpt":{"rendered":"<p>Bleiburg je \u017eiva rana na hrvatskom narodnom bi\u0107u koja nikada ne\u0107e niti mo\u017ee zacijeliti jer su i njene posljedice za Hrvatsku bile toliko pogubne ba\u0161 kao i one iz vremena Krbavske bitke 1493. godine. I tad je u tome ratu europski \u201ekr\u0161\u0107anski savez\u201d , nastao u Cetingradu, dogovorio zajedni\u010dku obranu od Osmanlija. Odaziv na poziv [&hellip;]<\/p>\n","protected":false},"author":1,"featured_media":0,"comment_status":"open","ping_status":"open","sticky":false,"template":"","format":"standard","meta":{"footnotes":""},"categories":[1],"tags":[],"class_list":["post-2162","post","type-post","status-publish","format-standard","hentry","category-novosti"],"_links":{"self":[{"href":"https:\/\/viktimologija.com.hr\/wp\/wp-json\/wp\/v2\/posts\/2162","targetHints":{"allow":["GET"]}}],"collection":[{"href":"https:\/\/viktimologija.com.hr\/wp\/wp-json\/wp\/v2\/posts"}],"about":[{"href":"https:\/\/viktimologija.com.hr\/wp\/wp-json\/wp\/v2\/types\/post"}],"author":[{"embeddable":true,"href":"https:\/\/viktimologija.com.hr\/wp\/wp-json\/wp\/v2\/users\/1"}],"replies":[{"embeddable":true,"href":"https:\/\/viktimologija.com.hr\/wp\/wp-json\/wp\/v2\/comments?post=2162"}],"version-history":[{"count":15,"href":"https:\/\/viktimologija.com.hr\/wp\/wp-json\/wp\/v2\/posts\/2162\/revisions"}],"predecessor-version":[{"id":2193,"href":"https:\/\/viktimologija.com.hr\/wp\/wp-json\/wp\/v2\/posts\/2162\/revisions\/2193"}],"wp:attachment":[{"href":"https:\/\/viktimologija.com.hr\/wp\/wp-json\/wp\/v2\/media?parent=2162"}],"wp:term":[{"taxonomy":"category","embeddable":true,"href":"https:\/\/viktimologija.com.hr\/wp\/wp-json\/wp\/v2\/categories?post=2162"},{"taxonomy":"post_tag","embeddable":true,"href":"https:\/\/viktimologija.com.hr\/wp\/wp-json\/wp\/v2\/tags?post=2162"}],"curies":[{"name":"wp","href":"https:\/\/api.w.org\/{rel}","templated":true}]}}