{"id":24468,"date":"2025-04-03T09:56:36","date_gmt":"2025-04-03T07:56:36","guid":{"rendered":"https:\/\/viktimologija.com.hr\/wp\/?p=24468"},"modified":"2025-04-03T10:05:40","modified_gmt":"2025-04-03T08:05:40","slug":"u-splitu-promocija-knjige-rat-nakon-rata-1945-1951","status":"publish","type":"post","link":"https:\/\/viktimologija.com.hr\/wp\/u-splitu-promocija-knjige-rat-nakon-rata-1945-1951\/","title":{"rendered":"U Splitu promocija knjige &#8220;Rat nakon rata 1945.-1951.&#8221;"},"content":{"rendered":"<p>Pozivamo Vas na predstavljanje knjige &#8220;Rat nakon rata 1945.-1951.&#8221;<\/p>\n<p><strong>\u010cETVRTAK &#8211; 3. travnja 2025. godine, s po\u010detkom u 18 sati, u dvorani rektorata Sveu\u010dili\u0161ta u Splitu (III. kat Sveu\u010dili\u0161ne knji\u017enice), Ulica Ru\u0111era Bo\u0161kovi\u0107a 31, Split.<\/strong><\/p>\n<p>Knjiga donosi prikaz djelovanja komunisti\u010dkog represivnog aparata protiv jataka koji su pomagali pripadnicima hrvatske protukomunisti\u010dke gerile. Zauzdavanjem jataka slomljena je kralje\u017enica otpora pripadnika navedene gerile i okon\u010dan je proces uspostave komunisti\u010dke vlasti u Hercegovini. Ono \u0161to daje dodatnu simboliku i zna\u010daj komunisti\u010dkom otporu je \u010dinjenica da su sr\u017e jataka \u010dinile \u017eene, odnosno majke kojima su supruzi i sinovi ubijeni kao pripadnici Oru\u017eanih snaga NDH na Bleiburgu i kri\u017enome putu, te djevojke pripadnika protukomunisti\u010dke gerile koji su se skrivali u planinama i \u0161umama, kao i njihove sestre. Knjiga iznosi svjedo\u010denja jatakinja koje su na okrutan na\u010din bile mu\u010dene u komunisti\u010dkim zatvorima poput \u0106elovine (zatvor Okru\u017enog suda u Mostaru) i Kazneno-popravnog doma Zenica (KPD), a neke su bile i ubijene.<\/p>\n<p>Autor knjige dr. sc. Hrvoje Mandi\u0107 ro\u0111en je 1987. u Mostaru. Na Fakultetu hrvatskih studija doktorirao je 2020. na temu Hercegova\u010dka franjeva\u010dka provincija u Drugom svjetskom ratu i pora\u0107u. Zaposlen je u Sredi\u0161njem uredu za digitalizaciju Sveu\u010dili\u0161ta u Zagrebu.<\/p>\n<p>O knjizi \u0107e govoriti:<\/p>\n<p><b>Zvonimir Despot<\/b>, nakladnik,<\/p>\n<p>autor dr. sc.\u00a0<b>Hrvoje Mandi\u0107<\/b><\/p>\n<p>i<\/p>\n<p><b>Radoslav Zaradi\u0107<\/b>, predsjednik Hrvatske udruge Benedikt.<\/p>\n<p><a href=\"https:\/\/viktimologija.com.hr\/wp\/u-splitu-promocija-knjige-rat-nakon-rata-1945-1951\/rat-nakon-rata-1945-1951-hrvoje-mandic\/\" rel=\"attachment wp-att-24470\"><img loading=\"lazy\" decoding=\"async\" class=\"aligncenter wp-image-24470\" src=\"https:\/\/viktimologija.com.hr\/wp\/wp-content\/uploads\/2025\/04\/Rat-nakon-rata-1945-1951-Hrvoje-Mandic-350x236.jpg\" alt=\"\" width=\"600\" height=\"405\" srcset=\"https:\/\/viktimologija.com.hr\/wp\/wp-content\/uploads\/2025\/04\/Rat-nakon-rata-1945-1951-Hrvoje-Mandic-350x236.jpg 350w, https:\/\/viktimologija.com.hr\/wp\/wp-content\/uploads\/2025\/04\/Rat-nakon-rata-1945-1951-Hrvoje-Mandic-1024x691.jpg 1024w, https:\/\/viktimologija.com.hr\/wp\/wp-content\/uploads\/2025\/04\/Rat-nakon-rata-1945-1951-Hrvoje-Mandic-768x518.jpg 768w, https:\/\/viktimologija.com.hr\/wp\/wp-content\/uploads\/2025\/04\/Rat-nakon-rata-1945-1951-Hrvoje-Mandic-1536x1036.jpg 1536w, https:\/\/viktimologija.com.hr\/wp\/wp-content\/uploads\/2025\/04\/Rat-nakon-rata-1945-1951-Hrvoje-Mandic-830x560.jpg 830w, https:\/\/viktimologija.com.hr\/wp\/wp-content\/uploads\/2025\/04\/Rat-nakon-rata-1945-1951-Hrvoje-Mandic-230x155.jpg 230w, https:\/\/viktimologija.com.hr\/wp\/wp-content\/uploads\/2025\/04\/Rat-nakon-rata-1945-1951-Hrvoje-Mandic-480x324.jpg 480w, https:\/\/viktimologija.com.hr\/wp\/wp-content\/uploads\/2025\/04\/Rat-nakon-rata-1945-1951-Hrvoje-Mandic.jpg 2048w\" sizes=\"auto, (max-width: 600px) 100vw, 600px\" \/><\/a><\/p>\n<div id=\"simple-translate\" class=\"simple-translate-system-theme\">\n<div>\n<div class=\"simple-translate-button isShow\" style=\"background-image: url('chrome-extension:\/\/ibplnjkanclpjokhdolnendpplpjiace\/icons\/512.png'); height: 22px; width: 22px; top: 457px; left: 160px;\"><\/div>\n<div class=\"simple-translate-panel \" style=\"width: 300px; height: 200px; top: 0px; left: 0px; font-size: 13px;\">\n<div class=\"simple-translate-result-wrapper\" style=\"overflow: hidden;\">\n<div class=\"simple-translate-move\" draggable=\"true\"><\/div>\n<div class=\"simple-translate-result-contents\">\n<p class=\"simple-translate-candidate\" dir=\"auto\">\n<\/div>\n<\/div>\n<\/div>\n<\/div>\n<\/div>\n","protected":false},"excerpt":{"rendered":"<p>Pozivamo Vas na predstavljanje knjige &#8220;Rat nakon rata 1945.-1951.&#8221; \u010cETVRTAK &#8211; 3. travnja 2025. godine, s po\u010detkom u 18 sati, u dvorani rektorata Sveu\u010dili\u0161ta u Splitu (III. kat Sveu\u010dili\u0161ne knji\u017enice), Ulica Ru\u0111era Bo\u0161kovi\u0107a 31, Split. Knjiga donosi prikaz djelovanja komunisti\u010dkog represivnog aparata protiv jataka koji su pomagali pripadnicima hrvatske protukomunisti\u010dke gerile. Zauzdavanjem jataka slomljena je [&hellip;]<\/p>\n","protected":false},"author":1,"featured_media":0,"comment_status":"open","ping_status":"open","sticky":false,"template":"","format":"standard","meta":{"footnotes":""},"categories":[1],"tags":[2759,4194,4286,2637],"class_list":["post-24468","post","type-post","status-publish","format-standard","hentry","category-novosti","tag-hrvoje-mandic","tag-radoslav-zaradic","tag-rat-nakon-rata-1945-1951","tag-zvonimir-despot"],"_links":{"self":[{"href":"https:\/\/viktimologija.com.hr\/wp\/wp-json\/wp\/v2\/posts\/24468","targetHints":{"allow":["GET"]}}],"collection":[{"href":"https:\/\/viktimologija.com.hr\/wp\/wp-json\/wp\/v2\/posts"}],"about":[{"href":"https:\/\/viktimologija.com.hr\/wp\/wp-json\/wp\/v2\/types\/post"}],"author":[{"embeddable":true,"href":"https:\/\/viktimologija.com.hr\/wp\/wp-json\/wp\/v2\/users\/1"}],"replies":[{"embeddable":true,"href":"https:\/\/viktimologija.com.hr\/wp\/wp-json\/wp\/v2\/comments?post=24468"}],"version-history":[{"count":5,"href":"https:\/\/viktimologija.com.hr\/wp\/wp-json\/wp\/v2\/posts\/24468\/revisions"}],"predecessor-version":[{"id":24474,"href":"https:\/\/viktimologija.com.hr\/wp\/wp-json\/wp\/v2\/posts\/24468\/revisions\/24474"}],"wp:attachment":[{"href":"https:\/\/viktimologija.com.hr\/wp\/wp-json\/wp\/v2\/media?parent=24468"}],"wp:term":[{"taxonomy":"category","embeddable":true,"href":"https:\/\/viktimologija.com.hr\/wp\/wp-json\/wp\/v2\/categories?post=24468"},{"taxonomy":"post_tag","embeddable":true,"href":"https:\/\/viktimologija.com.hr\/wp\/wp-json\/wp\/v2\/tags?post=24468"}],"curies":[{"name":"wp","href":"https:\/\/api.w.org\/{rel}","templated":true}]}}