{"id":2635,"date":"2019-11-06T20:36:33","date_gmt":"2019-11-06T19:36:33","guid":{"rendered":"http:\/\/viktimologija.com.hr\/wp\/?p=2635"},"modified":"2019-11-07T00:17:38","modified_gmt":"2019-11-06T23:17:38","slug":"komemoracija-za-zrtve-cetnickih-i-partizanskih-zlocina-u-spanovici-kusonjama-i-bucju","status":"publish","type":"post","link":"https:\/\/viktimologija.com.hr\/wp\/komemoracija-za-zrtve-cetnickih-i-partizanskih-zlocina-u-spanovici-kusonjama-i-bucju\/","title":{"rendered":"Komemoracija za \u017ertve \u010detni\u010dkih i partizanskih zlo\u010dina u \u0160panovici, Kusonjama i Bu\u010dju"},"content":{"rendered":"<p>Zavi\u010dajna zajednica \u0160panov\u010dana svake godine organizira komemorativnu sve\u010danost na spomen groblju u \u0160panovici u znak sje\u0107anja na 6. listopada 1942. godine kada su partizani u Drugom svjetskom ratu napali selo, ubili 143\u00a0 mje\u0161tana civila, spalili selo, a pre\u017eivjele rastjerali s trajnom zabranom povratka. Hrvatsko \u017ertvoslovno dru\u0161tvo tradicionalno se priklju\u010duje komemoraciji te organizira posjet spomen obilje\u017ejima podignutim u \u010dast nevinim \u017ertvama \u010detni\u010dkih i partizanskih zlo\u010dina po\u010dinjenim na podru\u010dju \u0160panovice, Kusonja, Bu\u010dja i Novske za vrijeme i poslije II. svjetskog rata te u Domovinskom ratu.<\/p>\n<p>Nakon pozdravnih rije\u010di predsjednika Hrvatskog \u017ertvoslovnog dru\u0161tva gosp. Ante Belje i molitve, gosp. Marijan Pinhak, porijeklom iz \u0160panovice, istra\u017eiva\u010d povijesnih doga\u0111aja i svjedok vremena, za vrijeme putovanja od Zagreba do Pakraca iznio je crtice iz povijesti svog rodnog kraja, o naseljavanju tog podru\u010dja prepunom prirodnim bogatstvima te gospodarskom procvatu, zatim o nastanku sukoba i mr\u017enje prema hrvatskom domicilnom stanovni\u0161tvu, \u00a0djelovanju \u010detnika i partizana te planskom istrjebljenju nesrpskog stanovni\u0161tva s podru\u010dja \u0160panovice, Kusonja i Bu\u010dja i otimanju svega njihovog.<\/p>\n<p>&nbsp;<\/p>\n<p style=\"padding-left: 120px;\">\u00a0<img loading=\"lazy\" decoding=\"async\" class=\"alignnone\" src=\"http:\/\/viktimologija.com.hr\/wp\/wp-content\/uploads\/2019\/10\/IMG_0479b-2.jpg\" alt=\"\" width=\"378\" height=\"462\" \/>\u00a0 \u00a0 \u00a0 \u00a0 \u00a0 \u00a0 \u00a0 \u00a0 \u00a0 \u00a0 \u00a0 \u00a0 \u00a0 \u00a0 \u00a0\u00a0<img loading=\"lazy\" decoding=\"async\" class=\"alignnone wp-image-3125\" src=\"http:\/\/viktimologija.com.hr\/wp\/wp-content\/uploads\/2019\/11\/IMG_0479c.jpg\" alt=\"\" width=\"307\" height=\"459\" srcset=\"https:\/\/viktimologija.com.hr\/wp\/wp-content\/uploads\/2019\/11\/IMG_0479c-200x300.jpg 200w, https:\/\/viktimologija.com.hr\/wp\/wp-content\/uploads\/2019\/11\/IMG_0479c-683x1024.jpg 683w, https:\/\/viktimologija.com.hr\/wp\/wp-content\/uploads\/2019\/11\/IMG_0479c-230x345.jpg 230w\" sizes=\"auto, (max-width: 307px) 100vw, 307px\" \/><\/p>\n<p>&nbsp;<\/p>\n<p>U Pakracu u \u017eupnoj crkvi Uznesenja Bla\u017eene Djevice Marije nastavljena je komemoracija za sve nevine \u017ertve misnim slavljem koje je predvodio mjesni \u017eupnik vl\u010d. Matija Jurkovi\u0107.<\/p>\n<p>&nbsp;<\/p>\n<p style=\"padding-left: 30px;\">\u00a0<img loading=\"lazy\" decoding=\"async\" class=\"alignnone\" src=\"http:\/\/viktimologija.com.hr\/wp\/wp-content\/uploads\/2019\/10\/IMG_0511.jpg\" alt=\"\" width=\"488\" height=\"326\" \/>\u00a0 \u00a0 \u00a0 \u00a0\u00a0<img loading=\"lazy\" decoding=\"async\" class=\"alignnone\" src=\"http:\/\/viktimologija.com.hr\/wp\/wp-content\/uploads\/2019\/10\/IMG_0515.jpg\" alt=\"\" width=\"486\" height=\"323\" \/><\/p>\n<p>U Kusonjama, u spomen parku pred kapelom Male Gospe, polaganjem vijenaca i paljenjem svije\u0107a \u010dlanovi Zavi\u010dajne zajednice \u0160panov\u010dana i Hrvatskog \u017ertvoslovnog dru\u0161tva poklonili su se \u017ertvi hrvatskih branitelja dragovoljca iz Bjelovara, pripadnika Prve satnije 105. brigade Hrvatske vojske, koji su\u00a0 \u201eZastali u vje\u010dnosti ljube\u0107i oltar domovine Kusonje 1991 \u2013 1993\u201c \u00a0Nikola Benkus, \u017deljko Besek, Marinko Crnogaj, Mato \u010can\u010dar, Miroslav \u010cernak, Marijan Duki\u0107, Stipe Gad\u017ea, Petar Grube\u0161a, Anto Ivandi\u0107, Stjepan Kolar, Vlado Kriva\u010di\u0107, Stjepan Mami\u0107, Tadija Marki\u0107, Ivan Pali\u0107, Zlatko Pavlovi\u0107, Nedjeljko Peki\u0107, Mario Posari\u0107, Igor Stipi\u0107, Dubravko \u0160tefulinec, Ante Tandara ubijeni su\u00a0 8. rujna 1991. a na istom mjestu su\u00a0 poginuli \u010dasnici Hrvatske vojske Stanko Pali\u0107, Mirko Pere\u0161 i \u017deljko \u0160egvi\u0107 8. rujna 1993. godine koji su do\u0161li odati po\u010dast svojim poginulim prijateljima i suborcima. Bjelovarsko-bilogorska \u017eupanija proglasila je Kusonje mjestom od posebnog pijeteta na \u017ertvu Domovinskog rata za Bjelovarsko-bilogorsku \u017eupaniju.<\/p>\n<p style=\"padding-left: 30px;\"><img loading=\"lazy\" decoding=\"async\" class=\"alignnone\" src=\"http:\/\/viktimologija.com.hr\/wp\/wp-content\/uploads\/2019\/10\/SAM_4252.jpg\" alt=\"\" width=\"480\" height=\"360\" \/>\u00a0 \u00a0 \u00a0 \u00a0 \u00a0 \u00a0\u00a0<img loading=\"lazy\" decoding=\"async\" class=\"alignnone wp-image-3206\" src=\"http:\/\/viktimologija.com.hr\/wp\/wp-content\/uploads\/2019\/11\/SAM_4253.jpg\" alt=\"\" width=\"483\" height=\"362\" srcset=\"https:\/\/viktimologija.com.hr\/wp\/wp-content\/uploads\/2019\/11\/SAM_4253.jpg 3648w, https:\/\/viktimologija.com.hr\/wp\/wp-content\/uploads\/2019\/11\/SAM_4253-300x225.jpg 300w, https:\/\/viktimologija.com.hr\/wp\/wp-content\/uploads\/2019\/11\/SAM_4253-768x576.jpg 768w, https:\/\/viktimologija.com.hr\/wp\/wp-content\/uploads\/2019\/11\/SAM_4253-1024x768.jpg 1024w, https:\/\/viktimologija.com.hr\/wp\/wp-content\/uploads\/2019\/11\/SAM_4253-830x623.jpg 830w, https:\/\/viktimologija.com.hr\/wp\/wp-content\/uploads\/2019\/11\/SAM_4253-230x173.jpg 230w, https:\/\/viktimologija.com.hr\/wp\/wp-content\/uploads\/2019\/11\/SAM_4253-350x263.jpg 350w, https:\/\/viktimologija.com.hr\/wp\/wp-content\/uploads\/2019\/11\/SAM_4253-480x360.jpg 480w\" sizes=\"auto, (max-width: 483px) 100vw, 483px\" \/><\/p>\n<p>U \u0160panovici na mjestu gdje se nalazila crkva Sv. Duha od koje je tek ostalo zvono, okupili su se potomci \u017ertava, Zavi\u010dajna zajednica \u0160panov\u010dana, mjesne vlasti te \u010dlanovi Hrvatskog \u017ertvoslovnog dru\u0161tva i zajedno uputili do spomen groblja koje je obnovljeno 1998\/99. godine i gdje je izra\u0111en spomenik za oko 400 ubijenih ili nestalih \u0160panov\u010dana u pora\u0107u 2. svjetskog rata.<\/p>\n<p style=\"padding-left: 30px;\"><a href=\"http:\/\/viktimologija.com.hr\/wp\/wp-content\/uploads\/2019\/10\/SAM_4321.jpg\"><img loading=\"lazy\" decoding=\"async\" class=\"alignnone\" src=\"http:\/\/viktimologija.com.hr\/wp\/wp-content\/uploads\/2019\/10\/SAM_4321.jpg\" alt=\"\" width=\"490\" height=\"368\" \/><\/a>\u00a0 \u00a0 \u00a0 \u00a0\u00a0<a href=\"http:\/\/viktimologija.com.hr\/wp\/wp-content\/uploads\/2019\/10\/SAM_4332.jpg\"><img loading=\"lazy\" decoding=\"async\" class=\"alignnone\" src=\"http:\/\/viktimologija.com.hr\/wp\/wp-content\/uploads\/2019\/10\/SAM_4332.jpg\" alt=\"\" width=\"486\" height=\"364\" \/><\/a><\/p>\n<p>Uz sje\u0107anje na \u017ertve, predsjednik Zavi\u010dajne zajednice \u0160panov\u010dana Boris Ple\u0161a je podsjetio kako pitanje povratka imovine otete \u0160panov\u010danima od strane komunisti\u010dkih vlasti 1945. godine do danas nije rije\u0161eno dodaju\u0107i kako to, s obzirom da vrijeme i biologija rade svoje, vi\u0161e nije egzistencijalno pitanje ve\u0107 moralno, te da \u0107e se i dalje zauzimati za prava \u0160panov\u010dana i njihovih potomaka.<\/p>\n<p style=\"padding-left: 30px;\"><a href=\"http:\/\/viktimologija.com.hr\/wp\/wp-content\/uploads\/2019\/10\/IMG_0543a.jpg\"><img loading=\"lazy\" decoding=\"async\" src=\"http:\/\/viktimologija.com.hr\/wp\/wp-content\/uploads\/2019\/10\/IMG_0543a.jpg\" alt=\"\" width=\"511\" height=\"341\" \/><\/a>\u00a0 \u00a0 \u00a0 \u00a0\u00a0<a href=\"http:\/\/viktimologija.com.hr\/wp\/wp-content\/uploads\/2019\/10\/SAM_4357.jpg\"><img loading=\"lazy\" decoding=\"async\" class=\"\" src=\"http:\/\/viktimologija.com.hr\/wp\/wp-content\/uploads\/2019\/10\/SAM_4357.jpg\" alt=\"\" width=\"453\" height=\"340\" \/><\/a><\/p>\n<p>Predsjednik Gradskog vije\u0107a Pakrac Miroslav Ivan\u010di\u0107 istaknuo je \u017eelju hrvatskog naroda za samostalno\u0161\u0107u i \u017ertvu koju su Hrvati morali podnijeti da bi do nje do\u0161li na \u010demu je zahvalio svim \u017ertvama i onima koji ih se ovakvim skupovima sje\u0107aju.<\/p>\n<p>Hrvatsko \u017ertvoslovno dru\u0161tvo \u0107e se nastaviti boriti za sve hrvatske \u017ertve dok one ne dobiju zaslu\u017eeno priznanje i dok se prema njihovoj \u017ertvi ne po\u010dne pisati hrvatska povijest, istaknuo je predsjednik Hrvatskog \u017ertvoslovnog dru\u0161tva Anto Beljo dodaju\u0107i kako najnovija rezolucija Europskog parlamenta ne samo da jednako osu\u0111uje sve totalitarne re\u017eime u 20. stolje\u0107u ve\u0107 sada postavlja i konkretne zada\u0107e pred nacionalne institucije i tra\u017ei od relevantnih nevladinih udruga i dru\u0161tava izvje\u0161\u0107a o tome \u0161to je u tom pogledu postignuto.<\/p>\n<p class=\"alignnone\"><strong>\u00a0\u00a0\u00a0\u00a0\u00a0\u00a0\u00a0\u00a0\u00a0\u00a0\u00a0\u00a0\u00a0<img loading=\"lazy\" decoding=\"async\" class=\"alignnone\" src=\"http:\/\/viktimologija.com.hr\/wp\/wp-content\/uploads\/2019\/10\/SAM_4341.jpg\" alt=\"\" width=\"495\" height=\"370\" \/>\u00a0 \u00a0 \u00a0 \u00a0<\/strong><img loading=\"lazy\" decoding=\"async\" class=\"alignnone\" src=\"http:\/\/viktimologija.com.hr\/wp\/wp-content\/uploads\/2019\/10\/SAM_4343.jpg\" alt=\"\" width=\"497\" height=\"373\" \/><strong>\u00a0<\/strong><\/p>\n<p style=\"padding-left: 60px;\">\u00a0 \u00a0 \u00a0 \u00a0 \u00a0 \u00a0 \u00a0 \u00a0<img loading=\"lazy\" decoding=\"async\" class=\"alignnone\" src=\"http:\/\/viktimologija.com.hr\/wp\/wp-content\/uploads\/2019\/11\/IMG_0607b.jpg\" alt=\"\" width=\"487\" height=\"325\" \/>\u00a0 \u00a0 \u00a0 \u00a0 \u00a0 \u00a0 \u00a0<a href=\"http:\/\/viktimologija.com.hr\/wp\/wp-content\/uploads\/2019\/10\/SAM_4379-2.jpg\"><img loading=\"lazy\" decoding=\"async\" class=\"\" src=\"http:\/\/viktimologija.com.hr\/wp\/wp-content\/uploads\/2019\/10\/SAM_4379-2.jpg\" alt=\"\" width=\"235\" height=\"325\" \/><\/a><\/p>\n<p>U spomen na ubijene civile i hrvatske branitelje, zato\u010denike logora Bu\u010dje polo\u017eeni su vijenci i zapaljena svije\u0107a ispred zavjetne kapelice sv. Antuna Pustinjaka koja je podignuta u \u010dast svim zato\u010denima. Nakon tzv. oslobo\u0111enja Pakraca 13. rujna 1944. godine tu je bio partizanski logor u kojem su provodili prijeka su\u0111enja i smaknu\u0107a strijeljanjem i vje\u0161anjem ve\u0107inom uglednih Pakra\u010dana. Osnivanjem SAO Krajine zapad 1991.godine ponovno je uspostavljen logor. Tristotinjak je civila i hrvatskih branitelja tu bilo zato\u010deno. Za dvadeset i dvije osobe se je jo\u0161 uvijek ne zna sudbina te se vode kao nestali. Me\u0111u njima je i lije\u010dnik i mirotvorac dr. Ivan \u0160reter.<\/p>\n<p>&nbsp;<\/p>\n<p><a href=\"http:\/\/viktimologija.com.hr\/wp\/wp-content\/uploads\/2019\/11\/SAM_4424-2.jpg\"><img loading=\"lazy\" decoding=\"async\" class=\"aligncenter\" src=\"http:\/\/viktimologija.com.hr\/wp\/wp-content\/uploads\/2019\/11\/SAM_4424-2.jpg\" alt=\"\" width=\"995\" height=\"642\" \/><\/a><\/p>\n<p>Ispred spomen obilje\u017eja Trokut-Novska, novljanskoj boji\u0161nici u kojoj je \u017eivot izgubilo 314 hrvatskih branitelja iz 17 postrojbi, molitvom i paljenjem svije\u0107a odana je po\u010dast\u00a0 hrvatskim braniteljima koji su tu polo\u017eili \u017eivot u obrani domovine.<\/p>\n<p><a href=\"http:\/\/viktimologija.com.hr\/wp\/wp-content\/uploads\/2019\/10\/SAM_4416-2-1.jpg\"><img loading=\"lazy\" decoding=\"async\" class=\"aligncenter\" src=\"http:\/\/viktimologija.com.hr\/wp\/wp-content\/uploads\/2019\/10\/SAM_4416-2-1.jpg\" alt=\"\" width=\"985\" height=\"586\" \/><\/a><\/p>\n<p><a href=\"http:\/\/viktimologija.com.hr\/wp\/wp-content\/uploads\/2019\/10\/SAM_4414-2.jpg\"><img loading=\"lazy\" decoding=\"async\" class=\"aligncenter\" src=\"http:\/\/viktimologija.com.hr\/wp\/wp-content\/uploads\/2019\/10\/SAM_4414-2.jpg\" alt=\"\" width=\"981\" height=\"913\" \/><\/a><\/p>\n<p>&nbsp;<\/p>\n<p><strong><a href=\"http:\/\/novska.hr\/hr\/on-line-vijesti\/gradske-vijesti\/komemoracija-trokut---novska-u-spomen-poginulim-braniteljima-na-novljanskoj,4094.html\">Veli\u010danstven skup na Trokutu: Odr\u017eana komemoracija u spomen na poginule hrvatske branitelje u prvoj napadnoj operaciji &#8220;Orkan &#8217;91&#8221;<\/a><\/strong><\/p>\n<p><strong><a title=\"8. rujna 1991. Kusonje \u2013 mu\u010denje i i\u017eivljavanje Srba nad zarobljenim gardistima\" href=\"https:\/\/narod.hr\/kultura\/8-rujna-1991-kusonje-mucenje-izivljavanje-srba-nad-zarobljenim-gardistima\" rel=\"bookmark\">8. rujna 1991. Kusonje \u2013 mu\u010denje i i\u017eivljavanje Srba nad zarobljenim gardistima<\/a><\/strong><\/p>\n<p><a href=\"https:\/\/www.youtube.com\/watch?v=0335IpsOONg&amp;list=RD-QU5gQDw4Xo&amp;index=5\"><strong>(VIDEO) TV Kalendar &#8211; Zlo\u010dini u Kusonjama 08. rujna 1991. i 1993.<\/strong><\/a><\/p>\n<p><strong><a href=\"https:\/\/pozega.eu\/grobovima-22-ojice-logorasa-s-bucja-jos-uvijek-sute-da-se-tome-vise-govorilo-mozda-do-sada-bili-pronadeni-barem-stradali-fotogalerija\/\">O grobovima 22-ojice logora\u0161a s Bu\u010dja jo\u0161 uvijek neki \u0161ute: \u201cDa se o tome vi\u0161e govorilo mo\u017eda bi do sada bili prona\u0111eni barem neki koji su stradali\u201d<\/a><\/strong><\/p>\n<p><strong><a href=\"https:\/\/pozeska-kronika.hr\/samouprava\/item\/270-podignuto-spomen-obilje%C5%BEje-kapelica-sv-antuna.html\">Podignuto spomen obilje\u017eje kapelica sv. Antuna<\/a><\/strong><\/p>\n<p><a href=\"https:\/\/narod.hr\/hrvatska\/sjecanje-24-02-1992-novom-selu-vraceno-ime-spanovica\"><strong>Sje\u0107anje: Novom selu vra\u0107eno ime \u0160panovica<\/strong><\/a><\/p>\n<p style=\"background: white; vertical-align: baseline; margin: 7.5pt 0cm 3.75pt 0cm;\"><a href=\"https:\/\/www.hkv.hr\/reportae\/d-borovak\/533-reportaa-damira-borovaka-cestom-muenitva-kusonje-panovica-buje.html\"><b>Cestom mu\u010deni\u0161tva &#8211; Kusonje, \u0160panovica, Bu\u010dje<\/b><\/a><\/p>\n<p>&nbsp;<\/p>\n<blockquote class=\"wp-embedded-content\" data-secret=\"tfmNvtRsr2\"><p><a href=\"http:\/\/viktimologija.com.hr\/wp\/2018\/10\/15\/spanovica-kusonje-i-bucje-2018\/\">\u0160PANOVICA, KUSONJE i BU\u010cJE 2018.<\/a><\/p><\/blockquote>\n<p><iframe loading=\"lazy\" class=\"wp-embedded-content\" sandbox=\"allow-scripts\" security=\"restricted\" style=\"position: absolute; clip: rect(1px, 1px, 1px, 1px);\" src=\"http:\/\/viktimologija.com.hr\/wp\/2018\/10\/15\/spanovica-kusonje-i-bucje-2018\/embed\/#?secret=tfmNvtRsr2\" data-secret=\"tfmNvtRsr2\" width=\"600\" height=\"338\" title=\"&#8220;\u0160PANOVICA, KUSONJE i BU\u010cJE 2018.&#8221; &#8212; Hrvatsko viktimolo\u0161ko dru\u0161tvo\" frameborder=\"0\" marginwidth=\"0\" marginheight=\"0\" scrolling=\"no\"><\/iframe><\/p>\n","protected":false},"excerpt":{"rendered":"<p>Zavi\u010dajna zajednica \u0160panov\u010dana svake godine organizira komemorativnu sve\u010danost na spomen groblju u \u0160panovici u znak sje\u0107anja na 6. listopada 1942. godine kada su partizani u Drugom svjetskom ratu napali selo, ubili 143\u00a0 mje\u0161tana civila, spalili selo, a pre\u017eivjele rastjerali s trajnom zabranom povratka. Hrvatsko \u017ertvoslovno dru\u0161tvo tradicionalno se priklju\u010duje komemoraciji te organizira posjet spomen obilje\u017ejima [&hellip;]<\/p>\n","protected":false},"author":1,"featured_media":0,"comment_status":"open","ping_status":"open","sticky":false,"template":"","format":"standard","meta":{"footnotes":""},"categories":[7],"tags":[],"class_list":["post-2635","post","type-post","status-publish","format-standard","hentry","category-komemoracije"],"_links":{"self":[{"href":"https:\/\/viktimologija.com.hr\/wp\/wp-json\/wp\/v2\/posts\/2635","targetHints":{"allow":["GET"]}}],"collection":[{"href":"https:\/\/viktimologija.com.hr\/wp\/wp-json\/wp\/v2\/posts"}],"about":[{"href":"https:\/\/viktimologija.com.hr\/wp\/wp-json\/wp\/v2\/types\/post"}],"author":[{"embeddable":true,"href":"https:\/\/viktimologija.com.hr\/wp\/wp-json\/wp\/v2\/users\/1"}],"replies":[{"embeddable":true,"href":"https:\/\/viktimologija.com.hr\/wp\/wp-json\/wp\/v2\/comments?post=2635"}],"version-history":[{"count":52,"href":"https:\/\/viktimologija.com.hr\/wp\/wp-json\/wp\/v2\/posts\/2635\/revisions"}],"predecessor-version":[{"id":3220,"href":"https:\/\/viktimologija.com.hr\/wp\/wp-json\/wp\/v2\/posts\/2635\/revisions\/3220"}],"wp:attachment":[{"href":"https:\/\/viktimologija.com.hr\/wp\/wp-json\/wp\/v2\/media?parent=2635"}],"wp:term":[{"taxonomy":"category","embeddable":true,"href":"https:\/\/viktimologija.com.hr\/wp\/wp-json\/wp\/v2\/categories?post=2635"},{"taxonomy":"post_tag","embeddable":true,"href":"https:\/\/viktimologija.com.hr\/wp\/wp-json\/wp\/v2\/tags?post=2635"}],"curies":[{"name":"wp","href":"https:\/\/api.w.org\/{rel}","templated":true}]}}