{"id":2669,"date":"2019-10-10T16:21:22","date_gmt":"2019-10-10T14:21:22","guid":{"rendered":"http:\/\/viktimologija.com.hr\/wp\/?p=2669"},"modified":"2021-03-15T14:02:10","modified_gmt":"2021-03-15T13:02:10","slug":"u-spomen-na-zrtve-zlocina-u-talijanskim-fasistickim-logorima-tijekom-ii-svjetskog-rata-na-podrucju-trogira-vodica-i-zadra","status":"publish","type":"post","link":"https:\/\/viktimologija.com.hr\/wp\/u-spomen-na-zrtve-zlocina-u-talijanskim-fasistickim-logorima-tijekom-ii-svjetskog-rata-na-podrucju-trogira-vodica-i-zadra\/","title":{"rendered":"U spomen na \u017ertve zlo\u010dina u talijanskim fa\u0161isti\u010dkim logorima tijekom II. svjetskog rata na podru\u010dju Trogira, Vodica i Zadra"},"content":{"rendered":"<p><strong>Hrvatsko \u017ertvoslovno dru\u0161tvo organizira 19. listopada odlazak na mjesta pogibije Hrvata u\u00a0talijanskim fa\u0161isti\u010dkim logorima tijekom II.svjetskog rata na Trogira, Vodica i Zadra.<\/strong><\/p>\n<p><strong>U subotu, 19. listopada 2019.<\/strong><\/p>\n<ul>\n<li>7.00 sati &#8211; Polazak autobusa ispred glavnog \u017eeljezni\u010dkog kolodvora u Zagrebu (iza hotela Esplanade);<\/li>\n<\/ul>\n<p style=\"padding-left: 120px;\">&#8211;\u00a0 Izlaganje o velikom logoru na Molatu: gosp. Josip Palada, knji\u017eevnik i gosp. Ante Beljo, predsjednik H\u017dD-a;<\/p>\n<ul>\n<li>12.00 \u00a0sati &#8211; Dolazak u Trogir, do\u010dekati \u0107e nas g\u0111a. Radi\u0107 Danka, predsjednica Matice Hrvatske, gosp. Roko Ivanda, umjetnik i autor knjige\u00a0\u00a0&#8216;Logor Molat. Pre\u0161u\u0107eni simbol stradanja hrvatskog naroda&#8217;;<\/li>\n<\/ul>\n<p style=\"padding-left: 120px;\">&#8211; Osvje\u017eenje, ru\u010dak;<\/p>\n<p style=\"padding-left: 120px;\">&#8211; Izlaganje o zlo\u010dinima u logoru na otoku Zlarin: g\u0111a. Radi\u0107 Danka i gosp. Roko Ivanda;<\/p>\n<p style=\"padding-left: 120px;\">&#8211; Vodice, Zadar;<\/p>\n<p style=\"padding-left: 120px;\">&#8211; odavanje po\u010dasti \u017ertvama zlo\u010dina u\u00a0talijanskim fa\u0161isti\u010dkim logorima tijekom II.svjetskog rata; prigodni govor;<\/p>\n<p>Povratak u kasnim popodnevnim satima.<\/p>\n<p>Kontakt osoba za organizaciju autobusnog prijevoza u ime H\u017dD-a je gospodin \u0110uro Knezi\u010di\u0107, mob. 099 6620417.<\/p>\n","protected":false},"excerpt":{"rendered":"<p>Hrvatsko \u017ertvoslovno dru\u0161tvo organizira 19. listopada odlazak na mjesta pogibije Hrvata u\u00a0talijanskim fa\u0161isti\u010dkim logorima tijekom II.svjetskog rata na Trogira, Vodica i Zadra. U subotu, 19. listopada 2019. 7.00 sati &#8211; Polazak autobusa ispred glavnog \u017eeljezni\u010dkog kolodvora u Zagrebu (iza hotela Esplanade); &#8211;\u00a0 Izlaganje o velikom logoru na Molatu: gosp. Josip Palada, knji\u017eevnik i gosp. Ante [&hellip;]<\/p>\n","protected":false},"author":1,"featured_media":0,"comment_status":"open","ping_status":"open","sticky":false,"template":"","format":"standard","meta":{"footnotes":""},"categories":[9,14],"tags":[],"class_list":["post-2669","post","type-post","status-publish","format-standard","hentry","category-najave","category-pozivnice"],"_links":{"self":[{"href":"https:\/\/viktimologija.com.hr\/wp\/wp-json\/wp\/v2\/posts\/2669","targetHints":{"allow":["GET"]}}],"collection":[{"href":"https:\/\/viktimologija.com.hr\/wp\/wp-json\/wp\/v2\/posts"}],"about":[{"href":"https:\/\/viktimologija.com.hr\/wp\/wp-json\/wp\/v2\/types\/post"}],"author":[{"embeddable":true,"href":"https:\/\/viktimologija.com.hr\/wp\/wp-json\/wp\/v2\/users\/1"}],"replies":[{"embeddable":true,"href":"https:\/\/viktimologija.com.hr\/wp\/wp-json\/wp\/v2\/comments?post=2669"}],"version-history":[{"count":11,"href":"https:\/\/viktimologija.com.hr\/wp\/wp-json\/wp\/v2\/posts\/2669\/revisions"}],"predecessor-version":[{"id":4730,"href":"https:\/\/viktimologija.com.hr\/wp\/wp-json\/wp\/v2\/posts\/2669\/revisions\/4730"}],"wp:attachment":[{"href":"https:\/\/viktimologija.com.hr\/wp\/wp-json\/wp\/v2\/media?parent=2669"}],"wp:term":[{"taxonomy":"category","embeddable":true,"href":"https:\/\/viktimologija.com.hr\/wp\/wp-json\/wp\/v2\/categories?post=2669"},{"taxonomy":"post_tag","embeddable":true,"href":"https:\/\/viktimologija.com.hr\/wp\/wp-json\/wp\/v2\/tags?post=2669"}],"curies":[{"name":"wp","href":"https:\/\/api.w.org\/{rel}","templated":true}]}}