{"id":2675,"date":"2019-10-09T18:41:42","date_gmt":"2019-10-09T16:41:42","guid":{"rendered":"http:\/\/viktimologija.com.hr\/wp\/?p=2675"},"modified":"2019-10-09T18:41:42","modified_gmt":"2019-10-09T16:41:42","slug":"identificirani-posmrtni-ostaci-zrtve-iz-domovinskog-rata","status":"publish","type":"post","link":"https:\/\/viktimologija.com.hr\/wp\/identificirani-posmrtni-ostaci-zrtve-iz-domovinskog-rata\/","title":{"rendered":"Identificirani posmrtni ostaci \u017ertve iz Domovinskog rata"},"content":{"rendered":"<p style=\"padding-left: 30px;\"><strong>U organizaciji Ministarstva hrvatskih branitelja, u srijedu, 9. listopada 2019., na Zavodu za sudsku medicinu i kriminalistiku u Zagrebu identificirani su posmrtni ostaci jedne osobe nestale u Domovinskom ratu.<\/strong><\/p>\n<p style=\"padding-left: 30px;\">Na Zavodu za sudsku medicinu i kriminalistiku u Zagrebu, u srijedu 9. listopada 2019., provedena je zavr\u0161na identifikacija posmrtnih ostataka. Identifikaciji je nazo\u010dio pomo\u0107nik ministra nadle\u017ean za Upravu za zato\u010dene i nestale Stjepan Su\u010di\u0107.<\/p>\n<p style=\"padding-left: 30px;\">Na zavr\u0161nu identifikaciju pozvane obitelji sedam (7) osoba \u010diji je preliminarni identitet utvr\u0111en metodom analize DNA:\u00a0 tri (3) hrvatska branitelja, tri (3) civila te jedne osobe izvan mandata Uprave za zato\u010dene i nestale. Identifikaciji su se odazvale tri (3) pozvane obitelji, pri \u010demu dvije (2) obitelji nisu prihvatile nalaze metode analize DNA te su identificirani posmrtni ostaci jedne osobe, civila, s podru\u010dja Ba\u0107ina koji je nasilno odveden u rujnu 1991. godine, a \u010diji su posmrtni ostaci ekshumirani 1996. godine iz masovne grobnice \u201eVi\u0161nji\u010dki bok\u201c u Sisa\u010dko-moslava\u010dkoj \u017eupaniji.<\/p>\n<p style=\"padding-left: 30px;\">Pomo\u0107nik ministra Su\u010di\u0107, izra\u017eavaju\u0107i su\u0107ut obitelji danas identificirane osobe, istaknuo je predanost nadle\u017enih tijela Republike Hrvatske, predvo\u0111enih Upravom za zato\u010dene i nestale Ministarstva hrvatskih branitelja, u rje\u0161avanju ovoga prioritetnog humanitarnog pitanja. Istaknuo je kako je Ministarstvo hrvatskih branitelja u ovom mandatu intenziviralo aktivnosti u svim segmentima potrage za nestalim osobama.<\/p>\n<p style=\"padding-left: 30px;\">Tako\u0111er, pomo\u0107nik Su\u010di\u0107 podsjetio je kako su iz 150 masovnih, vi\u0161e stotina pojedina\u010dnih grobnica te asanacijskih, ekshumirani posmrtni ostaci 5.167 \u017ertava od kojih su identificirani i predani obiteljima posmrtni ostaci 1.853 osobe.<\/p>\n<p style=\"padding-left: 30px;\">Budu\u0107i da Republika Hrvatska, putem Uprave za zato\u010dene i nestale Ministarstva hrvatskih branitelja, jo\u0161 traga za\u00a01.479 nestalih osoba\u00a0te posmrtnim ostacima\u00a0411 poginulih osoba, \u0161to ukupno \u010dini\u00a01.890 nerije\u0161enih slu\u010dajeva iz Domovinskoga rata, pomo\u0107nik ministra Su\u010di\u0107 je i ovom prilikom uputio apel svima koji mogu pomo\u0107i u pronalasku nestalih osoba, da svoja saznanja podijele s Upravom za zato\u010dene i nestale.<\/p>\n<p style=\"padding-left: 30px;\">Izvor: branitelji.gov.hr<\/p>\n","protected":false},"excerpt":{"rendered":"<p>U organizaciji Ministarstva hrvatskih branitelja, u srijedu, 9. listopada 2019., na Zavodu za sudsku medicinu i kriminalistiku u Zagrebu identificirani su posmrtni ostaci jedne osobe nestale u Domovinskom ratu. Na Zavodu za sudsku medicinu i kriminalistiku u Zagrebu, u srijedu 9. listopada 2019., provedena je zavr\u0161na identifikacija posmrtnih ostataka. Identifikaciji je nazo\u010dio pomo\u0107nik ministra nadle\u017ean [&hellip;]<\/p>\n","protected":false},"author":1,"featured_media":0,"comment_status":"open","ping_status":"open","sticky":false,"template":"","format":"standard","meta":{"footnotes":""},"categories":[1],"tags":[],"class_list":["post-2675","post","type-post","status-publish","format-standard","hentry","category-novosti"],"_links":{"self":[{"href":"https:\/\/viktimologija.com.hr\/wp\/wp-json\/wp\/v2\/posts\/2675","targetHints":{"allow":["GET"]}}],"collection":[{"href":"https:\/\/viktimologija.com.hr\/wp\/wp-json\/wp\/v2\/posts"}],"about":[{"href":"https:\/\/viktimologija.com.hr\/wp\/wp-json\/wp\/v2\/types\/post"}],"author":[{"embeddable":true,"href":"https:\/\/viktimologija.com.hr\/wp\/wp-json\/wp\/v2\/users\/1"}],"replies":[{"embeddable":true,"href":"https:\/\/viktimologija.com.hr\/wp\/wp-json\/wp\/v2\/comments?post=2675"}],"version-history":[{"count":5,"href":"https:\/\/viktimologija.com.hr\/wp\/wp-json\/wp\/v2\/posts\/2675\/revisions"}],"predecessor-version":[{"id":2680,"href":"https:\/\/viktimologija.com.hr\/wp\/wp-json\/wp\/v2\/posts\/2675\/revisions\/2680"}],"wp:attachment":[{"href":"https:\/\/viktimologija.com.hr\/wp\/wp-json\/wp\/v2\/media?parent=2675"}],"wp:term":[{"taxonomy":"category","embeddable":true,"href":"https:\/\/viktimologija.com.hr\/wp\/wp-json\/wp\/v2\/categories?post=2675"},{"taxonomy":"post_tag","embeddable":true,"href":"https:\/\/viktimologija.com.hr\/wp\/wp-json\/wp\/v2\/tags?post=2675"}],"curies":[{"name":"wp","href":"https:\/\/api.w.org\/{rel}","templated":true}]}}