{"id":27623,"date":"2025-10-16T12:34:05","date_gmt":"2025-10-16T10:34:05","guid":{"rendered":"https:\/\/viktimologija.com.hr\/wp\/?p=27623"},"modified":"2025-10-19T15:20:58","modified_gmt":"2025-10-19T13:20:58","slug":"udruga-macelj-1945-spomendan-prvog-ukopa-1163-maceljskih-zrtava-22-listopada-2005","status":"publish","type":"post","link":"https:\/\/viktimologija.com.hr\/wp\/udruga-macelj-1945-spomendan-prvog-ukopa-1163-maceljskih-zrtava-22-listopada-2005\/","title":{"rendered":"Udruga Macelj 1945: Spomendan prvog ukopa 1163 Maceljskih \u017ertava 22. listopada 2005."},"content":{"rendered":"<h3><span style=\"color: #ff0000;\">Spomendan prvog ukopa 1163 Maceljskih \u017ertava<\/span><\/h3>\n<p>Prije dvadeset godina na Macelju je 22. listopada 2005. godine odr\u017ean je najve\u0107i mno\u0161tveni pokop ikada zabilje\u017een u hrvatskoj povijesti. Od tada je zapo\u010dela svoje djelovanje Udruga Macelj 1945. dok je tada\u0161nji \u017eupnik u \u0110urmancu fra Drago Brglez, uspio u narednim godinama uspje\u0161no izgraditi maceljsko sveti\u0161te. Oko 130 jama ostalo je neistra\u017eeno. Smatra se da je u Maclju stradalo vi\u0161e od 13.000 \u017ertava.<\/p>\n<p><a href=\"https:\/\/viktimologija.com.hr\/wp\/udruga-macelj-1945-spomendan-prvog-ukopa-1163-maceljskih-zrtava-22-listopada-2005\/sveta-misa-za-sve-maceljske-zrtve-predvodi-preuzv-josip-mrzljak-varazdinski-biskup-u-miru\/\" rel=\"attachment wp-att-27646\"><img loading=\"lazy\" decoding=\"async\" class=\"aligncenter wp-image-27646\" src=\"https:\/\/viktimologija.com.hr\/wp\/wp-content\/uploads\/2025\/10\/Sveta-misa-za-sve-Maceljske-zrtve-predvodi-preuzv.-Josip-Mrzljak-varazdinski-biskup-u-miru-226x320.jpeg\" alt=\"\" width=\"450\" height=\"638\" srcset=\"https:\/\/viktimologija.com.hr\/wp\/wp-content\/uploads\/2025\/10\/Sveta-misa-za-sve-Maceljske-zrtve-predvodi-preuzv.-Josip-Mrzljak-varazdinski-biskup-u-miru-226x320.jpeg 226w, https:\/\/viktimologija.com.hr\/wp\/wp-content\/uploads\/2025\/10\/Sveta-misa-za-sve-Maceljske-zrtve-predvodi-preuzv.-Josip-Mrzljak-varazdinski-biskup-u-miru-635x900.jpeg 635w, https:\/\/viktimologija.com.hr\/wp\/wp-content\/uploads\/2025\/10\/Sveta-misa-za-sve-Maceljske-zrtve-predvodi-preuzv.-Josip-Mrzljak-varazdinski-biskup-u-miru-768x1089.jpeg 768w, https:\/\/viktimologija.com.hr\/wp\/wp-content\/uploads\/2025\/10\/Sveta-misa-za-sve-Maceljske-zrtve-predvodi-preuzv.-Josip-Mrzljak-varazdinski-biskup-u-miru-830x1177.jpeg 830w, https:\/\/viktimologija.com.hr\/wp\/wp-content\/uploads\/2025\/10\/Sveta-misa-za-sve-Maceljske-zrtve-predvodi-preuzv.-Josip-Mrzljak-varazdinski-biskup-u-miru-230x326.jpeg 230w, https:\/\/viktimologija.com.hr\/wp\/wp-content\/uploads\/2025\/10\/Sveta-misa-za-sve-Maceljske-zrtve-predvodi-preuzv.-Josip-Mrzljak-varazdinski-biskup-u-miru-350x496.jpeg 350w, https:\/\/viktimologija.com.hr\/wp\/wp-content\/uploads\/2025\/10\/Sveta-misa-za-sve-Maceljske-zrtve-predvodi-preuzv.-Josip-Mrzljak-varazdinski-biskup-u-miru-480x681.jpeg 480w, https:\/\/viktimologija.com.hr\/wp\/wp-content\/uploads\/2025\/10\/Sveta-misa-za-sve-Maceljske-zrtve-predvodi-preuzv.-Josip-Mrzljak-varazdinski-biskup-u-miru.jpeg 990w\" sizes=\"auto, (max-width: 450px) 100vw, 450px\" \/><\/a><\/p>\n<p>U 16:00 sati POHOD GROBI\u0160TU \u201eLEPA BUKVA&#8221;, molitva i paljenje svije\u0107a,<\/p>\n<p>U 17:00 sati &#8211; SVETA MISA za sve Maceljske \u017ertve i sve \u017ertve pora\u0107a 1945. godine, koju predvodi preuzvi\u0161eni Josip Mrzljak, vara\u017edinski biskup u miru i vl\u010d. Alen VRBEK, \u017eupnik \u017dupe sv. Jurja u \u0110urmancu<\/p>\n<p>PALJENJE SVIJE\u0106A I MOLITVA NA MACELJSKOJ GROBNICI NAKON SVETE MISE<\/p>\n<figure id=\"attachment_27630\" aria-describedby=\"caption-attachment-27630\" style=\"width: 240px\" class=\"wp-caption aligncenter\"><a href=\"https:\/\/viktimologija.com.hr\/wp\/udruga-macelj-1945-spomendan-prvog-ukopa-1163-maceljskih-zrtava-22-listopada-2005\/olympus-digital-camera-160\/\" rel=\"attachment wp-att-27630\"><img loading=\"lazy\" decoding=\"async\" class=\"size-medium wp-image-27630\" src=\"https:\/\/viktimologija.com.hr\/wp\/wp-content\/uploads\/2025\/10\/Macelj-22-listopada-2005-foto-arhiva-HZD-J.-Lucic-240x320.jpg\" alt=\"\" width=\"240\" height=\"320\" srcset=\"https:\/\/viktimologija.com.hr\/wp\/wp-content\/uploads\/2025\/10\/Macelj-22-listopada-2005-foto-arhiva-HZD-J.-Lucic-240x320.jpg 240w, https:\/\/viktimologija.com.hr\/wp\/wp-content\/uploads\/2025\/10\/Macelj-22-listopada-2005-foto-arhiva-HZD-J.-Lucic-675x900.jpg 675w, https:\/\/viktimologija.com.hr\/wp\/wp-content\/uploads\/2025\/10\/Macelj-22-listopada-2005-foto-arhiva-HZD-J.-Lucic-768x1024.jpg 768w, https:\/\/viktimologija.com.hr\/wp\/wp-content\/uploads\/2025\/10\/Macelj-22-listopada-2005-foto-arhiva-HZD-J.-Lucic-1152x1536.jpg 1152w, https:\/\/viktimologija.com.hr\/wp\/wp-content\/uploads\/2025\/10\/Macelj-22-listopada-2005-foto-arhiva-HZD-J.-Lucic-830x1107.jpg 830w, https:\/\/viktimologija.com.hr\/wp\/wp-content\/uploads\/2025\/10\/Macelj-22-listopada-2005-foto-arhiva-HZD-J.-Lucic-230x307.jpg 230w, https:\/\/viktimologija.com.hr\/wp\/wp-content\/uploads\/2025\/10\/Macelj-22-listopada-2005-foto-arhiva-HZD-J.-Lucic-350x467.jpg 350w, https:\/\/viktimologija.com.hr\/wp\/wp-content\/uploads\/2025\/10\/Macelj-22-listopada-2005-foto-arhiva-HZD-J.-Lucic-480x640.jpg 480w, https:\/\/viktimologija.com.hr\/wp\/wp-content\/uploads\/2025\/10\/Macelj-22-listopada-2005-foto-arhiva-HZD-J.-Lucic.jpg 1536w\" sizes=\"auto, (max-width: 240px) 100vw, 240px\" \/><\/a><figcaption id=\"caption-attachment-27630\" class=\"wp-caption-text\">Macelj 22. listopada 2025. godine \/arhiva H\u017dD foto J. Lu\u010di\u0107\/<\/figcaption><\/figure>\n<p>Za dogovor o prijevozu i organizaciji na\u010dina prijevoza za \u010dlanove Hrvatskog \u017ertvoslovnog dru\u0161tva molim javiti se Tajani Mikac Vidovi\u0107, tajnici dru\u0161tva na mobitel: 098 994 1924<\/p>\n<p>&nbsp;<\/p>\n","protected":false},"excerpt":{"rendered":"<p>Spomendan prvog ukopa 1163 Maceljskih \u017ertava Prije dvadeset godina na Macelju je 22. listopada 2005. godine odr\u017ean je najve\u0107i mno\u0161tveni pokop ikada zabilje\u017een u hrvatskoj povijesti. Od tada je zapo\u010dela svoje djelovanje Udruga Macelj 1945. dok je tada\u0161nji \u017eupnik u \u0110urmancu fra Drago Brglez, uspio u narednim godinama uspje\u0161no izgraditi maceljsko sveti\u0161te. Oko 130 jama [&hellip;]<\/p>\n","protected":false},"author":1,"featured_media":0,"comment_status":"open","ping_status":"open","sticky":false,"template":"","format":"standard","meta":{"footnotes":""},"categories":[1],"tags":[2330,136,132,4834,4829,137,3808,4830],"class_list":["post-27623","post","type-post","status-publish","format-standard","hentry","category-novosti","tag-1-listopada-2023-remete","tag-damir-borovcak","tag-macelj","tag-preuzviseni-josip-mrzljak-varazdinski-biskup-u-miru","tag-tajani-mikac-vidovic","tag-udruga-macelj-1945","tag-vlc-alen-vrbek","tag-zupa-sv-jurja-u-durmancu"],"_links":{"self":[{"href":"https:\/\/viktimologija.com.hr\/wp\/wp-json\/wp\/v2\/posts\/27623","targetHints":{"allow":["GET"]}}],"collection":[{"href":"https:\/\/viktimologija.com.hr\/wp\/wp-json\/wp\/v2\/posts"}],"about":[{"href":"https:\/\/viktimologija.com.hr\/wp\/wp-json\/wp\/v2\/types\/post"}],"author":[{"embeddable":true,"href":"https:\/\/viktimologija.com.hr\/wp\/wp-json\/wp\/v2\/users\/1"}],"replies":[{"embeddable":true,"href":"https:\/\/viktimologija.com.hr\/wp\/wp-json\/wp\/v2\/comments?post=27623"}],"version-history":[{"count":10,"href":"https:\/\/viktimologija.com.hr\/wp\/wp-json\/wp\/v2\/posts\/27623\/revisions"}],"predecessor-version":[{"id":27647,"href":"https:\/\/viktimologija.com.hr\/wp\/wp-json\/wp\/v2\/posts\/27623\/revisions\/27647"}],"wp:attachment":[{"href":"https:\/\/viktimologija.com.hr\/wp\/wp-json\/wp\/v2\/media?parent=27623"}],"wp:term":[{"taxonomy":"category","embeddable":true,"href":"https:\/\/viktimologija.com.hr\/wp\/wp-json\/wp\/v2\/categories?post=27623"},{"taxonomy":"post_tag","embeddable":true,"href":"https:\/\/viktimologija.com.hr\/wp\/wp-json\/wp\/v2\/tags?post=27623"}],"curies":[{"name":"wp","href":"https:\/\/api.w.org\/{rel}","templated":true}]}}