{"id":278,"date":"2018-02-16T10:48:02","date_gmt":"2018-02-16T09:48:02","guid":{"rendered":"http:\/\/viktimologija.com.hr\/wp\/?p=278"},"modified":"2024-02-02T11:33:00","modified_gmt":"2024-02-02T10:33:00","slug":"krasic-stepincevo-10-veljace-2018","status":"publish","type":"post","link":"https:\/\/viktimologija.com.hr\/wp\/krasic-stepincevo-10-veljace-2018\/","title":{"rendered":"Kra\u0161i\u0107 &#8211; Stepin\u010devo, 10. velja\u010de 2018."},"content":{"rendered":"<p>Uzoran pastir Bo\u017ejeg naroda i neustra\u0161iv zastupnik Bo\u017ejih i ljudskih prava, bla\u017eeni Alojzije Stepinac ro\u0111en je 1898. u Brezari\u0107u (Kra\u0161i\u0107). U Rimu je zare\u0111en za sve\u0107enika 1930. godine, a za nadbiskupa koadjutora s pravom nasljedstva posve\u0107en je 1934. Tri godine poslije postao je nadbiskupom zagreba\u010dkim. U to su vrijeme komunisti inzistirali da osnuje narodnu crkvu, odvojenu od Rima, na \u0161to Stepinac nije pristao. Stoga mu je montiran politi\u010dki proces na kojem je osu\u0111en na 16 godina zatvora s prisilnim radom. Papa Pio XII. imenovao ga je 12. sije\u010dnja 1953. kardinalom. Umro je na glasu svetosti i mu\u010deni\u0161tva u Kra\u0161i\u0107u, 10. velja\u010de 1960. Sveti papa Ivan Pavao II. proglasio ga je bla\u017eenim u Mariji Bistrici 3. listopada 1998. Misno slavlje iz \u017eupne crkve Presvetog Trojstva ove \u0107e godine predvoditi kardinal Vinko Pulji\u0107, vrhbosanski nadbiskup u zajedni\u0161tvu s kri\u017eeva\u010dkim vladikom Nikolom Keki\u0107em i s vojnim biskupom u miru Josipom Jezerincem, te s oko tridesetak sve\u0107enika.<\/p>\n<p><strong>UVOD<\/strong><\/p>\n<p>&nbsp;<\/p>\n<figure style=\"width: 550px\" class=\"wp-caption alignleft\"><img loading=\"lazy\" decoding=\"async\" class=\"\" src=\"http:\/\/viktimologija.com.hr\/images\/02022018\/kardinal_Pulji%C4%87_-_foto_-_zagreba%C4%8Dka_nadbiskupija.jpg\" alt=\"kardinal Pulji\u0107 foto zagreba\u010dka nadbiskupija\" width=\"550\" height=\"339\" \/><figcaption class=\"wp-caption-text\"><\/strong> <strong>Foto: Zagreba\u010dka nadbiskupija<\/strong><\/figcaption><\/figure>\n<p>&nbsp;<\/p>\n<p>Pozdrav iz Kra\u0161i\u0107a, iz \u017eupne crkve Presvetog Trojstva. Svetkovina je bla\u017eenog Alojzija Stepinca, zagreba\u010dkog nadbiskupa i kardinala, simbola hrvatskog katoli\u010dkog identiteta, njegovog stradanja u ne tako davnoj pro\u0161losti. Dvadeseta je obljetnica njegova progla\u0161enja bla\u017eenim i 120. obljetnica njegova ro\u0111enja. Ro\u0111en je u zaseoku Brezari\u0107 koje pripada Kra\u0161i\u0107u. U Kra\u0161i\u0107u je proveo ve\u0107i dio njegova zato\u010deni\u0161tva, a tu je tako\u0111er i usnuo u Gospodinu. Sveti papa Ivan Pavao II u enciklici Crkvi u Hrvata nazvao ga je najsvetijim likom koji je svojom prisutno\u0161\u0107u, radom, hrabro\u0161\u0107u i strpljivo\u0161\u0107u, svojom \u0161utnjom i napokon svojom smr\u0107u pokazao da je istinski \u010dovjek crkve. Spremno je prinio sebe kao najve\u0107u \u017ertvu, samo da ne bi zanijekao vjeru. U tom trenutku uzburkane nacionalne povijesti on je tuma\u010dio najautenti\u010dniju tradiciju va\u0161eg naroda, papine su rije\u010di.<br \/>\nProgonjen zbog pravednosti, istinski gladan i \u017eedan pravednosti, pogr\u0111en, prognan zbog Krista, krotak, milosrdan, \u010dist srcem, mirotvorac. Bio je siroma\u0161an duhom, o\u017ealo\u0161\u0107en. Kruna svega, ono \u0161to \u0107e nas sve danas sjediniti u Duhu je sve\u010dano euharistijsko slavlje.<br \/>\n\u010clanovi mje\u0161ovite komisije hrvatskih katoli\u010dkih i srpskih pravoslavnih stru\u010dnjaka za zajedni\u010dko razmatranje lika bla\u017eenog kardinala Stepinca, lani su u Vatikanu na svom \u0161estom posljednjem sastanku konstatirali da u slu\u010daju kardinala Stepinca, tuma\u010denja koja su prete\u017eito davali katoli\u010dki Hrvati i pravoslavni Srbi, ostaju i dalje razli\u010diti. Komisija je zaklju\u010dila da su razli\u010diti doga\u0111aji, nastupi, spisi, \u0161utnja i stajali\u0161ta jo\u0161 uvijek predmet razli\u010ditih tuma\u010denja. \u010clanovi komisije bili su od po\u010detka komisije svjesni da je postupak kanonizacije kardinala Stepinca u isklju\u010divoj mjerodavnosti pape. Re\u010deno je i da svaka crkva ima vlastite kriterije za postupak kanonizacije.<br \/>\nKra\u0161i\u0107 je danas prepun hodo\u010dasnika, Stepin\u010devih \u0161tovatelja. Svi oni u srcu gaje duboko po\u0161tovanje prema tom crkvenom liku i mu\u010deniku katoli\u010dke crkve u Hrvata. Mnoge \u0107e se molitve danas uzdi\u0107i k Ocu nebeskom &#8230;<\/p>\n<p><strong><em>PROPOVIJED KARDINALA VINKA PULJI\u0106A u Kra\u0161i\u0107u na dan Stepin\u010deva, 10. velja\u010de 2018.<\/em><\/strong><\/p>\n<p>Draga bra\u0107o u biskupstvu, draga bra\u0107o misnici, draga bra\u0107o i sestre svi ovdje u crkvi, a i oni koji su izvan crkve, ne mogu svi stati u crkvu, kao i svi ti koji nas prate preko elektronskih medija.<br \/>\nDogodilo se da sam pozvan bio na zavr\u0161etak druge sinode zagreba\u010dke i tako sam sino\u0107 sudjelovao na tom zavr\u0161etku, pa sam povezao poziv \u017eupnikov da do\u0111em u rodnu \u017eupu na\u0161eg bla\u017eenika, bla\u017eenog Alojzija Stepinca.<br \/>\nMoj \u017eivot je posebno vezan uz njega. Detalje ne\u0107u sad govoriti, ali jo\u0161 tamo od pedeset druge godine,tre\u0107e, od tada ve\u0107 s njime sam povezan. Na poseban na\u010din s rado\u0161\u0107u prihva\u0107am zajedno s vama moliti. Ali i zahvaljivati Bogu da smijem ovdje nositi relikvije na sebi, to je misnica koju je sveti papa Ivan Pavao II u Mariji Bistrici, progla\u0161uju\u0107i Alojzija Stepinca bla\u017eenim na sebi nosio. To je puno simbolike ali i poticaja. Moram priznati, kada je u Mariji Bistrici sveti papa progla\u0161avao bla\u017eenim Alojzija Stepinca, spontano su mi suze potekle jer sam se sjetio svoga profesora, isusovca Mate Jovi\u0107a, kad smo ga kao studenti pitali za vrijeme komunizma :\u00a0<em>Padre, \u0161to ti misli\u0161 o Alojziju Stepincu<\/em>? Jer je tada to bilo vrlo napeto stanje, a on nije znao dal&#8217; ga pitamo iz provokacije ili bezazlene mladosti, pa je spontano rekao: Dragi mladi, vi ste mladi, vi \u0107ete njega do\u017eivjeti na oltaru, ja ne\u0107u, ja sam ostario. I zato sam se sjetio tih njegovih rije\u010di prije dvadeset godina u Mariji Bistrici i spontano su mi suze po\u0161le, sje\u0107aju\u0107i se te drage uspomene. A na poseban na\u010din i do\u017eivjev\u0161i da se ostvarilo to \u0161to je skoro proro\u010dki bio rekao, al evo dolazim ovdje u ovo rodno mjesto. Vi mi ne\u0107ete zamjeriti jer vjerojatno ja ne\u0107u ponovo skoro do\u0107i, zato smijem puno toga kazati. Vi ste ovdje zaista blagoslovljeni. Rodio se svetac me\u0111u vama. Ne samo \u0161to se rodio, nego je tu i su\u017eanjstvo proveo. I svojim \u017eivotom on je posvetio. I volio bih da ova \u017eupa na poseban na\u010din s ponosom, ne samo da se oholi, nego s ponosom se ugleda na tog divnog bla\u017eenika koji je ostavio svijetli trag, ne samo ovomu kraju, nego cijelom hrvatskom narodu i cijeloj katoli\u010dkoj crkvi. Svijetli trag vjernosti. A nije lako izdr\u017eati ku\u0161nje. Hvala Bogu, kad je bio mali u kolijevci, njegova majka Barbara, Bara, stavila mu je krunicu na kolijevku nakon kr\u0161tenja, simbolika je to bila. On nije znao da je ona donijela zavjet da on postane sve\u0107enik. Nije ga nagovarala, ali je molila i izmolila je. I nema sve\u0107eni\u010dkog zvanja da nije izmoljeno. Svako sve\u0107eni\u010dko zvanje je izmoljeno. Tako je njegova majka izmolila njegovo zvanje. Prolazio je kroz ku\u0161nje. Prolazio je kroz tra\u017eenje \u0161to je volja Bo\u017eja, ali je tu odgojen znati se \u017ertvovati za ono \u0161to se voli , ili ono \u0161to se voli za to se \u017ertvovati. Nau\u010dila ga je voliti svoje, svoj hrvatski narod, katoli\u010dku crkvu i biti vjeran. To \u0161to je nau\u010dio iz malena, to je br\u017ee ostvario kroz \u0161kolu i postao je zagreba\u010dki nadbiskup. Me\u0111utim, ja ovdje ne \u017eelim njegov \u017eivot govoriti. Ja mislim da nema ni jednog ovdje iz ove \u017eupe da ne pozna njegov \u017eivot. Ako ne zna, neka ga bude stid. Morate upoznati. Uzmite knjigu, \u010ditajte, upoznajte tog na\u0161eg velikana. Na\u017ealost, \u010desto puta nam peru pamet da ne znamo vrednovati velikane duha koji su utkali svoj \u017eivot u na\u0161u povijest. Zato mi moramo to obnoviti, vrednovati i upoznati. Kada je pro\u0161ao kroz te sve ku\u0161nje, ovdje bih danas htio posebno vas potaknuti sve da od njega u\u010dimo. Da se njemu molimo, da od njega u\u010dimo.<br \/>\n\u0160to je to bla\u017eeni Alojzije Stepinac posebno volio? Kad \u010dovjek \u010dita sve one njegove rije\u010di koje je znao izre\u0107i, bilo u pismima, bilo u dnevniku koje je \u017eupnik zapisao, vidi se kol&#8217;ku je ljubav imao prema crkvi. Volio je crkvu jer je to to Kristovo djelo. Toj crkvi je slu\u017eio i za nju je umro.<br \/>\nDanas nam \u017eele ogaditi tu crkvu. \u0160to vi\u0161e ocrniti. Na sve strane, ne samo za vrijeme komunizma nego i danas. Kao da crkva u svijetu smeta \u0161to propovijeda evan\u0111elje, \u0161to navije\u0161ta upravo uskrslog Krista. Na jednoj krizmi kad sam krizmao, upitao sam slu\u010dajno djece, \u0161to mislite djeco, \u0161to je najva\u017enije u na\u0161oj vjeri? Slu\u010dajno pitam da vidim \u0161to \u0107e djeca odgovoriti. Jedan mali se di\u017ee: Najva\u017enija je vjera u uskrslog Krista. Ja sam se zadivio. To je zapravo temelj na\u0161e vjere. Uskrsli Krist. \u017divi Krist. On je tu crkvu osnovao i u njoj \u017eivi. Ja sam s vama u sve dane do svr\u0161etka svijeta. Bla\u017eenik je tu crkvu volio i rekao je da ne znam koliko \u017eivota imam dao bi svoje \u017eivote za tu crkvu i kad su ga htjeli odvojiti od crkve nije se dao. Vjeran je ostao. I zato bi danas na poseban na\u010din hrabrio ljude. Svi mi koji smo kr\u0161teni, ucijepljeni smo u tu crkvu, to misti\u010dno tijelo Kristovo, da znademo voliti Krista uskrsloga, tu crkvu. Ja sam ta crkva. To da osje\u0107am, to je moje, dio mog tijela. Kad su jedno malo cigan\u010de pitali, koje je majku izgubilo, kakva je tvoja mama, ka\u017ee: Najljep\u0161a na svijetu! Crkva je majka najljep\u0161a na svijetu. I majka se voli, pa makar ima i u njoj zlobe. Zato \u017eelim ohrabriti u ovom vremenu u nama tu ljubav za \u0161to je \u017eivio bla\u017eeni Alojzije Stepinac. Trpio, htjeli su ga odvojiti, ucjenjivati, nije se dao.<br \/>\nI jo\u0161 jednu stvar. Taj bla\u017eenik je posebno volio istinu. Za tu je istinu i \u017eivot polo\u017eio. Danas je te\u0161ko razlu\u010diti istinu, jer na sve strane se mije\u0161a poluistina pa polula\u017e da se lak\u0161e pro\u0111e. I nije lako razlu\u010diti \u0161to je prava istina. Istina je jedino Isus Krist i kroz svijetlo Isusa Krista mo\u017eemo upoznati pravu istinu, istinu, koji je smisao \u017eivota, koji je smisao \u017ertve, koji je smisao hoda ovom zemljom da stignemo u vje\u010dnost. Zato danas, kad vidimo da se od la\u017ei nitko nije udavio, a kad se vi\u0161e la\u017ee, vi\u0161e se dobije, i zato, za vrijeme komunista, malo la\u017ei malo kradi pa \u0107e\u0161 pre\u017eivjeti. Tako i danas \u010desto puta to vlada pravilo. Vidimo, moramo hrabri biti i istinu voliti. Vidimo kako se itekako lijepi la\u017e na sve strane. Zato je nama potrebna vjernost istini. To je taj Isus Krist, istina, put I \u017eivot.<\/p>\n<p>Drugo \u0161to je posebno, volio je svoj narod. Zar je grijeh voljeti svoj narod? Danas, ako se poka\u017eemo da volimo svoj hrvatski narod, odmah nam lijepe etikete. Fa\u0161isti, usta\u0161e i ne znam \u0161to drugo. Pa zar je grijeh? Svi narodi imaju pravo voliti svoj narod, a nama se nabija kompleks ako volimo svoj narod. Zato \u017eelim hrabriti. Ne treba voliti svoj narod tako da se druge prezire, nego da budemo ponosni na svoje korijenje. \u010cesto puta s tugom slu\u0161amo, ono za \u0161to se ginulo, za \u0161to se krv lilo, sad se jednostavno napu\u0161ta. Za\u0161to? Pa nije ni \u010dudno uhu. U javnosti je stvoreno takvo beznadno ozra\u010dje. Beznadno ozra\u010dje! Nema one borbe, za stvarno, za napredak u moralnoj obnovi, kulturnoj obnovi, gospodarskoj obnovi. Ne, nego je borba napadaj onog drugog da onda \u0161to prije ja do\u0111em na red. I to tako truje ozra\u010dje u javnosti. Zato \u017eelim ohrabriti ljude koji vode odgovornost u ovom dru\u0161tvu. Dajte takve strategije gdje \u0107e istinski na\u0161 narod obnovit se moralno, kulturno, gospodarski. I nau\u010dimo djecu i mlade da svoju grudu vole, da vole tu grudu za koju su na\u0161i preci krv lili,suze prolijevali, znoj lili. Ta gruda je natopljena i treba je znati vrednovati. Zato \u017eelim hrabriti sve vas. Dajmo toj na\u0161oj mladosti i budu\u0107nosti, utkajmo tu ljubav prema crkvi, prema narodu, prema istini, prema dru\u0161tvu.<br \/>\nBla\u017eeni Alojzije Stepinac tol&#8217;ko je puta znao i te kako di\u0107i glas za obnovu obitelji. Bez obitelji nema dru\u0161tva. A obitelj je gnijezdo \u017eivota. Zato je on znao vrednovati \u017eivot. Volio je \u017eivot svakog \u010dovjeka. Svaki \u010dovjek je vrijedan zato \u0161to je Bo\u017eje stvorenje. I mi smo du\u017eni vrednovati \u017eivot. Danas i te kako \u0107e krokodilske suze liti kako \u0161kole se zatvaraju, a ubijamo nero\u0111enu djecu. Ili stari kad im daju injekciju da ih se rije\u0161e. Evo dokle je dospjela kultura ovog vremena.<br \/>\nZato nam bla\u017eeni Alojzije itekako puno zna\u010di kad nam vra\u0107a ljubav prema \u017eivotu, prema obitelji, gnijezdu gdje se \u017eivot prihva\u0107a, odgaja i osposobljava da se nosi kri\u017e \u017eivota kao \u0161to je i on nosio. Da nije u obitelji nau\u010dio tu \u017ertvu, ne bi ustrajao do kraja. Moram priznati, zadivio sam se jo\u0161 onda kad se nije smjelo \u010ditati njegovu obranu. Zadivio sam se njegovoj rije\u010di. Kako je znao tako divno ponosan biti, dostojanstvo sa\u010duvati u svim tim te\u0161kim trenucima. Zato \u017eelim i nama dati ohrabrenje da sa\u010duvamo svoje dostojanstvo. Koje je to poni\u017eenje? Njega tamo optu\u017euju, la\u017eu, montiraju. On dostojanstveno stoji, ne gubi se u toj cijeloj situaciji. Nama treba tog dostojanstva, da znamo sa\u010duvati ljudsko dostojanstvo koje ne daje ni dr\u017eava,ni politika,niti europska zajednica, ni Amerika. Dostojanstvo daje Bog i to trebamo znati vrednovati i \u017eivjeti. Dostojanstvo \u010dovjeka, dostojanstvo djeteta Bo\u017ejega. Zato danas kada molimo, u\u010dimo od njega!Treba nam ovaj narod obnoviti u vrednotama koje je on \u017eivio, za koje je umro i nama ba\u0161tinu ostavio. Zato ovdje u njegovom rodnom mjestu \u017eelimo obnoviti svoj krsni savez. To dostojanstvo \u010dovjeka, to dostojanstvo djeteta Bo\u017ejega, da i mi ostavimo svijetli trag vrijednog \u017eivota u ovom vremenu i na ovim prostorima.<br \/>\nJasno, duga je propovijed, ne mogu sve kazati. Zato vam ostavljam priliku da posegnete za knjigama. A Bog je dao da su brojne knjige iza\u0161le, da posegnete i prou\u010davate i nadahnjujete se i istinski obnavljate svoju vjeru, svoje srce, svoje korijene, svoju vjernost, da i mi znamo \u017eivjeti od nade tog uskrslog Krista koju je on \u017eivio, svjedo\u010dio i nama u ba\u0161tinu ostavio. A m e n<br \/>\nObnovimo svoju vjeru koja nas je dovela ovdje, vjeru kojoj divimo se vjeri bla\u017eenog Alojzija Stepinca, da i mi obnovimo je i vjerni budemo svugdje u svom \u017eivotu. Vjerujem &#8230;<br \/>\n<strong><em>Napomena:<\/em><\/strong><em>\u00a0Tekst i govor , koji je kardinal Vinko Pulji\u0107 govorio iz glave, izva\u0111eni su iz TV video snimke. Kako bi imali potpun dojam kardinalove dikcije i okru\u017eenja, potra\u017eite TV video snimku klikom na prilo\u017eenoj adresi:<\/em><a href=\"https:\/\/hrti.hrt.hr\/video\/show\/4359799\/misa-krasic-stepincevo-10-veljace-2018\" target=\"_blank\" rel=\"noopener\"><strong>https:\/\/hrti.hrt.hr\/video\/show\/4359799\/misa-krasic-stepincevo-10-veljace-2018<\/strong><\/a><strong>\u00a0\u00a0<\/strong><\/p>\n<p>J o s i p \u00a0 Horvat<\/p>\n","protected":false},"excerpt":{"rendered":"<p>Uzoran pastir Bo\u017ejeg naroda i neustra\u0161iv zastupnik Bo\u017ejih i ljudskih prava, bla\u017eeni Alojzije Stepinac ro\u0111en je 1898. u Brezari\u0107u (Kra\u0161i\u0107). U Rimu je zare\u0111en za sve\u0107enika 1930. godine, a za nadbiskupa koadjutora s pravom nasljedstva posve\u0107en je 1934. Tri godine poslije postao je nadbiskupom zagreba\u010dkim. U to su vrijeme komunisti inzistirali da osnuje narodnu crkvu, [&hellip;]<\/p>\n","protected":false},"author":1,"featured_media":0,"comment_status":"open","ping_status":"open","sticky":false,"template":"","format":"standard","meta":{"footnotes":""},"categories":[11],"tags":[],"class_list":["post-278","post","type-post","status-publish","format-standard","hentry","category-ostala-dogadanja"],"_links":{"self":[{"href":"https:\/\/viktimologija.com.hr\/wp\/wp-json\/wp\/v2\/posts\/278","targetHints":{"allow":["GET"]}}],"collection":[{"href":"https:\/\/viktimologija.com.hr\/wp\/wp-json\/wp\/v2\/posts"}],"about":[{"href":"https:\/\/viktimologija.com.hr\/wp\/wp-json\/wp\/v2\/types\/post"}],"author":[{"embeddable":true,"href":"https:\/\/viktimologija.com.hr\/wp\/wp-json\/wp\/v2\/users\/1"}],"replies":[{"embeddable":true,"href":"https:\/\/viktimologija.com.hr\/wp\/wp-json\/wp\/v2\/comments?post=278"}],"version-history":[{"count":4,"href":"https:\/\/viktimologija.com.hr\/wp\/wp-json\/wp\/v2\/posts\/278\/revisions"}],"predecessor-version":[{"id":17496,"href":"https:\/\/viktimologija.com.hr\/wp\/wp-json\/wp\/v2\/posts\/278\/revisions\/17496"}],"wp:attachment":[{"href":"https:\/\/viktimologija.com.hr\/wp\/wp-json\/wp\/v2\/media?parent=278"}],"wp:term":[{"taxonomy":"category","embeddable":true,"href":"https:\/\/viktimologija.com.hr\/wp\/wp-json\/wp\/v2\/categories?post=278"},{"taxonomy":"post_tag","embeddable":true,"href":"https:\/\/viktimologija.com.hr\/wp\/wp-json\/wp\/v2\/tags?post=278"}],"curies":[{"name":"wp","href":"https:\/\/api.w.org\/{rel}","templated":true}]}}