{"id":2867,"date":"2019-10-23T07:52:52","date_gmt":"2019-10-23T05:52:52","guid":{"rendered":"http:\/\/viktimologija.com.hr\/wp\/?p=2867"},"modified":"2019-11-12T09:59:11","modified_gmt":"2019-11-12T08:59:11","slug":"identificirani-posmrtni-ostaci-nestalih-i-smrtno-stradalih-u-domovinskom-ratu-2","status":"publish","type":"post","link":"https:\/\/viktimologija.com.hr\/wp\/identificirani-posmrtni-ostaci-nestalih-i-smrtno-stradalih-u-domovinskom-ratu-2\/","title":{"rendered":"Identificirani posmrtni ostaci nestalih i smrtno stradalih u Domovinskom ratu"},"content":{"rendered":"<p style=\"padding-left: 30px;\"><strong>U organizaciji Ministarstva hrvatskih branitelja u ponedjeljak, 21. listopada 2019., na Zavodu za sudsku medicinu i kriminalistiku u Zagrebu identificirani su posmrtni ostaci 13 osoba nestalih i smrtno stradalih u Domovinskom ratu.<\/strong><\/p>\n<p style=\"padding-left: 30px;\">U nazo\u010dnosti pomo\u0107nika ministra hrvatskih branitelja nadle\u017enoga za Upravu za zato\u010dene i nestale gospodina Stjepana Su\u010di\u0107a, danas, 21. listopada 2019. godine, na Zavodu za sudsku medicinu i kriminalistiku u Zagrebu, provedena je zavr\u0161na identifikacija posmrtnih ostataka.<\/p>\n<p style=\"padding-left: 30px;\">Na zavr\u0161nu identifikaciju pozvane su obitelji 15 osoba \u010diji je preliminarni identitet utvr\u0111en metodom analize DNA. Identifikaciji se odazvalo 13 pozvanih obitelji, koje su prihvatile nalaze identifikacije te su tako zavr\u0161no identificirani posmrtni ostaci 13 osoba, ve\u0107inom stradalih 1995. godine koji su ekshumirani iz asanacijskih i pojedina\u010dnih grobnica na podru\u010dju Sisa\u010dko-moslava\u010dke, Karlova\u010dke i Bjelovarsko-bilogorske \u017eupanije.<\/p>\n<p style=\"padding-left: 30px;\">Izra\u017eavaju\u0107i su\u0107ut obiteljima svih danas identificiranih osoba, pomo\u0107nik ministra hrvatskih branitelja Stjepan Su\u010di\u0107 i ovom je prilikom istaknuo predanost nadle\u017enih tijela Republike Hrvatske, predvo\u0111enih Upravom za zato\u010dene i nestale Ministarstva hrvatskih branitelja, u rje\u0161avanju ovoga prioritetnog humanitarnog pitanja. Tako\u0111er, istaknuo je kako se Ministarstvo hrvatskih branitelja sustavno i na jednak na\u010din bavi rasvjetljavanjem sudbine svih nestalih dr\u017eavljana\/gra\u0111ana Republike Hrvatske.<\/p>\n<p style=\"padding-left: 30px;\">Naposljetku,\u00a0<strong>pomo\u0107nik ministra je uputio apel svima koji mogu pomo\u0107i u pronalasku nestalih osoba, da svoja saznanja podijele s Upravom za zato\u010dene i nestale.<\/strong><\/p>\n<p style=\"padding-left: 30px;\">Nakon dana\u0161nje identifikacije, Republika Hrvatska putem Uprave za zato\u010dene i nestale Ministarstva hrvatskih branitelja jo\u0161 traga za\u00a0<strong>1.468 nestalih osoba<\/strong>\u00a0te\u00a0<strong>posmrtnim ostacima 404 smrtno stradale osobe<\/strong>, \u0161to ukupno \u010dini\u00a0<strong>1.872 nerije\u0161ena slu\u010daja iz Domovinskoga rata<\/strong>.<\/p>\n<p style=\"padding-left: 30px;\">Izvor:\u00a0 <a href=\"https:\/\/branitelji.gov.hr\/vijesti\/identificirani-posmrtni-ostaci-nestalih-i-smrtno-stradalih-u-domovinskom-ratu-3449\/3449\">branitelji.gov.hr<\/a><\/p>\n<p>&nbsp;<\/p>\n<ul>\n<li><strong><a href=\"http:\/\/viktimologija.com.hr\/wp\/2019\/10\/16\/identificirani-posmrtni-ostaci-nestalih-i-smrtno-stradalih-u-domovinskom-ratu\/\">Identificirani su posmrtni ostaci 11 osoba nestalih i smrtno stradalih u Domovinskom ratu.<\/a><\/strong><\/li>\n<li><strong><a href=\"http:\/\/viktimologija.com.hr\/wp\/2019\/09\/30\/identificirani-posmrtni-ostaci-hrvatskoga-branitelja-iz-sotina\/\">Identificirani posmrtni ostaci hrvatskoga branitelja iz Sotina<\/a><\/strong><\/li>\n<li><strong><a href=\"https:\/\/branitelji.gov.hr\/vijesti\/nastavak-traganja-za-nestalima-u-brodsko-posavskoj-zupaniji\/3421\">Nastavak traganja za nestalima u Brodsko\u2013posavskoj \u017eupaniji<\/a><\/strong><\/li>\n<li><strong><a href=\"https:\/\/branitelji.gov.hr\/vijesti\/posljednji-ispracaj-294-zrtve-drugog-svjetskog-rata\/2405\">Posljednji ispra\u0107aj 294 \u017ertve Drugog svjetskog rata<\/a><\/strong><\/li>\n<\/ul>\n","protected":false},"excerpt":{"rendered":"<p>U organizaciji Ministarstva hrvatskih branitelja u ponedjeljak, 21. listopada 2019., na Zavodu za sudsku medicinu i kriminalistiku u Zagrebu identificirani su posmrtni ostaci 13 osoba nestalih i smrtno stradalih u Domovinskom ratu. U nazo\u010dnosti pomo\u0107nika ministra hrvatskih branitelja nadle\u017enoga za Upravu za zato\u010dene i nestale gospodina Stjepana Su\u010di\u0107a, danas, 21. listopada 2019. godine, na Zavodu [&hellip;]<\/p>\n","protected":false},"author":1,"featured_media":0,"comment_status":"open","ping_status":"open","sticky":false,"template":"","format":"standard","meta":{"footnotes":""},"categories":[1],"tags":[],"class_list":["post-2867","post","type-post","status-publish","format-standard","hentry","category-novosti"],"_links":{"self":[{"href":"https:\/\/viktimologija.com.hr\/wp\/wp-json\/wp\/v2\/posts\/2867","targetHints":{"allow":["GET"]}}],"collection":[{"href":"https:\/\/viktimologija.com.hr\/wp\/wp-json\/wp\/v2\/posts"}],"about":[{"href":"https:\/\/viktimologija.com.hr\/wp\/wp-json\/wp\/v2\/types\/post"}],"author":[{"embeddable":true,"href":"https:\/\/viktimologija.com.hr\/wp\/wp-json\/wp\/v2\/users\/1"}],"replies":[{"embeddable":true,"href":"https:\/\/viktimologija.com.hr\/wp\/wp-json\/wp\/v2\/comments?post=2867"}],"version-history":[{"count":6,"href":"https:\/\/viktimologija.com.hr\/wp\/wp-json\/wp\/v2\/posts\/2867\/revisions"}],"predecessor-version":[{"id":3288,"href":"https:\/\/viktimologija.com.hr\/wp\/wp-json\/wp\/v2\/posts\/2867\/revisions\/3288"}],"wp:attachment":[{"href":"https:\/\/viktimologija.com.hr\/wp\/wp-json\/wp\/v2\/media?parent=2867"}],"wp:term":[{"taxonomy":"category","embeddable":true,"href":"https:\/\/viktimologija.com.hr\/wp\/wp-json\/wp\/v2\/categories?post=2867"},{"taxonomy":"post_tag","embeddable":true,"href":"https:\/\/viktimologija.com.hr\/wp\/wp-json\/wp\/v2\/tags?post=2867"}],"curies":[{"name":"wp","href":"https:\/\/api.w.org\/{rel}","templated":true}]}}