{"id":3490,"date":"2019-11-29T12:54:15","date_gmt":"2019-11-29T11:54:15","guid":{"rendered":"http:\/\/viktimologija.com.hr\/wp\/?p=3490"},"modified":"2019-11-29T12:54:15","modified_gmt":"2019-11-29T11:54:15","slug":"spomen-na-ubijene-fratre-u-cetinskoj-krajini-koje-su-pobili-komunisti","status":"publish","type":"post","link":"https:\/\/viktimologija.com.hr\/wp\/spomen-na-ubijene-fratre-u-cetinskoj-krajini-koje-su-pobili-komunisti\/","title":{"rendered":"Spomen na ubijene fratre u Cetinskoj krajini koje su pobili komunisti\u2026"},"content":{"rendered":"<h4><em>\u2018Dani pobijenih fratara Provincije Presvetog Otkupitelja\u2019 podsje\u0107a nas na svjedo\u010danstvo vjere koje su nam dali na\u0161i ubijeni fratri, kao i oni ubijeni diljem na\u0161e Domovine&#8230;<\/em><\/h4>\n<p><strong>U petak 29. studenog 2019. u crkvi Gospe Sinjske u 18 sati slavit \u0107e se Dani pobijenih fratara Provincije Presvetog Otkupitelja za 20 franjevca provincije Presvetog Otkupitelja iz Splita, koje su tijekom i nakon Drugog svjetskog rata ubili komunisti\u2026<\/strong><\/p>\n<p><strong>Od 44 franjevca Provincije, 20 je ubijenih fratra koji su rodom ili su pastoralno djelovali u Cetinskoj krajini.<\/strong>\u00a0Tim spomenom svake godine se na mla\u0111e nara\u0161taje prenosi uspomena na njih.<strong>\u00a0\u2018Dani pobijenih fratara Provincije Presvetog Otkupitelja\u2019 podsje\u0107a nas na svjedo\u010danstvo vjere koje su nam dali na\u0161i ubijeni fratri, kao i oni ubijeni diljem na\u0161e Domovine.<\/strong><\/p>\n<p><strong>Franjevci,<\/strong>\u00a0pozivaju sve vjernike \u017eupe Gospe Sinjske, kao i sve vjernike iz Cetinske krajine, posebno njihovu rodbinu da u petak do\u0111u na svetu Misu zadu\u0161nicu povodom obljetnice ubojstva nevine bra\u0107e. Njihovo svjedo\u010denje nam je sveta ba\u0161tina i obveza.<\/p>\n<p>&nbsp;<\/p>\n<p><strong>Ubijeni franjevci Provincije Presvetog Otkupitelja 1942. \u2013 1948.<\/strong><\/p>\n<p><strong>Fra Pa\u0161ko Ba\u010di\u0107<\/strong><\/p>\n<p><strong>Fra Petar Ba\u010di\u0107<\/strong><\/p>\n<p><strong>Fra Leonard Baji\u0107<\/strong><\/p>\n<p><strong>Fra Krsto Bazo<\/strong><\/p>\n<p><strong>Fra Ante Benuti\u0107<\/strong><\/p>\n<p><strong>Fra Petar Berkovi\u0107<\/strong><\/p>\n<p><strong>Fra Ivan Bezina<\/strong><\/p>\n<p><strong>Fra Frano Bori\u0107<\/strong><\/p>\n<p><strong>Fra Jozo Borkovi\u0107<\/strong><\/p>\n<p><strong>Fra Stanko Bradari\u0107<\/strong><\/p>\n<p><strong>Fra \u017darko Carev<\/strong><\/p>\n<p><strong>Fra Ante Cvitanovi\u0107<\/strong><\/p>\n<p><strong>Fra Karlo \u0106ulum<\/strong><\/p>\n<p><strong>Fra Josip Erceg<\/strong><\/p>\n<p><strong>Fra Augustin Glava\u0161<\/strong><\/p>\n<p><strong>Fra Petar Glava\u0161<\/strong><\/p>\n<p><strong>Fra Ladislav Ivankovi\u0107<\/strong><\/p>\n<p><strong>Fra Jozo Jerkovi\u0107<\/strong><\/p>\n<p><strong>Fra Rafo Kalini\u0107<\/strong><\/p>\n<p><strong>Fra Anselmo Kamber<\/strong><\/p>\n<p><strong>Fra Anselmo Kova\u010di\u0107<\/strong><\/p>\n<p><strong>Fra Milan Lapi\u0107<\/strong><\/p>\n<p><strong>Fra Stanko Milanovi\u0107<\/strong><\/p>\n<p><strong>Fra Jozo Oluji\u0107<\/strong><\/p>\n<p><strong>Fra Petar Pavi\u0161a<\/strong><\/p>\n<p><strong>Fra Ante Pavlov<\/strong><\/p>\n<p><strong>Fra Vlade Pavlov<\/strong><\/p>\n<p><strong>Fra Jozo Poljak<\/strong><\/p>\n<p><strong>Fra Bone Radoni\u0107<\/strong><\/p>\n<p><strong>Fra Serafin Raji\u0107<\/strong><\/p>\n<p><strong>Fra Ante Romac<\/strong><\/p>\n<p><strong>Fra Ivan Romac<\/strong><\/p>\n<p><strong>Fra Pavao Silov<\/strong><\/p>\n<p><strong>Fra Nikola \u0160abi\u0107<\/strong><\/p>\n<p><strong>Fra Bo\u017eidar \u0160imi\u0107<\/strong><\/p>\n<p><strong>Fra Valentin \u0160imi\u0107<\/strong><\/p>\n<p><strong>Fra Vjekoslav \u0160imi\u0107<\/strong><\/p>\n<p><strong>Fra Dominik \u0160ulenta<\/strong><\/p>\n<p><strong>Fra Kruno Tadin<\/strong><\/p>\n<p><strong>Fra Metod Vezili\u0107<\/strong><\/p>\n<p><strong>Fra Matej Vodanovi\u0107<\/strong><\/p>\n<p><strong>Fra Rudolf Vu\u010di\u0107<\/strong><\/p>\n<p><strong>Fra Bo\u017eo Vugdelija<\/strong><\/p>\n<p><strong>Fra Andrija Zja\u010di\u0107<\/strong><\/p>\n<p>Izvor: \u017dupni ured Gospe Sinjske<\/p>\n<p>https:\/\/www.braniteljski-portal.com\/spomen-na-ubijene-fratre-u-cetinskoj-krajini<\/p>\n<div class=\"td-g-rec td-g-rec-id-content_inline tdi_2_b70 td_block_template_1 \"><\/div>\n","protected":false},"excerpt":{"rendered":"<p>\u2018Dani pobijenih fratara Provincije Presvetog Otkupitelja\u2019 podsje\u0107a nas na svjedo\u010danstvo vjere koje su nam dali na\u0161i ubijeni fratri, kao i oni ubijeni diljem na\u0161e Domovine&#8230; U petak 29. studenog 2019. u crkvi Gospe Sinjske u 18 sati slavit \u0107e se Dani pobijenih fratara Provincije Presvetog Otkupitelja za 20 franjevca provincije Presvetog Otkupitelja iz Splita, koje [&hellip;]<\/p>\n","protected":false},"author":1,"featured_media":0,"comment_status":"open","ping_status":"open","sticky":false,"template":"","format":"standard","meta":{"footnotes":""},"categories":[1],"tags":[],"class_list":["post-3490","post","type-post","status-publish","format-standard","hentry","category-novosti"],"_links":{"self":[{"href":"https:\/\/viktimologija.com.hr\/wp\/wp-json\/wp\/v2\/posts\/3490","targetHints":{"allow":["GET"]}}],"collection":[{"href":"https:\/\/viktimologija.com.hr\/wp\/wp-json\/wp\/v2\/posts"}],"about":[{"href":"https:\/\/viktimologija.com.hr\/wp\/wp-json\/wp\/v2\/types\/post"}],"author":[{"embeddable":true,"href":"https:\/\/viktimologija.com.hr\/wp\/wp-json\/wp\/v2\/users\/1"}],"replies":[{"embeddable":true,"href":"https:\/\/viktimologija.com.hr\/wp\/wp-json\/wp\/v2\/comments?post=3490"}],"version-history":[{"count":5,"href":"https:\/\/viktimologija.com.hr\/wp\/wp-json\/wp\/v2\/posts\/3490\/revisions"}],"predecessor-version":[{"id":3496,"href":"https:\/\/viktimologija.com.hr\/wp\/wp-json\/wp\/v2\/posts\/3490\/revisions\/3496"}],"wp:attachment":[{"href":"https:\/\/viktimologija.com.hr\/wp\/wp-json\/wp\/v2\/media?parent=3490"}],"wp:term":[{"taxonomy":"category","embeddable":true,"href":"https:\/\/viktimologija.com.hr\/wp\/wp-json\/wp\/v2\/categories?post=3490"},{"taxonomy":"post_tag","embeddable":true,"href":"https:\/\/viktimologija.com.hr\/wp\/wp-json\/wp\/v2\/tags?post=3490"}],"curies":[{"name":"wp","href":"https:\/\/api.w.org\/{rel}","templated":true}]}}