{"id":3515,"date":"2019-12-04T12:28:11","date_gmt":"2019-12-04T11:28:11","guid":{"rendered":"http:\/\/viktimologija.com.hr\/wp\/?p=3515"},"modified":"2019-12-04T12:28:11","modified_gmt":"2019-12-04T11:28:11","slug":"remete-procesija-za-ubijene-hrvatske-andele-u-domovinskom-ratu","status":"publish","type":"post","link":"https:\/\/viktimologija.com.hr\/wp\/remete-procesija-za-ubijene-hrvatske-andele-u-domovinskom-ratu\/","title":{"rendered":"REMETE: PROCESIJA ZA UBIJENE HRVATSKE AN\u0110ELE U DOMOVINSKOM RATU\u2026"},"content":{"rendered":"<p><strong>Procesija za ubijene hrvatske an\u0111ele u Domovinskom ratu\u2026<\/strong><\/p>\n<p>Prve adventske nedjelje 1. prosinca.prire\u0111en je deveti duhovni susret hrvatskih branitelja u <strong>sveti\u0161tu Najvjernije Majke Odvjetnice Hrvatske<\/strong> u zagreba\u010dkim Remetama.Misno slavlje predvodio je upravitelj remetskoga sveti\u0161ta o. Antonio Mario \u010cirko uz o. Iliju Tipuri\u0107a.Pod geslom \u201eHvala Ti za slobodu; Dijete za Dijete\u201c, <strong>ove je godine hodo\u010da\u0161\u0107e posebno posve\u0107eno ubijenoj djeci u Domovinskom ratu<\/strong>. Na spomen njihove nevine \u017ertve, djeca iz kulturno umjetni\u010dkoga dru\u0161tva Frankopan i branitelji, nosili su fotografije ubijene djece u Domovinskom ratu u procesiji iz Gospinog vrta u Remetskom sveti\u0161tu.<\/p>\n<p><strong>\u017dupnik Antonio Mario \u010cirko <\/strong>u propovijedi je izme\u0111u ostaloga kazao: \u201eNalazimo se na po\u010detku Do\u0161a\u0161\u0107a i na\u0161e pripreme za doga\u0111aj Bo\u017ei\u0107a, Isusova ro\u0111enja, ali tako\u0111er i ono radosno i\u0161\u010dekivanje ponovnog Isusovog dolaska me\u0111u nas. Prvi kr\u0161\u0107ani su radosno kliktali: Do\u0111i Gospodine Isuse! Ako je bilo i kojih nevolja, progona, oni su imali mir i radost u srcu: Bit \u0107e sve dobro jer Gospodin dolazi.U ovom remetskom sveti\u0161tu ve\u0107 stolje\u0107ima hodo\u010dasnici oslu\u0161kuju Isusove rije\u010di utjehe i snagu Marijinog zagovora.<\/p>\n<p><strong>Zato su Remete duhovna oaza na\u0161e hrvatske domovine. Remetska Gospa je Zagovornica Hrvatske, ali i nebeska Ljekarna na du\u0161i i tijelu. Ovo mjesto je postala i duhovna oaza za vas dragi branitelji i udovice na\u0161ih branitelja.<\/strong> Dobro nam do\u0161li dragi prijatelji. U ovom Marijanskom sveti\u0161tu, prepoznajemo da Majka najbolje razumije bol i pote\u0161ko\u0107e svoje djece. Zato nam je ona uvijek kroz povijest bila blizu. Marija nas u\u010di zahvaljivati.Upravo geslo na\u0161eg dana\u0161njeg susreta je HVALA TI ZA SLOBODU! Zahvaljujemo Bogu \u0161to nas je o\u010duvao, zahvaljujemo Bogu za svaku va\u0161u \u017ertvi iz ljubavi. Ali danas kao zajednica vjernika \u017eelimo osobito Bogu zahvaliti za na\u0161e najmanje branitelje, djecu koja su ubijena u Domovinskom ratu i polo\u017eila svoj \u017eivot da bi mi mogli danas zahvaljivati za slobodu. <strong>Znate <\/strong><strong>zaboravljamo djecu. Njihova nevina, mu\u010deni\u010dka krv postala je tako\u0111er sjeme na\u0161e slobode.<\/strong><\/p>\n<p><strong>Zato smo na po\u010detku Mise donijeli fotografije sa svom ubijenom djecom. U Hrvatskoj je ubijeno 402 djece, a u Bosni i Hercegovini vi\u0161e stotina. Samo u Slavonskom Brodu ubijen je jedan razred, njih 28 s imenom i prezimenom, zatim u Dubrovniku, u Zadru, Osijeku i drugdje. <\/strong>Na podru\u010dju Republike Hrvatske ranjeno je vi\u0161e od 1200 djece. Oni su danas zaboravljeni, jer ih se ne spominje.Ne pripadaju u skupinu hrvatskih ratnih vojnih invalida, ni u ostale tjelesne invalide.\u00a0<strong>Bez jednoga roditelja u Domovinskom je ratu u Hrvatskoj ostalo 4285 djece, a bez oba njih 54. Podatak da je oko 15.000 djece ro\u0111eno u progonstvu obvezuje svakoga od nas da sebi postavi pitanje \u2013 tko je za to odgovarao i tko su ta djeca, danas odrasli ljudi?\u00a0<\/strong>Ako se zovemo vjernicima, ako se na\u0161a domovina di\u010di kr\u0161\u0107anskim korijenima onda na\u0161e o\u010di, na\u0161a srca moraju biti otvorena, za bli\u017enjega, moraju biti otvorena za istinu. Isus je uvijek branio istinu.Osobito su nam ovi tjedni pred nama posebna prilika. Do\u0161a\u0161\u0107e nas poziva na obra\u0107enje kako bi se upoznali s istinom, kako bi imali vi\u0161e srca jednih prema drugima. Do\u0161a\u0161\u0107e nas poziva da iako se danas istina omalova\u017eava da svi ostanemo ponosni i uspravni jer Bog je na\u0161 silan Bog koji ne ostavlja \u010dovjeka u njegovoj muci i pitanjima.<\/p>\n<p><strong>Razmi\u0161ljaju\u0107i o ubijenoj djeci u Domovinskom ratu, prepoznajemo da su oni tako\u0111er na\u0161i branitelji, nepoznati, ali oni koji su svojom nevino\u0161\u0107u porazili sve one koji su nas \u017eeljeli uni\u0161titi. Nevinost pobje\u0111uje mr\u017enju, opro\u0161tenje \u010duva od osvete.\u00a0<\/strong> Sjetimo se da je Isusova ljubav usa\u0111ena u na\u0161a srca.\u0160to nam Bog danas govori? On nam daje rije\u010d: Probudi se! Ustani s ponosom! (usp. Iz 51,17). Tu je uvjet koji Bog stavlja pred nas kako bi mogao ukloniti opojnu \u010da\u0161u od na\u0161ih usana: \u201cDigni se! Zauzmi stav!\u201d A ustati to je slikoviti govor vjere. Rije\u010di ohrabrenja nalazimo i u prvom \u010ditanju. Tako slu\u0161amo: Hajde, uzi\u0111imo na Goru Gospodnju, po\u0111imo u Dom Boga Jakovljeva! On \u0107e nas nau\u010diti svojim putovima, hodit \u0107emo stazama njegovim\u2026<\/p>\n<p>Ne\u0107e vi\u0161e narod dizat ma\u010da protiv naroda nit se vi\u0161e u\u010dit ratovanju. Hajde, dome Jakovljev, u Gospodnjoj hodimo svjetlosti!Ove rije\u010di su napisane prije nekoliko tisu\u0107a godina. Vi ste kroz sve ove godine naslu\u0161ali se tolikih govora, tolikih obe\u0107anja, ali ove rije\u010di iz Svetoga Pisma toliko su sna\u017ene i okrepljuju\u0107e: Uzi\u0111imo na Goru Gospodnju, po\u0111imo u Dom Boga Jakovljeva! On \u0107e nas nau\u010diti svojim putovima, hodit \u0107emo stazama njegovim\u2026Koje li snage u tim rije\u010dima. I\u0107i Bo\u017ejim stazama.\u00a0<strong>Zato se danas ovdje i nalazimo. Samo Bog ostaje, dok svi ljudski sustavi prolaze. Na\u0161a domovina ne mo\u017ee propasti jer je toliko krvi proliveno za nju.Zato gledajmo s optimizmom. Bog je s nama jer svoju domovinu ljubimo, a ako ljubi\u0161 domovinu, onda ljubi\u0161 i Boga jer Bog je Ljubav.\u201c\u00a0<\/strong><\/p>\n<p>Uz podr\u0161ku \u017eupne obiteljske zajednice i hrvatskih branitelja iz \u017eupe Remete, u organizaciju susreta uklju\u010dili su se svi, od najmla\u0111ih koji su nosili fotografije ubijene djece do najstarijih. Koordinaciju susreta preuzeo je magistar geologije\u00a0 <strong>Ivan Pavi\u0107<\/strong>,\u00a0sin hrvatskoga branitelja Marijana Pavi\u0107a, uz <strong>Juru Lovrekovi\u0107a<\/strong> koji je sin dragovoljca Josipa Lovrekovi\u0107a. U obra\u0107anju hodo\u010dasnicima Ivan Pavi\u0107 je istaknuo:<strong> \u201eMi iz mla\u0111e generacije volimo hrvatske branitelje i po\u0161tujemo \u017ertvu i iznimno cijenimo ono \u0161to su dali hrvatski branitelji za na\u0161u slobodu i na\u0161u samostalnu Republiku Hrvatsku. Danas je posebno potresno kad vidimo fotografije ubijene djece, jer ona su ubijena, hotimi\u010dno, ciljano.<\/strong> Te\u0161ko je ne pustiti suzu i ne suosje\u0107ati s roditeljima, bra\u0107om i sestrama ubijene djece. Te\u0161ko je govoriti o toj temi koja je zaboravljena od institucija, jer ubijena djeca su na\u0161i hrvatski an\u0111eli. <strong>Zato uz njihove fotografije ne trebaju svije\u0107e, jer oni su na\u0161a svjetlost, na\u0161i an\u0111eli.\u201c<\/strong><\/p>\n<p>Na hodo\u010da\u0161\u0107u seokupilo vi\u0161e stotina hrvatskih branitelja, roditelja ubijene i ranjene djece i osoba \u010diji su najbli\u017ei ubijeni i poginuli u Domovinskom ratu, hrvatskih ratnih vojnih invalida, udruga proisteklih iz Domovinskoga rata te \u017eupljana i hodo\u010dasnika. Na duhovnom susretu nazo\u010dila je i Nicolier Liliane, majka ubijenoga Jean-Michela Nicoliera, francuskog dragovoljca ubijenog na Ov\u010dari.<\/p>\n<p><strong>Autor i foto\/ Frane R.\/ Braniteljski portal<\/strong><\/p>\n<blockquote class=\"wp-embedded-content\" data-secret=\"rOuZli20iO\"><p><a href=\"https:\/\/www.braniteljski-portal.com\/foto-remete-procesija-za-ubijene-hrvatske-andele-u-domovinskom-ratu\">(FOTO) REMETE: PROCESIJA ZA UBIJENE HRVATSKE AN\u0110ELE U DOMOVINSKOM RATU&#8230;<\/a><\/p><\/blockquote>\n<p><iframe loading=\"lazy\" class=\"wp-embedded-content\" sandbox=\"allow-scripts\" security=\"restricted\" style=\"position: absolute; clip: rect(1px, 1px, 1px, 1px);\" src=\"https:\/\/www.braniteljski-portal.com\/foto-remete-procesija-za-ubijene-hrvatske-andele-u-domovinskom-ratu\/embed#?secret=rOuZli20iO\" data-secret=\"rOuZli20iO\" width=\"600\" height=\"338\" title=\"&#8220;(FOTO) REMETE: PROCESIJA ZA UBIJENE HRVATSKE AN\u0110ELE U DOMOVINSKOM RATU&#8230;&#8221; &#8212; Braniteljski portal\" frameborder=\"0\" marginwidth=\"0\" marginheight=\"0\" scrolling=\"no\"><\/iframe><\/p>\n","protected":false},"excerpt":{"rendered":"<p>Procesija za ubijene hrvatske an\u0111ele u Domovinskom ratu\u2026 Prve adventske nedjelje 1. prosinca.prire\u0111en je deveti duhovni susret hrvatskih branitelja u sveti\u0161tu Najvjernije Majke Odvjetnice Hrvatske u zagreba\u010dkim Remetama.Misno slavlje predvodio je upravitelj remetskoga sveti\u0161ta o. Antonio Mario \u010cirko uz o. Iliju Tipuri\u0107a.Pod geslom \u201eHvala Ti za slobodu; Dijete za Dijete\u201c, ove je godine hodo\u010da\u0161\u0107e posebno [&hellip;]<\/p>\n","protected":false},"author":1,"featured_media":0,"comment_status":"open","ping_status":"open","sticky":false,"template":"","format":"standard","meta":{"footnotes":""},"categories":[1],"tags":[],"class_list":["post-3515","post","type-post","status-publish","format-standard","hentry","category-novosti"],"_links":{"self":[{"href":"https:\/\/viktimologija.com.hr\/wp\/wp-json\/wp\/v2\/posts\/3515","targetHints":{"allow":["GET"]}}],"collection":[{"href":"https:\/\/viktimologija.com.hr\/wp\/wp-json\/wp\/v2\/posts"}],"about":[{"href":"https:\/\/viktimologija.com.hr\/wp\/wp-json\/wp\/v2\/types\/post"}],"author":[{"embeddable":true,"href":"https:\/\/viktimologija.com.hr\/wp\/wp-json\/wp\/v2\/users\/1"}],"replies":[{"embeddable":true,"href":"https:\/\/viktimologija.com.hr\/wp\/wp-json\/wp\/v2\/comments?post=3515"}],"version-history":[{"count":6,"href":"https:\/\/viktimologija.com.hr\/wp\/wp-json\/wp\/v2\/posts\/3515\/revisions"}],"predecessor-version":[{"id":3533,"href":"https:\/\/viktimologija.com.hr\/wp\/wp-json\/wp\/v2\/posts\/3515\/revisions\/3533"}],"wp:attachment":[{"href":"https:\/\/viktimologija.com.hr\/wp\/wp-json\/wp\/v2\/media?parent=3515"}],"wp:term":[{"taxonomy":"category","embeddable":true,"href":"https:\/\/viktimologija.com.hr\/wp\/wp-json\/wp\/v2\/categories?post=3515"},{"taxonomy":"post_tag","embeddable":true,"href":"https:\/\/viktimologija.com.hr\/wp\/wp-json\/wp\/v2\/tags?post=3515"}],"curies":[{"name":"wp","href":"https:\/\/api.w.org\/{rel}","templated":true}]}}