{"id":3959,"date":"2020-06-26T00:02:53","date_gmt":"2020-06-25T22:02:53","guid":{"rendered":"http:\/\/viktimologija.com.hr\/wp\/?p=3959"},"modified":"2023-09-18T17:42:41","modified_gmt":"2023-09-18T15:42:41","slug":"komemoracija-i-sv-misa-u-sosicama-kod-jame-jazovke","status":"publish","type":"post","link":"https:\/\/viktimologija.com.hr\/wp\/komemoracija-i-sv-misa-u-sosicama-kod-jame-jazovke\/","title":{"rendered":"Komemoracija i sv. Misa u So\u0161icama kod jame Jazovke"},"content":{"rendered":"<h1><span style=\"font-size: x-large; color: #000000;\"><span style=\"font-family: Times New Roman, serif;\"><b>U ime Hrvatskog \u017ertvoslovnog dru\u0161tva i ove godine nazo\u010dili smo komemoraciji i sv. Misi<\/b><\/span><\/span><\/h1>\n<h6><span style=\"font-size: x-large;\"><span style=\"color: #000000;\"><span style=\"font-family: Arial, serif;\">U ponedjeljak 22. lipnja 2020 u organizaciji udruge HOZ &#8211; Jazovka odr\u017ean je 30. spomen-pohod u So\u0161icama kod jame Jazovke, gdje smo se okupili kako bi odali po\u010dast za sve \u017ertve koje su poubijane bez suda i ba\u010dene u Jamu iz jednog jedinog razloga, a to je zato \u0161to je jugoslavenski komunisti\u010dki re\u017eim smatrao kako bi im mogli stvarati problem u preuzimanju vlasti! Tradicionalno je ponovljen proglas, HOZ-a. <\/span><\/span><\/span><\/h6>\n<h6><span style=\"font-size: x-large;\"><span style=\"color: #000000;\"><span style=\"font-family: Arial, serif;\">Najva\u017eniji doga\u0111aj bila je sv. Misa za sve nevine \u017ertve, a koju je predvodio vara\u017edinski biskup u miru Josip Mrzljak.<\/span><\/span><\/span><\/h6>\n<p><span style=\"font-size: x-large;\"><span style=\"color: #000000;\"><span style=\"font-family: Times New Roman, serif;\">Vara\u017edinski biskup u miru Josip Mrzljak, <\/span><\/span><\/span><\/p>\n<p><span style=\"font-size: x-large;\"><span style=\"color: #000000;\"><span style=\"font-family: Times New Roman, serif;\">U nazo\u010dnosti vi\u0161e stotina hodo\u010dasnika, u propovijedi ponovno je pozvao hrvatska istra\u017ena i sudska tijela da istra\u017ee i kazne one koji su naredili i proveli ove likvidacije zarobljenika, jer su to zlo\u010dini koji nikad ne zastarijevaju. Jo\u0161 je jednom napomenuo kako <\/span><\/span><span style=\"color: #000000;\"><span style=\"font-family: Times New Roman, serif;\"><i><b>svaki \u010dovjek na kugli zemaljskoj ima pravo da mu zemni ostaci budu polo\u017eeni u grob!<\/b><\/i><\/span><\/span><\/span><\/p>\n<p><span style=\"font-size: x-large;\"><span style=\"color: #000000;\"><span style=\"font-family: Times New Roman, serif;\">Podsjetio je i na to kako su biskupi s kardinalom Franjom Kuhari\u0107em jo\u0161 prije 25 godina pisali vlastima pismo o tome da krvnici ovih jama imaju ime i prezime;\u00a0no krivi su i naredbodavci, ideolozi, tvorci\u00a0sustava koji je unaprijed planirao krvavi obra\u010dun s neistomi\u0161ljenicima, bez zakonite obrane\u201c, rekao je Mrzljak.<\/span><\/span><\/span><\/p>\n<p><span style=\"font-size: x-large;\"><span style=\"color: #000000;\"><span style=\"font-family: Times New Roman, serif;\">Zato Hrvatska biskupska konferencija (HBK), podsjetio je biskup Mrzljak, za ovogodi\u0161nje parlamentarne izbore isti\u010de i va\u017enost da se zna kako \u201ckandidat gleda na zlo\u010dine svih ideologija, u Drugom i nakon Drugog svjetskog rata kao i Domovinskog rata te osu\u0111uje li sve oblike totalitarizma, rasne, vjerske i druge netrpeljivosti\u201c.<\/span><\/span><\/span><\/p>\n<p><span style=\"font-size: x-large;\"><span style=\"color: #000000;\"><span style=\"font-family: Times New Roman, serif;\">Naglasio je kako HBK isti\u010de\u00a0i kako je \u201ebitno da u svom programu (kandidati) promi\u010du tra\u017eenje cjelovite i pune istine o doga\u0111ajima iz pro\u0161losti za uspostavu kulture dijaloga, nacionalnog pomirenja i zajedni\u0161tva\u201c. \u0160to je je zapo\u010deto za vrijeme Predsjednika dr.Franje Tu\u0111mana!<\/span><\/span><\/span><\/p>\n<p><span style=\"font-size: x-large;\"><span style=\"color: #000000;\"><span style=\"font-family: Times New Roman, serif;\">Dr. Juraj Batelja, \u010ditaju\u0107i s oltara svjedo\u010danstva iz svoje knjige \u201e\u017drtve obavijene \u0161utnjom\u201c, rekao je da je OZNA (komunisti\u010dka tajna policija) naredila partizanima \u201eda Slovenac ubija Slovenca, Hrvat Hrvata, Srbin Srbina. Tako je naredbom da \u2018brat ubija brata\u2019, sunarodnjak sunarodnjaka partija posijala vi\u0161egenaracijsko sjeme zla, s ciljem da se odgodi zajedni\u0161tvo u otporu protiv komunisti\u010dke diktature\u201c, zaklju\u010dio je Batelja.<\/span><\/span><\/span><\/p>\n<p><span style=\"font-size: x-large;\"><span style=\"color: #000000;\"><span style=\"font-family: Times New Roman, serif;\"><b>Rimokatoli\u010dko i grkokatoli\u010dko sve\u0107enstvo sudjelovalo je na misi<\/b><\/span><\/span><\/span><\/p>\n<p><span style=\"font-size: x-large;\"><span style=\"color: #000000;\"><span style=\"font-family: Times New Roman, serif;\">Na po\u010detku spomen programa voditelj Frano \u0106irko pozdravio je sve nazo\u010dne kao i rimokatoli\u010dko i grkokatoli\u010dko sve\u0107enstvo. Te je dodao kako svake godine spomen pohodu nazo\u010di i predstavnik Islamske zajednice ove godine nazo\u010dio je izaslanik muftije, imam Med\u017elisa Islamske zajednice Karlovac Admir Muhi\u0107.<\/span><\/span><\/span><\/p>\n<p><span style=\"font-size: x-large;\"><span style=\"color: #000000;\"><span style=\"font-family: Times New Roman, serif;\">Imam\u00a0Muhi\u0107 rekao je da je cilj spomen pohoda \u201eda se ne zaborave ove \u017ertve, ubijeni nevini ljudi iz zagreba\u010dkih bolnica, bolesnici i \u010dasne sestre, te civili i to bez su\u0111enja\u201c.<\/span><\/span><\/span><\/p>\n<p><span style=\"color: #000000;\">\u201e<span style=\"font-size: x-large;\"><span style=\"font-family: Times New Roman, serif;\">Ne mo\u017eemo o tome \u0161utjeti jer \u0161utnja po\u010desto zna\u010di i odobravanje, a mi to osu\u0111ujemo, a njihovim \u0107e zlodjelima na dan su\u0111enja svjedo\u010diti i ovo kamenje \u0161ume Jazovke\u201c, rekao je.<\/span><\/span><\/span><\/p>\n<p><span style=\"font-size: x-large;\"><span style=\"color: #000000;\"><span style=\"font-family: Times New Roman, serif;\">Prenijev\u0161i pozdrave muftije Islamske zajednice Aziza Hasanovi\u0107a, imam Muhi\u0107 rekao je da je Islamska zajednica u Hrvatskoj uvijek uz Katoli\u010dku crkvu, na svakom mjestu, te se spomenuo i hrvatskih branitelja iz Domovinskog rata.<\/span><\/span><\/span><\/p>\n<p><span style=\"font-size: x-large;\"><span style=\"color: #000000;\"><span style=\"font-family: Times New Roman, serif;\">Komemoraciji i sv. Misi nazo\u010dili su:<\/span><\/span><\/span><\/p>\n<p><span style=\"font-size: x-large;\"><span style=\"color: #000000;\"><span style=\"font-family: Times New Roman, serif;\">Pomo\u0107nik Ministra hrvatskih branitelja Stjepan Su\u010di\u0107, <\/span><\/span><\/span><\/p>\n<p><span style=\"font-size: x-large;\"><span style=\"color: #000000;\"><span style=\"font-family: Times New Roman, serif;\"><b>Zdravka Bu\u0161i\u0107, Davor Ivo Stier i drugi \u2026<\/b><\/span><\/span><\/span><\/p>\n<p><span style=\"font-size: x-large;\"><span style=\"color: #000000;\"><span style=\"font-family: Times New Roman, serif;\"><b>Ispred Hrvatskog \u017ertvoslovnog dru\u0161tva nazo\u010dili su, Predsjednik Ante Beljo, \u0110uro Knezi\u010di\u0107 i 45 \u010dlanova i hodo\u010dasnika koji redovno hodo\u010daste na mnoga masovna grobi\u0161ta nevinim \u017ertvama diljem Hrvatske, Slovenije, BiH, Austrije\u2026\u2026 <\/b><\/span><\/span><\/span><\/p>\n<p><span style=\"color: #000000;\">\u201e<span style=\"font-size: x-large;\"><span style=\"font-family: Times New Roman, serif;\">Devedesetih godina pro\u0161log stolje\u0107a mnogi su hrvatski branitelji polo\u017eili \u017eivot da bi mi danas mogli slobodno govoriti istra\u017eivati i obilje\u017eavati mjesta stradanja hrvatskog kao i drugih naroda za vrijeme i nakon drugog svjetskog rata u Hrvatskoj,\u00a0i izvan Hrvatske, kako moj prijatelj napisa i otpjeva pjesmu \u201ebez istine tama pobje\u0111uje\u201c stoga poruka nam je svima nemojmo zaboraviti kako nam djeca ne bi morala ponavljati povijest ve\u0107 kako bi mogli biti ponosni na nas odrastati u radosti i izgra\u0111ivati na\u0161u Domovinu da bude uistinu onakva kakvom su je mnogi sanjali ali ju nisu do\u010dekali? Samo vjera u Boga i Hrvatska sloga uzdignut \u0107e Hrvatsku na piestal kamo oduvijek pripada!\u00a0Neka nam Boga da snagu i neka nam svima osna\u017ei volju za mir i toleranciju, te da nam domovina bude sigurna i slobodna za sve plemenite ljude koji u njoj \u017eive.<\/span><\/span><\/span><\/p>\n<p><span style=\"font-size: x-large;\"><span style=\"color: #000000;\"><span style=\"font-family: Times New Roman, serif;\">Autor; \u0110uro<\/span><\/span><\/span><\/p>\n<p><a href=\"http:\/\/viktimologija.com.hr\/wp\/wp-content\/uploads\/2020\/06\/9.jpg\"><img loading=\"lazy\" decoding=\"async\" class=\"aligncenter wp-image-3962 size-full\" src=\"https:\/\/viktimologija.com.hr\/wp\/wp-content\/uploads\/2020\/06\/9.jpg\" alt=\"\" width=\"960\" height=\"640\" srcset=\"https:\/\/viktimologija.com.hr\/wp\/wp-content\/uploads\/2020\/06\/9.jpg 960w, https:\/\/viktimologija.com.hr\/wp\/wp-content\/uploads\/2020\/06\/9-300x200.jpg 300w, https:\/\/viktimologija.com.hr\/wp\/wp-content\/uploads\/2020\/06\/9-768x512.jpg 768w, https:\/\/viktimologija.com.hr\/wp\/wp-content\/uploads\/2020\/06\/9-830x553.jpg 830w, https:\/\/viktimologija.com.hr\/wp\/wp-content\/uploads\/2020\/06\/9-230x153.jpg 230w, https:\/\/viktimologija.com.hr\/wp\/wp-content\/uploads\/2020\/06\/9-350x233.jpg 350w, https:\/\/viktimologija.com.hr\/wp\/wp-content\/uploads\/2020\/06\/9-480x320.jpg 480w, https:\/\/viktimologija.com.hr\/wp\/wp-content\/uploads\/2020\/06\/9-272x182.jpg 272w\" sizes=\"auto, (max-width: 960px) 100vw, 960px\" \/><\/a><\/p>\n<p><a href=\"http:\/\/viktimologija.com.hr\/wp\/wp-content\/uploads\/2020\/06\/6.jpg\"><img loading=\"lazy\" decoding=\"async\" class=\"aligncenter wp-image-3964 size-full\" src=\"https:\/\/viktimologija.com.hr\/wp\/wp-content\/uploads\/2020\/06\/6.jpg\" alt=\"\" width=\"960\" height=\"640\" srcset=\"https:\/\/viktimologija.com.hr\/wp\/wp-content\/uploads\/2020\/06\/6.jpg 960w, https:\/\/viktimologija.com.hr\/wp\/wp-content\/uploads\/2020\/06\/6-300x200.jpg 300w, https:\/\/viktimologija.com.hr\/wp\/wp-content\/uploads\/2020\/06\/6-768x512.jpg 768w, https:\/\/viktimologija.com.hr\/wp\/wp-content\/uploads\/2020\/06\/6-830x553.jpg 830w, https:\/\/viktimologija.com.hr\/wp\/wp-content\/uploads\/2020\/06\/6-230x153.jpg 230w, https:\/\/viktimologija.com.hr\/wp\/wp-content\/uploads\/2020\/06\/6-350x233.jpg 350w, https:\/\/viktimologija.com.hr\/wp\/wp-content\/uploads\/2020\/06\/6-480x320.jpg 480w, https:\/\/viktimologija.com.hr\/wp\/wp-content\/uploads\/2020\/06\/6-272x182.jpg 272w\" sizes=\"auto, (max-width: 960px) 100vw, 960px\" \/><\/a><\/p>\n<p><a href=\"http:\/\/viktimologija.com.hr\/wp\/wp-content\/uploads\/2020\/06\/1.jpeg\"><img loading=\"lazy\" decoding=\"async\" class=\"aligncenter wp-image-3965\" src=\"http:\/\/viktimologija.com.hr\/wp\/wp-content\/uploads\/2020\/06\/1-1024x768.jpeg\" alt=\"\" width=\"960\" height=\"720\" srcset=\"https:\/\/viktimologija.com.hr\/wp\/wp-content\/uploads\/2020\/06\/1-1024x768.jpeg 1024w, https:\/\/viktimologija.com.hr\/wp\/wp-content\/uploads\/2020\/06\/1-300x225.jpeg 300w, https:\/\/viktimologija.com.hr\/wp\/wp-content\/uploads\/2020\/06\/1-768x576.jpeg 768w, https:\/\/viktimologija.com.hr\/wp\/wp-content\/uploads\/2020\/06\/1-830x623.jpeg 830w, https:\/\/viktimologija.com.hr\/wp\/wp-content\/uploads\/2020\/06\/1-230x173.jpeg 230w, https:\/\/viktimologija.com.hr\/wp\/wp-content\/uploads\/2020\/06\/1-350x263.jpeg 350w, https:\/\/viktimologija.com.hr\/wp\/wp-content\/uploads\/2020\/06\/1-480x360.jpeg 480w, https:\/\/viktimologija.com.hr\/wp\/wp-content\/uploads\/2020\/06\/1.jpeg 1600w\" sizes=\"auto, (max-width: 960px) 100vw, 960px\" \/><\/a><\/p>\n<p><a href=\"http:\/\/viktimologija.com.hr\/wp\/wp-content\/uploads\/2020\/06\/2.jpg\"><img loading=\"lazy\" decoding=\"async\" class=\"aligncenter size-large wp-image-3966\" src=\"http:\/\/viktimologija.com.hr\/wp\/wp-content\/uploads\/2020\/06\/2.jpg\" alt=\"\" width=\"960\" height=\"720\" srcset=\"https:\/\/viktimologija.com.hr\/wp\/wp-content\/uploads\/2020\/06\/2.jpg 960w, https:\/\/viktimologija.com.hr\/wp\/wp-content\/uploads\/2020\/06\/2-300x225.jpg 300w, https:\/\/viktimologija.com.hr\/wp\/wp-content\/uploads\/2020\/06\/2-768x576.jpg 768w, https:\/\/viktimologija.com.hr\/wp\/wp-content\/uploads\/2020\/06\/2-830x623.jpg 830w, https:\/\/viktimologija.com.hr\/wp\/wp-content\/uploads\/2020\/06\/2-230x173.jpg 230w, https:\/\/viktimologija.com.hr\/wp\/wp-content\/uploads\/2020\/06\/2-350x263.jpg 350w, https:\/\/viktimologija.com.hr\/wp\/wp-content\/uploads\/2020\/06\/2-480x360.jpg 480w\" sizes=\"auto, (max-width: 960px) 100vw, 960px\" \/><\/a><\/p>\n<p><a href=\"http:\/\/viktimologija.com.hr\/wp\/wp-content\/uploads\/2020\/06\/4.jpg\"><img loading=\"lazy\" decoding=\"async\" class=\"aligncenter size-large wp-image-3967\" src=\"http:\/\/viktimologija.com.hr\/wp\/wp-content\/uploads\/2020\/06\/4.jpg\" alt=\"\" width=\"960\" height=\"720\" srcset=\"https:\/\/viktimologija.com.hr\/wp\/wp-content\/uploads\/2020\/06\/4.jpg 960w, https:\/\/viktimologija.com.hr\/wp\/wp-content\/uploads\/2020\/06\/4-300x225.jpg 300w, https:\/\/viktimologija.com.hr\/wp\/wp-content\/uploads\/2020\/06\/4-768x576.jpg 768w, https:\/\/viktimologija.com.hr\/wp\/wp-content\/uploads\/2020\/06\/4-830x623.jpg 830w, https:\/\/viktimologija.com.hr\/wp\/wp-content\/uploads\/2020\/06\/4-230x173.jpg 230w, https:\/\/viktimologija.com.hr\/wp\/wp-content\/uploads\/2020\/06\/4-350x263.jpg 350w, https:\/\/viktimologija.com.hr\/wp\/wp-content\/uploads\/2020\/06\/4-480x360.jpg 480w\" sizes=\"auto, (max-width: 960px) 100vw, 960px\" \/><\/a><\/p>\n<p><a href=\"http:\/\/viktimologija.com.hr\/wp\/wp-content\/uploads\/2020\/06\/5.jpg\"><img loading=\"lazy\" decoding=\"async\" class=\"aligncenter size-large wp-image-3968\" src=\"http:\/\/viktimologija.com.hr\/wp\/wp-content\/uploads\/2020\/06\/5.jpg\" alt=\"\" width=\"960\" height=\"720\" srcset=\"https:\/\/viktimologija.com.hr\/wp\/wp-content\/uploads\/2020\/06\/5.jpg 960w, https:\/\/viktimologija.com.hr\/wp\/wp-content\/uploads\/2020\/06\/5-300x225.jpg 300w, https:\/\/viktimologija.com.hr\/wp\/wp-content\/uploads\/2020\/06\/5-768x576.jpg 768w, https:\/\/viktimologija.com.hr\/wp\/wp-content\/uploads\/2020\/06\/5-830x623.jpg 830w, https:\/\/viktimologija.com.hr\/wp\/wp-content\/uploads\/2020\/06\/5-230x173.jpg 230w, https:\/\/viktimologija.com.hr\/wp\/wp-content\/uploads\/2020\/06\/5-350x263.jpg 350w, https:\/\/viktimologija.com.hr\/wp\/wp-content\/uploads\/2020\/06\/5-480x360.jpg 480w\" sizes=\"auto, (max-width: 960px) 100vw, 960px\" \/><\/a><\/p>\n<p>&nbsp;<\/p>\n<blockquote class=\"wp-embedded-content\" data-secret=\"eoqwQ2Jzbl\"><p><a href=\"https:\/\/bjelovar.info\/nasim-krajem\/foto-u-sumi-lug-odana-pocast-zrtvama-jugokomunistickog-boljsevizma-s-porukom-zrtve-se-nikada-ne-smiju-zaboraviti\/\">(FOTO) U \u0161umi Lug odana po\u010dast \u017ertvama jugokomunisti\u010dkog bolj\u0161evizma s porukom: \u017dRTVE SE NIKADA NE SMIJU ZABORAVITI<\/a><\/p><\/blockquote>\n<p><iframe loading=\"lazy\" class=\"wp-embedded-content\" sandbox=\"allow-scripts\" security=\"restricted\" style=\"position: absolute; clip: rect(1px, 1px, 1px, 1px);\" title=\"&#8220;(FOTO) U \u0161umi Lug odana po\u010dast \u017ertvama jugokomunisti\u010dkog bolj\u0161evizma s porukom: \u017dRTVE SE NIKADA NE SMIJU ZABORAVITI&#8221; &#8212; www.bjelovar.info\" src=\"https:\/\/bjelovar.info\/nasim-krajem\/foto-u-sumi-lug-odana-pocast-zrtvama-jugokomunistickog-boljsevizma-s-porukom-zrtve-se-nikada-ne-smiju-zaboraviti\/embed\/#?secret=uANu35pGJh#?secret=eoqwQ2Jzbl\" data-secret=\"eoqwQ2Jzbl\" width=\"600\" height=\"338\" frameborder=\"0\" marginwidth=\"0\" marginheight=\"0\" scrolling=\"no\"><\/iframe><\/p>\n","protected":false},"excerpt":{"rendered":"<p>U ime Hrvatskog \u017ertvoslovnog dru\u0161tva i ove godine nazo\u010dili smo komemoraciji i sv. Misi U ponedjeljak 22. lipnja 2020 u organizaciji udruge HOZ &#8211; Jazovka odr\u017ean je 30. spomen-pohod u So\u0161icama kod jame Jazovke, gdje smo se okupili kako bi odali po\u010dast za sve \u017ertve koje su poubijane bez suda i ba\u010dene u Jamu iz [&hellip;]<\/p>\n","protected":false},"author":1,"featured_media":0,"comment_status":"open","ping_status":"open","sticky":false,"template":"","format":"standard","meta":{"footnotes":""},"categories":[7,1],"tags":[],"class_list":["post-3959","post","type-post","status-publish","format-standard","hentry","category-komemoracije","category-novosti"],"_links":{"self":[{"href":"https:\/\/viktimologija.com.hr\/wp\/wp-json\/wp\/v2\/posts\/3959","targetHints":{"allow":["GET"]}}],"collection":[{"href":"https:\/\/viktimologija.com.hr\/wp\/wp-json\/wp\/v2\/posts"}],"about":[{"href":"https:\/\/viktimologija.com.hr\/wp\/wp-json\/wp\/v2\/types\/post"}],"author":[{"embeddable":true,"href":"https:\/\/viktimologija.com.hr\/wp\/wp-json\/wp\/v2\/users\/1"}],"replies":[{"embeddable":true,"href":"https:\/\/viktimologija.com.hr\/wp\/wp-json\/wp\/v2\/comments?post=3959"}],"version-history":[{"count":5,"href":"https:\/\/viktimologija.com.hr\/wp\/wp-json\/wp\/v2\/posts\/3959\/revisions"}],"predecessor-version":[{"id":15657,"href":"https:\/\/viktimologija.com.hr\/wp\/wp-json\/wp\/v2\/posts\/3959\/revisions\/15657"}],"wp:attachment":[{"href":"https:\/\/viktimologija.com.hr\/wp\/wp-json\/wp\/v2\/media?parent=3959"}],"wp:term":[{"taxonomy":"category","embeddable":true,"href":"https:\/\/viktimologija.com.hr\/wp\/wp-json\/wp\/v2\/categories?post=3959"},{"taxonomy":"post_tag","embeddable":true,"href":"https:\/\/viktimologija.com.hr\/wp\/wp-json\/wp\/v2\/tags?post=3959"}],"curies":[{"name":"wp","href":"https:\/\/api.w.org\/{rel}","templated":true}]}}