{"id":4057,"date":"2020-08-30T14:33:39","date_gmt":"2020-08-30T12:33:39","guid":{"rendered":"http:\/\/viktimologija.com.hr\/wp\/?p=4057"},"modified":"2020-08-30T14:33:39","modified_gmt":"2020-08-30T12:33:39","slug":"dan-hrvatskih-mucenika-na-udbini-ove-godine-slavi-se-12-rujna","status":"publish","type":"post","link":"https:\/\/viktimologija.com.hr\/wp\/dan-hrvatskih-mucenika-na-udbini-ove-godine-slavi-se-12-rujna\/","title":{"rendered":"Dan hrvatskih mu\u010denika na Udbini ove godine slavi se 12. rujna"},"content":{"rendered":"<p>Od kada je izgra\u0111ena i posve\u0107ena 2010. godine Crkva hrvatskih mu\u010denika u Udbini postala je mjesto hodo\u010da\u0161\u0107a stotina tisu\u0107a vjernika iz cijeloga svijeta. Ovo se posebno o\u010dituje na Dan hrvatskih mu\u010denika koji se svake godine obilje\u017eava uz dan tragi\u010dne Krbavske bitke hrvatskog plemstva protiv turskih zavojeva\u010da koja se okon\u010dala podno Udbine 9. rujna 1493. godine.<\/p>\n<p>Iz Gospi\u0107ko-senjske biskupije potra\u017eili smo informacije vezane uz ovogodi\u0161nje hodo\u010da\u0161\u0107e, koje \u0107e se odr\u017eati u ozra\u010dju COVID-19. Sve poznate detalje ovogodi\u0161njeg hodo\u010da\u0161\u0107a s nama je podijelio biskupov kancelar pre\u010d. Mi\u0161el Grguri\u0107.<\/p>\n<p>\u2013 Dogovoreno je da se Dan hrvatskih mu\u010denika u Udbini ove godine obilje\u017ei 12. rujna, odnosno druge subote u mjesecu rujnu. \u0160to se ti\u010de aktualnih okolnosti oko koronavirusa mi \u0107emo se u tom smislu konzultirati i pridr\u017eavati odredbi Sto\u017eera civilne za\u0161tite.<\/p>\n<p>Budu\u0107i se Kri\u017eni put i Sveta misa odr\u017eavaju u Udbini uvijek otvorenome, mislim da u tom preventivno-epidemiolo\u0161kom smislu ne bi trebalo biti ve\u0107ih rekstrikcija. Ove godine propovjed i Svetu misu predvodit \u0107e kr\u010dki biskup Ivan Petanjak. Nadamo se da \u0107e unato\u010d svim ovim epidemiolo\u0161kim okolnostima Dan hrvatskih mu\u010denika na Udbini prote\u0107i prema planu, dostojanstveno kao i uvijek do sada, zaklju\u010dio je pre\u010d. Mi\u0161el Grguri\u0107.<\/p>\n<p>Upiti vjernika vezani uz ovo 10. po redu, jubilarno hodo\u010da\u0161\u0107e, u Udbini svakodnevno sti\u017eu iz cijele Hrvatske, dr\u017eava okru\u017eenja i Europske unije. Svake godine tisu\u0107e hodo\u010dasnika sti\u017eu u Udbinu.<\/p>\n<p>Na sami Dan hrvatskih mu\u010denika hodo\u010da\u0161\u0107e uveli\u010davaju hodo\u010dasnici, hrvatski branitelji, na motociklima. Mnogi me\u0111u njima donose spomen-kamenje s uklesanim imenima strati\u0161ta iz \u0161ire regije na kojima su zvjerski likvidirani civili \u010diji je jedini krimen bio njihova vjera. U spomen-sobi ove crkve ve\u0107 se nalazi ogromni zid u koji su ugra\u0111eni spomen-kamenovi, kao opomene i dokazi \u017ertvovanja i mu\u010deni\u0161tva tisu\u0107a ljudi za vjeru.<\/p>\n","protected":false},"excerpt":{"rendered":"<p>Od kada je izgra\u0111ena i posve\u0107ena 2010. godine Crkva hrvatskih mu\u010denika u Udbini postala je mjesto hodo\u010da\u0161\u0107a stotina tisu\u0107a vjernika iz cijeloga svijeta. Ovo se posebno o\u010dituje na Dan hrvatskih mu\u010denika koji se svake godine obilje\u017eava uz dan tragi\u010dne Krbavske bitke hrvatskog plemstva protiv turskih zavojeva\u010da koja se okon\u010dala podno Udbine 9. rujna 1493. godine. [&hellip;]<\/p>\n","protected":false},"author":1,"featured_media":0,"comment_status":"open","ping_status":"open","sticky":false,"template":"","format":"standard","meta":{"footnotes":""},"categories":[1],"tags":[],"class_list":["post-4057","post","type-post","status-publish","format-standard","hentry","category-novosti"],"_links":{"self":[{"href":"https:\/\/viktimologija.com.hr\/wp\/wp-json\/wp\/v2\/posts\/4057","targetHints":{"allow":["GET"]}}],"collection":[{"href":"https:\/\/viktimologija.com.hr\/wp\/wp-json\/wp\/v2\/posts"}],"about":[{"href":"https:\/\/viktimologija.com.hr\/wp\/wp-json\/wp\/v2\/types\/post"}],"author":[{"embeddable":true,"href":"https:\/\/viktimologija.com.hr\/wp\/wp-json\/wp\/v2\/users\/1"}],"replies":[{"embeddable":true,"href":"https:\/\/viktimologija.com.hr\/wp\/wp-json\/wp\/v2\/comments?post=4057"}],"version-history":[{"count":2,"href":"https:\/\/viktimologija.com.hr\/wp\/wp-json\/wp\/v2\/posts\/4057\/revisions"}],"predecessor-version":[{"id":4059,"href":"https:\/\/viktimologija.com.hr\/wp\/wp-json\/wp\/v2\/posts\/4057\/revisions\/4059"}],"wp:attachment":[{"href":"https:\/\/viktimologija.com.hr\/wp\/wp-json\/wp\/v2\/media?parent=4057"}],"wp:term":[{"taxonomy":"category","embeddable":true,"href":"https:\/\/viktimologija.com.hr\/wp\/wp-json\/wp\/v2\/categories?post=4057"},{"taxonomy":"post_tag","embeddable":true,"href":"https:\/\/viktimologija.com.hr\/wp\/wp-json\/wp\/v2\/tags?post=4057"}],"curies":[{"name":"wp","href":"https:\/\/api.w.org\/{rel}","templated":true}]}}