{"id":4062,"date":"2020-09-03T23:58:54","date_gmt":"2020-09-03T21:58:54","guid":{"rendered":"http:\/\/viktimologija.com.hr\/wp\/?p=4062"},"modified":"2020-09-03T23:58:54","modified_gmt":"2020-09-03T21:58:54","slug":"obiljezen-medunarodni-dan-nestalih-osoba-i-dan-sjecanja-na-nestale-osobe-u-domovinskom-ratu","status":"publish","type":"post","link":"https:\/\/viktimologija.com.hr\/wp\/obiljezen-medunarodni-dan-nestalih-osoba-i-dan-sjecanja-na-nestale-osobe-u-domovinskom-ratu\/","title":{"rendered":"Obilje\u017een Me\u0111unarodni dan nestalih osoba i Dan sje\u0107anja na nestale osobe u Domovinskom ratu"},"content":{"rendered":"\n<h3 class=\"wp-block-heading\">\u201eTrideset godina od po\u010detka Domovinskog rata od presudne je va\u017enosti stvaranje svih preduvjeta za rje\u0161avanje otvorenih pitanja, a posebno nestalih. A to je du\u017enost odgovorne i predane dr\u017eave, dr\u017eave koja po\u0161tuje svoje \u017ertve, koja ima osje\u0107aj za humano, moralno i pravedno,\u201c istaknuo je predsjednik Vlade, poru\u010div\u0161i da hrvatska Vlada nikada ne\u0107e posustati u potrazi za nestalima<\/h3>\n\n\n\n<p>Ovogodi\u0161nje obilje\u017eavanje Me\u0111unarodnog dana nestalih osoba odr\u017eano je 30. kolovoza u Zagrebu pod pokroviteljstvom Ministarstva hrvatskih branitelja, a uz \u010dlanove obitelji nestalih hrvatskih branitelja i civila obilje\u017eavanju su nazo\u010dili predsjednik Vlade Andrej Plenkovi\u0107, izaslanik predsjednika Hrvatskog sabora \u017deljko Reiner, potpredsjednik Vlade i ministar hrvatskih branitelja Tomo Medved sa suradnicima, potpredsjednik Hrvatskog sabora Miroslav \u0160koro, ministar vanjskih i europskih poslova&nbsp; Gordan Grli\u0107-Radman te ministar pravosu\u0111a i uprave Ivan Malenica, gradona\u010delnik Zagreba Milan Bandi\u0107, saborski zastupnici te predstavnici Crvenog kri\u017ea i drugi uzvanici.<\/p>\n\n\n\n<p>Tim povodom u organizaciji Saveza udruga obitelji zato\u010denih i nestalih hrvatskih branitelja i Zajednice udruga hrvatskih civilnih stradalnika Domovinskoga rata te Udruge djece poginulih i nestalih hrvatskih branitelja Domovinskoga rata odr\u017ean je prigodan program u Kongresnoj dvorani \u201eGastro Globus\u201c u sklopu kojega su se obratili organizatori te potom i najvi\u0161i uzvanici.<\/p>\n\n\n\n<p>Predsjednik Vlade&nbsp;<strong>Andrej Plenkovi\u0107<\/strong>&nbsp;izrazio je po\u0161tovanje obiteljima koje ve\u0107 gotovo 30 godina tragaju za svojim najmilijima te istaknuo kako je za Hrvatsku je ovo uistinu bolan dan.&nbsp;<\/p>\n\n\n\n<p>\u201eDirnut sam va\u0161om snagom va\u0161om snagom, hrabro\u0161\u0107u i ustrajno\u0161\u0107u. Va\u0161i nestali \u010dlanovi obitelji, va\u0161e \u017eivotne sudbine, slike i uspomene koje nosite u srcu i du\u0161i, va\u0161a nada, izvor su, poticaj, ali i trajna obaveza hrvatskoj Vladi ni svim institucijama za sna\u017ean anga\u017eman u pronala\u017eenju svih osoba nestalih u Domovinskom ratu i za rasvjetljavanje svake pojedina\u010dne sudbine,\u201c kazao je, dodav\u0161i kako \u010dinjenica da smo se 25 godina nakon zavr\u0161etka rata okupili u ovolikom broju ukazuje na svu te\u017einu i slo\u017eenost pitanja nestalih.&nbsp;<br>Istaknuo je dosada\u0161nje napore i postignu\u0107a u tom pogledu te posebno zahvalio potpredsjedniku Vlade i ministru hrvatskih branitelja Tomi Medvedu i njegovim suradnicima. Podsjetiv\u0161i da je Vlada u proteklom mandatu unaprijedili statusna prava obitelji nestalih hrvatskih branitelja, najavio je ure\u0111enje prava civilnih stradalnika iz Domovinskoga rata kojim \u0107e se unaprijediti i prava obitelji nestalih civila.<\/p>\n\n\n\n<p>\u201eTrideset godina od po\u010detka Domovinskog rata od presudne je va\u017enosti stvaranje svih preduvjeta za rje\u0161avanje otvorenih pitanja, a posebno nestalih. A to je du\u017enost odgovorne i predane dr\u017eave, dr\u017eave koja po\u0161tuje svoje \u017ertve, koja ima osje\u0107aj za humano, moralno i pravedno,\u201c istaknuo je predsjednik Vlade, poru\u010div\u0161i da hrvatska Vlada nikada ne\u0107e posustati u potrazi za nestalima, te zaklju\u010dio: \u201eU\u010diniti \u0107emo sve, u suradnji s vama, da do\u0111emo do informacija, da i u ovom mandatu napravimo iskorake za ovaj preostali broj ljudi \u010diju sudbinu \u017eelimo doznati, kako bismo olak\u0161ali vama koji \u017eivite s tom patnjom zadnjih skoro trideset godina.&nbsp; Jer je Domovinski rat kamen temeljac suvremene i demokratske Hrvatske, na\u0161e slobode i, unato\u010d svim izazovima, koje nosi ovo dana\u0161nje vrijeme, ovo je tema koja nikada ne\u0107e prestati biti prioritet hrvatske Vlade i hrvatskih institucija.\u201c&nbsp;<\/p>\n\n\n\n<p>I potpredsjednik Hrvatskog sabora&nbsp;<strong>\u017deljko Reiner&nbsp;<\/strong>istaknuo je kako nikada ne smijemo posustati u tra\u017eenju dok se ne sazna sudbina i zadnjeg s popisa osoba nestalih u Domovinskom ratu.<\/p>\n\n\n\n<p>Gradona\u010delnik Grada Zagreba&nbsp;<strong>Milan Bandi\u0107<\/strong>&nbsp;izrazio je zahvalnost \u010dlanovima obitelji \u0161to su se ponovno okupili u glavnom gradu Hrvatske, gdje se po tre\u0107i put obilje\u017eava ovaj dan. Prisjetiv\u0161i se stradanja u Domovinskom ratu kao posljedice velikosrpske agresije, kao i pobjede u obrani i osloba\u0111anju na\u0161e domovine, pozvao je na suradnju svih u dostizanju istine i pravde. \u201eNema mjesta mr\u017enji, oprostiti trebamo, ali zaboraviti ne\u0107emo i ne smijemo!\u201c, poru\u010dio je, zaklju\u010div\u0161i kako \u0107emo i tu bitku zajedno dobiti.<\/p>\n\n\n\n<p>Voditeljica nacionalne slu\u017ebe tra\u017eenja Hrvatskog crvenog kri\u017ea&nbsp;<strong>Vesna Krivo\u0161i\u0107&nbsp;<\/strong>kazala je da Crveni kri\u017e svakodnevno radi na otvorenim zahtjevima za tra\u017eenje jer je jo\u0161 uvijek previ\u0161e obitelji koje nemaju nikakve informacije o najmilijima.<\/p>\n\n\n\n<p>Predsjednica Saveza&nbsp;<strong>Ljiljana Alvir<\/strong>&nbsp;izrazila je zadovoljstvo suradnjom s Vladom i resornim ministarstvom te nadle\u017enim institucijama, kao i nezadovoljstvo politizacijom pitanja nestalih osoba s ciljem manipuliranja i strana\u010dkih obra\u010duna.<\/p>\n\n\n\n<p>Pozvala je dr\u017eavne institucije da poja\u010daju pritisak na Srbiju i Europsku uniju kako bi pomogli obiteljima u pronalasku svojih najmilijih, a gra\u0111ane koji imaju saznanja o sudbini nestalih da se ohrabre i pomognu u njihovom pronalasku. U ime \u010dlanova obitelji nestalih branitelja i civila pozvala je sve na konsenzus u rje\u0161avanju tog najte\u017eeg humanitarnog pitanja.<\/p>\n\n\n\n<p>U ime Zajednice udruga civilnih stradalnika Domovinskog rata obratila se \u010dlanica Zajednice&nbsp;<strong>Ivana Marinovi\u0107<\/strong>, koja je u emotivnom govoru istaknula kako su civilne \u017ertve dugi niz godina bile zanemarene te izrazila uvjerenje da je napokon do\u0161lo vrijeme za druga\u010diji odnos i pristup toj stradalni\u010dkoj populaciji. \u201eRu\u0161enje prepreka na tom putu zada\u0107a je svih nas kojima je traganje za istinom primarna zada\u0107a,\u201c kazala je, zaklju\u010div\u0161i: \u201eDanas na Me\u0111unarodni dan nestalih osoba va\u017eno je istaknuti da vjerujemo u sve napore na\u0161e dr\u017eave u rje\u0161avanju ovog te\u0161kog pitanja i nadamo se uspje\u0161nijoj i ve\u0107oj spremnosti na suradnju Republike Srbije. Pitanje je to politi\u010dke volje, ali i one iskrene ljudske volje za boljom budu\u0107no\u0161\u0107u.\u201c<\/p>\n\n\n\n<p>\u010clanica Udruge djece poginulih i nestalih hrvatskih branitelja Domovinskog rata&nbsp;<strong>Veronika Soldo&nbsp;<\/strong>predstavila je rezultate ankete provedene u sklopu projekta \u201eDjeca rata \u2013 ne\u010dujni krik\u201c, ukazav\u0161i na psiholo\u0161ke i zdravstvene probleme koja imaju mnoga od te \u201edjece rata\u201c koji su danas odrasli ljudi. Istaknula je kako je proces tra\u017eenja za obitelji zapravo izrazito stresan te kako sve vi\u0161e roditelja umire ne saznav\u0161i istinu o svojoj djeci, poru\u010div\u0161i: \u201eMi mladi moramo nastaviti njihov put. Moramo tra\u017eiti istinu, na\u0161e nestale \u010dlanove obitelji.\u201c<\/p>\n\n\n\n<p>Svi su u svojim obra\u0107anjima apelirali na one koji imaju informacije i bilo kakva saznanja o nestalim osobama ili prikrivenim grobnicama da ih podijele s nadle\u017enim tijelima kako bi se rasvijetlila sudbina jo\u0161 1069 osoba za kojima se traga. U sklopu programa emitirana je i audiovizualna kompilacija izjava \u010dlanova obitelji nestalih osoba snimljenih za 24sata, medijskog pokrovitelja ovogodi\u0161njeg obilje\u017eavanja.<\/p>\n\n\n\n<p>Nakon sredi\u0161njeg programa odr\u017eana je i konferencija pod nazivom \u201ePravo obitelji na istinu \u2013 pravo nestalih na identitet\u201c u sklopu koje je pomo\u0107nik ministra&nbsp;<strong>Stjepan Su\u010di\u0107<\/strong>&nbsp;predstavio aktivnosti iz djelokruga rada Uprave za zato\u010dene i nestale Ministarstva hrvatskih branitelja usmjerene na pronalazak nestalih osoba.<\/p>\n\n\n\n<p>Zaklju\u010dno se \u010dlanovima obitelji nestalih hrvatskih branitelja i civila obratio ministar hrvatskih branitelja&nbsp;<strong>Tomo Medved<\/strong>, koji je istaknuo kako je rje\u0161avanja sudbine nestalih osoba prioritet u radu resornog ministarstva i Vlade.<\/p>\n\n\n\n<p>\u201eU partnerstvu zajedno s vama u\u010dinili smo veliki iskorak. Na\u017ealost, ni ja nisam zadovoljan i ne\u0107u biti dok ne prona\u0111emo i posljednju osobu iz Domovinskog rata. Na\u0161a misija i vizija je odgovoran i sustavan pristup rje\u0161avanju tog problema,\u201c istaknuo je, dodav\u0161i da je to \u201eprvorazredno humanitarno pitanje s kojim se lije\u017eemo i ustajemo i mi koji tom pitanju pristupamo ljudski, a ne trendovski.\u201c<\/p>\n\n\n\n<p>Zatvaraju\u0107i konferenciju, poru\u010dio je da \u0107e i nadalje ustrajati u isho\u0111enju informacija i protokola od Republike Srbije kako bi se napokon saznalo gdje su posmrtni ostaci ubijenih, kao i sudbina svih za kojima se traga ve\u0107 gotovo 30 godina.<\/p>\n\n\n\n<p>Povodom Me\u0111unarodnog dana nestalih osoba polaganjem vijenca i paljenjem svije\u0107a kod spomenika Glas \u017ertve \u2013 zid boli na Gradskom groblju Mirogoj i kod Kenotafa na Krematoriju po\u010dast su odala izaslanstva Predsjednice Republike, Hrvatskog sabora i Vlade zajedno s predstavnicima udruga \u010dlanova obitelji nestalih hrvatskih branitelja i civila.<\/p>\n\n\n\n<p><strong>Me\u0111unarodni dan nestalih osoba u Republici Hrvatskoj obilje\u017eava se od 2002. godine, a od ove godine 30. kolovoza progla\u0161en je i spomendanom te je prvi put obilje\u017een i\u00a0Dan sje\u0107anja na nestale osobe u Domovinskom ratu.<\/strong><\/p>\n\n\n\n<figure class=\"wp-block-image size-large\"><img loading=\"lazy\" decoding=\"async\" width=\"1024\" height=\"498\" src=\"http:\/\/viktimologija.com.hr\/wp\/wp-content\/uploads\/2020\/09\/IMG-20200902-WA0007-1024x498.jpg\" alt=\"\" class=\"wp-image-4065\" srcset=\"https:\/\/viktimologija.com.hr\/wp\/wp-content\/uploads\/2020\/09\/IMG-20200902-WA0007-1024x498.jpg 1024w, https:\/\/viktimologija.com.hr\/wp\/wp-content\/uploads\/2020\/09\/IMG-20200902-WA0007-300x146.jpg 300w, https:\/\/viktimologija.com.hr\/wp\/wp-content\/uploads\/2020\/09\/IMG-20200902-WA0007-768x373.jpg 768w, https:\/\/viktimologija.com.hr\/wp\/wp-content\/uploads\/2020\/09\/IMG-20200902-WA0007-1536x746.jpg 1536w, https:\/\/viktimologija.com.hr\/wp\/wp-content\/uploads\/2020\/09\/IMG-20200902-WA0007-830x403.jpg 830w, https:\/\/viktimologija.com.hr\/wp\/wp-content\/uploads\/2020\/09\/IMG-20200902-WA0007-230x112.jpg 230w, https:\/\/viktimologija.com.hr\/wp\/wp-content\/uploads\/2020\/09\/IMG-20200902-WA0007-350x170.jpg 350w, https:\/\/viktimologija.com.hr\/wp\/wp-content\/uploads\/2020\/09\/IMG-20200902-WA0007-480x233.jpg 480w, https:\/\/viktimologija.com.hr\/wp\/wp-content\/uploads\/2020\/09\/IMG-20200902-WA0007.jpg 1599w\" sizes=\"auto, (max-width: 1024px) 100vw, 1024px\" \/><\/figure>\n\n\n\n<figure class=\"wp-block-image size-large\"><img loading=\"lazy\" decoding=\"async\" width=\"1024\" height=\"576\" src=\"http:\/\/viktimologija.com.hr\/wp\/wp-content\/uploads\/2020\/09\/IMG-20200902-WA0005-1-1024x576.jpg\" alt=\"\" class=\"wp-image-4066\" srcset=\"https:\/\/viktimologija.com.hr\/wp\/wp-content\/uploads\/2020\/09\/IMG-20200902-WA0005-1-1024x576.jpg 1024w, https:\/\/viktimologija.com.hr\/wp\/wp-content\/uploads\/2020\/09\/IMG-20200902-WA0005-1-300x169.jpg 300w, https:\/\/viktimologija.com.hr\/wp\/wp-content\/uploads\/2020\/09\/IMG-20200902-WA0005-1-768x432.jpg 768w, https:\/\/viktimologija.com.hr\/wp\/wp-content\/uploads\/2020\/09\/IMG-20200902-WA0005-1-1536x864.jpg 1536w, https:\/\/viktimologija.com.hr\/wp\/wp-content\/uploads\/2020\/09\/IMG-20200902-WA0005-1-830x467.jpg 830w, https:\/\/viktimologija.com.hr\/wp\/wp-content\/uploads\/2020\/09\/IMG-20200902-WA0005-1-230x129.jpg 230w, https:\/\/viktimologija.com.hr\/wp\/wp-content\/uploads\/2020\/09\/IMG-20200902-WA0005-1-350x197.jpg 350w, https:\/\/viktimologija.com.hr\/wp\/wp-content\/uploads\/2020\/09\/IMG-20200902-WA0005-1-480x270.jpg 480w, https:\/\/viktimologija.com.hr\/wp\/wp-content\/uploads\/2020\/09\/IMG-20200902-WA0005-1.jpg 1600w\" sizes=\"auto, (max-width: 1024px) 100vw, 1024px\" \/><\/figure>\n\n\n\n<figure class=\"wp-block-image size-large\"><img loading=\"lazy\" decoding=\"async\" width=\"576\" height=\"1024\" src=\"http:\/\/viktimologija.com.hr\/wp\/wp-content\/uploads\/2020\/09\/IMG-20200902-WA0009-576x1024.jpg\" alt=\"\" class=\"wp-image-4067\" srcset=\"https:\/\/viktimologija.com.hr\/wp\/wp-content\/uploads\/2020\/09\/IMG-20200902-WA0009-576x1024.jpg 576w, https:\/\/viktimologija.com.hr\/wp\/wp-content\/uploads\/2020\/09\/IMG-20200902-WA0009-169x300.jpg 169w, https:\/\/viktimologija.com.hr\/wp\/wp-content\/uploads\/2020\/09\/IMG-20200902-WA0009-768x1365.jpg 768w, https:\/\/viktimologija.com.hr\/wp\/wp-content\/uploads\/2020\/09\/IMG-20200902-WA0009-864x1536.jpg 864w, https:\/\/viktimologija.com.hr\/wp\/wp-content\/uploads\/2020\/09\/IMG-20200902-WA0009-830x1476.jpg 830w, https:\/\/viktimologija.com.hr\/wp\/wp-content\/uploads\/2020\/09\/IMG-20200902-WA0009-230x409.jpg 230w, https:\/\/viktimologija.com.hr\/wp\/wp-content\/uploads\/2020\/09\/IMG-20200902-WA0009-350x622.jpg 350w, https:\/\/viktimologija.com.hr\/wp\/wp-content\/uploads\/2020\/09\/IMG-20200902-WA0009-480x853.jpg 480w, https:\/\/viktimologija.com.hr\/wp\/wp-content\/uploads\/2020\/09\/IMG-20200902-WA0009.jpg 900w\" sizes=\"auto, (max-width: 576px) 100vw, 576px\" \/><\/figure>\n\n\n\n<figure class=\"wp-block-image size-large\"><img loading=\"lazy\" decoding=\"async\" width=\"498\" height=\"1024\" src=\"http:\/\/viktimologija.com.hr\/wp\/wp-content\/uploads\/2020\/09\/IMG-20200902-WA0008-498x1024.jpg\" alt=\"\" class=\"wp-image-4068\" srcset=\"https:\/\/viktimologija.com.hr\/wp\/wp-content\/uploads\/2020\/09\/IMG-20200902-WA0008-498x1024.jpg 498w, https:\/\/viktimologija.com.hr\/wp\/wp-content\/uploads\/2020\/09\/IMG-20200902-WA0008-146x300.jpg 146w, https:\/\/viktimologija.com.hr\/wp\/wp-content\/uploads\/2020\/09\/IMG-20200902-WA0008-768x1580.jpg 768w, https:\/\/viktimologija.com.hr\/wp\/wp-content\/uploads\/2020\/09\/IMG-20200902-WA0008-746x1536.jpg 746w, https:\/\/viktimologija.com.hr\/wp\/wp-content\/uploads\/2020\/09\/IMG-20200902-WA0008-230x473.jpg 230w, https:\/\/viktimologija.com.hr\/wp\/wp-content\/uploads\/2020\/09\/IMG-20200902-WA0008-350x720.jpg 350w, https:\/\/viktimologija.com.hr\/wp\/wp-content\/uploads\/2020\/09\/IMG-20200902-WA0008-480x988.jpg 480w, https:\/\/viktimologija.com.hr\/wp\/wp-content\/uploads\/2020\/09\/IMG-20200902-WA0008.jpg 777w\" sizes=\"auto, (max-width: 498px) 100vw, 498px\" \/><\/figure>\n","protected":false},"excerpt":{"rendered":"<p>\u201eTrideset godina od po\u010detka Domovinskog rata od presudne je va\u017enosti stvaranje svih preduvjeta za rje\u0161avanje otvorenih pitanja, a posebno nestalih. A to je du\u017enost odgovorne i predane dr\u017eave, dr\u017eave koja po\u0161tuje svoje \u017ertve, koja ima osje\u0107aj za humano, moralno i pravedno,\u201c istaknuo je predsjednik Vlade, poru\u010div\u0161i da hrvatska Vlada nikada ne\u0107e posustati u potrazi za [&hellip;]<\/p>\n","protected":false},"author":1,"featured_media":0,"comment_status":"open","ping_status":"open","sticky":false,"template":"","format":"standard","meta":{"footnotes":""},"categories":[1],"tags":[],"class_list":["post-4062","post","type-post","status-publish","format-standard","hentry","category-novosti"],"_links":{"self":[{"href":"https:\/\/viktimologija.com.hr\/wp\/wp-json\/wp\/v2\/posts\/4062","targetHints":{"allow":["GET"]}}],"collection":[{"href":"https:\/\/viktimologija.com.hr\/wp\/wp-json\/wp\/v2\/posts"}],"about":[{"href":"https:\/\/viktimologija.com.hr\/wp\/wp-json\/wp\/v2\/types\/post"}],"author":[{"embeddable":true,"href":"https:\/\/viktimologija.com.hr\/wp\/wp-json\/wp\/v2\/users\/1"}],"replies":[{"embeddable":true,"href":"https:\/\/viktimologija.com.hr\/wp\/wp-json\/wp\/v2\/comments?post=4062"}],"version-history":[{"count":2,"href":"https:\/\/viktimologija.com.hr\/wp\/wp-json\/wp\/v2\/posts\/4062\/revisions"}],"predecessor-version":[{"id":4069,"href":"https:\/\/viktimologija.com.hr\/wp\/wp-json\/wp\/v2\/posts\/4062\/revisions\/4069"}],"wp:attachment":[{"href":"https:\/\/viktimologija.com.hr\/wp\/wp-json\/wp\/v2\/media?parent=4062"}],"wp:term":[{"taxonomy":"category","embeddable":true,"href":"https:\/\/viktimologija.com.hr\/wp\/wp-json\/wp\/v2\/categories?post=4062"},{"taxonomy":"post_tag","embeddable":true,"href":"https:\/\/viktimologija.com.hr\/wp\/wp-json\/wp\/v2\/tags?post=4062"}],"curies":[{"name":"wp","href":"https:\/\/api.w.org\/{rel}","templated":true}]}}