{"id":4108,"date":"2020-09-18T00:11:01","date_gmt":"2020-09-17T22:11:01","guid":{"rendered":"http:\/\/viktimologija.com.hr\/wp\/?p=4108"},"modified":"2020-09-18T00:11:01","modified_gmt":"2020-09-17T22:11:01","slug":"homilija-krckog-biskupa-ivice-petanjka-na-misi-na-dan-hrvatskih-mucenika","status":"publish","type":"post","link":"https:\/\/viktimologija.com.hr\/wp\/homilija-krckog-biskupa-ivice-petanjka-na-misi-na-dan-hrvatskih-mucenika\/","title":{"rendered":"Homilija kr\u010dkog biskupa Ivice Petanjka na misi na Dan hrvatskih mu\u010denika"},"content":{"rendered":"\n<p><strong>Crkva hrvatskih mu\u010denika, Udbina, 12. rujna 2020.<\/strong><\/p>\n\n\n\n<p>Draga bra\u0107o i sestre! Dragi hodo\u010dasnici!<\/p>\n\n\n\n<p>Od 2005. godine ovo mjesto i ovi prostori na poseban na\u010din o\u017eive upravo po vama hodo\u010dasnicima koji se druge subote u mjesecu rujnu okupite ovdje na Udbini kako biste svojom prisutno\u0161\u0107u i svojom molitvom dr\u017eali \u017eivu uspomenu na ono \u0161to se nikako ne smije zaboraviti, a to je patnja i stradanje svih onih koji su ljubili ovu zemlju kao svoju domovinu i za tu zemlju bili spremni polo\u017eiti ono najvi\u0161e \u0161to imaju, a to je vlastiti \u017eivot.<\/p>\n\n\n\n<p>Budu\u0107i da se na\u0161 narod od najranijih vremena svog dolaska na ove prostore opredijelio za Isusa Krista i prihvatio njegovo evan\u0111elje kao program i oblik svog \u017eivota, kr\u0161\u0107anstvo postaje na\u0161 prepoznajni znak i bitna sastavnica na\u0161eg narodnog bi\u0107a i hrvatskog identiteta.<\/p>\n\n\n\n<p>Mnogima ni danas nije jasno da se \u010dovjek pojedinac, pa onda i narod u kojem se ve\u0107ina deklarira kao kr\u0161\u0107ani i katolici, ne mogu odijeliti jedno od drugoga. Biti kr\u0161\u0107anin zna\u010di biti kr\u0161\u0107anin cijelim svojim bi\u0107em, cijelim svojim \u017eivotom, svagdje i na svakom mjestu.<\/p>\n\n\n\n<p>Kr\u0161\u0107anstvo nije ne\u0161to \u0161to se \u010dovjeku nadodaje kao neki dodatak ili dopuna ili poput odje\u0107e koja se obla\u010di i svla\u010di prema trenuta\u010dnim prilikama i zgodama \u017eivota. Ne mo\u017ee se kr\u0161\u0107anstvo skinuti poput kaputa i objesiti na vje\u0161alicu, a onda opet kad zatreba i ako ustreba na sebe ponovno obu\u0107i.<\/p>\n\n\n\n<p>Sveto pismo \u010desto puta govori o starom i novom \u010dovjeku, o prvom i drugom Adamu, o tome kako treba svu\u0107i staroga i obu\u0107i novog \u010dovjeka (usp. Ef 4, 22-24). Ne ka\u017ee da treba svu\u0107i staro i obu\u0107i novo odijelo, nego svu\u0107i staroga i obu\u0107i se u novog \u010dovjeka. Svu\u0107i sve ono \u0161to je nespojivo s Kristovim evan\u0111eljem i obu\u0107i se u samoga Isusa Krista. To drugim rije\u010dima zna\u010di \u017eivjeti poput Isusa Krista. Njegov na\u010din \u017eivota postaje na\u0161, postaje moj na\u010din \u017eivota.<\/p>\n\n\n\n<p>Ako tako promatramo \u017eivot \u010dovjeka pojedinca, pa i naroda kojemu pojedinci pripadaju, onda je razumljivo da se vjera i pripadnost jednom narodu ne mogu odvojiti i ne smiju odvojiti jedno od drugoga. Vjera se utjelovljuje u svakom \u010dovjeku i u jednom narodu po mno\u0161tvu pojedinaca, na isti onaj na\u010din na koji se to dogodilo s Isusom Kristom kao Sinom Bo\u017ejim koji je postao \u010dovjekom po odre\u0111enoj osobi, u konkretnoj obitelji i stvarnom narodu, u to\u010dno odre\u0111enom povijesnom, dru\u0161tvenom i politi\u010dkom vremenu i okolnostima.<\/p>\n\n\n\n<p>Isus je toliko puta znao pohvaliti vjeru odre\u0111enog pojedinca, ali i skupine ljudi koje su pripadale odre\u0111enoj dru\u0161tvenoj strukturi ili su bili \u017eitelji nekog mjesta i pokrajine, kao \u0161to je na isti na\u010din znao opominjati ili se \u017ealostiti zbog nevjere pojedinaca ili cijelih mjesta i gradova.<\/p>\n\n\n\n<p>Sve ovo govorim zato \u0161to mnogi ni danas ne mogu pojmiti govor o Crkvi hrvatskih mu\u010denika, tj. o povezanosti Hrvata kao naroda i kr\u0161\u0107anstva kao vjere i uvjerenja koji je pro\u017eeo iznutra i oblikovao u svemu taj hrvatski narodni identitet kao na\u0161 prepoznajni znak.<\/p>\n\n\n\n<p>Budu\u0107i da su se narodni i vjerski element stolje\u0107ima me\u0111usobno toliko pro\u017eimali da su postali nedjeljivi kao prst i nokat, onda i cijelu povijest na\u0161eg naroda promatramo kao jednu jedinstvenu nedjeljivu cjelinu u svim njezinim oblicima koju jednostavno zovemo kulturom i civilizacijom jednog naroda.<\/p>\n\n\n\n<p>U tom duhu mo\u017eemo razumjeti da je za na\u0161e pre\u0111e bilo isto \u017eivjeti, raditi, graditi, kao i trpjeti i umrijeti za svoj narod i za Isusa Krista, kao ne\u0161to \u0161to se jedno od drugoga ne mo\u017ee odijeliti.<\/p>\n\n\n\n<p>Da se ne radi samo o dalekoj pro\u0161losti mi smo svjedoci kako je sada, danas, i u ovo na\u0161e vrijeme neprijatelj najprije poku\u0161ao uni\u0161titi znakove i obilje\u017eja katoli\u010dke vjere, a onda i svojom nogom zakora\u010diti i oteti domovinu kao zemlju i prostor.<\/p>\n\n\n\n<p>Bra\u0107o i sestre, mi se nalazimo na svetom tlu, zato \u0161to je ono natopljeno krvlju onih koji su za ovaj narod dali sve \u0161to su imali \u2013 \u017eivot. Nema tog naroda koji ne \u0161tuje svoje branitelje i koji ne bi znao vrednovati one koji su dali svoj \u017eivot kako bi drugi mogli \u017eivjeti.<\/p>\n\n\n\n<p>Kao kr\u0161\u0107ani vjerujemo u vrijednost i neponovljivost svakog ljudskog \u017eivota, ali slijede\u0107i primjer Isusa Krista, koji je u svemu i uvijek bio vo\u0111en samo \u010distom ljubavlju i brigom za spasenjem svakog \u010dovjeka, \u0161tujemo kao mu\u010denike one koji su i u najte\u017eim trenucima svog \u017eivota ostali \u010dvrsto ukorijenjeni u Kristovo evan\u0111elje i koje nikakva isku\u0161enja i mu\u010denja nisu mogli pokolebati.<\/p>\n\n\n\n<p>Gledano ljudskom logikom svaki branitelj koji je poginuo i svaki mu\u010denik je gubitnik, jer ga vi\u0161e nema me\u0111u nama. Ali nam upravo vjera u Isusovo uskrsnu\u0107e i spremnost kojom netko daje svoj \u017eivot u zamjenu za na\u0161, govori o savr\u0161enoj ljubavi, koja ne mo\u017ee ni\u010dim biti uni\u0161tena nego se ugra\u0111uje u sveop\u0107e dobro svijeta, a na\u0161a sje\u0107anja, uspomene i molitve za njih \u010dine da oni koji vi\u0161e nisu me\u0111u nama, budu s nama i u nama. Di\u017ee ih na jednu vi\u0161u, nadnaravnu razinu, jer oni \u017eive i mi \u017eivimo. Njihovi su se \u017eivoti preto\u010dili u na\u0161e, zauvijek se urezali u na\u0161u kolektivnu svijest i postali nam putokazom u \u017eivot.<\/p>\n\n\n\n<p>Kao Isusovi u\u010denici, koji su dobili poslanje od njega, da slavimo sveta otajstva njemu na spomen i da po tim sakramentima na\u0161e vjere njega trajno uprisutnjujemo u ovom svijetu, \u017eelimo i mi bra\u0107o i sestre poput Bla\u017eene Djevice Marije sve doga\u0111aje koji su utkani u na\u0161u povijest i sve one koji su tu povijest ljubavlju i krvlju pisali, u srcu pohraniti, o njima razmi\u0161ljati i biti dostojni sinovi i k\u0107eri svojih pre\u0111a. Amen.<\/p>\n\n\n\n<figure class=\"wp-block-image size-large\"><img loading=\"lazy\" decoding=\"async\" width=\"1024\" height=\"768\" src=\"http:\/\/viktimologija.com.hr\/wp\/wp-content\/uploads\/2020\/09\/10-1-1024x768.jpg\" alt=\"\" class=\"wp-image-4110\" srcset=\"https:\/\/viktimologija.com.hr\/wp\/wp-content\/uploads\/2020\/09\/10-1-1024x768.jpg 1024w, https:\/\/viktimologija.com.hr\/wp\/wp-content\/uploads\/2020\/09\/10-1-300x225.jpg 300w, https:\/\/viktimologija.com.hr\/wp\/wp-content\/uploads\/2020\/09\/10-1-768x576.jpg 768w, https:\/\/viktimologija.com.hr\/wp\/wp-content\/uploads\/2020\/09\/10-1-830x622.jpg 830w, https:\/\/viktimologija.com.hr\/wp\/wp-content\/uploads\/2020\/09\/10-1-230x172.jpg 230w, https:\/\/viktimologija.com.hr\/wp\/wp-content\/uploads\/2020\/09\/10-1-350x262.jpg 350w, https:\/\/viktimologija.com.hr\/wp\/wp-content\/uploads\/2020\/09\/10-1-480x360.jpg 480w, https:\/\/viktimologija.com.hr\/wp\/wp-content\/uploads\/2020\/09\/10-1.jpg 1294w\" sizes=\"auto, (max-width: 1024px) 100vw, 1024px\" \/><\/figure>\n\n\n\n<figure class=\"wp-block-image size-large\"><img loading=\"lazy\" decoding=\"async\" width=\"728\" height=\"970\" src=\"http:\/\/viktimologija.com.hr\/wp\/wp-content\/uploads\/2020\/09\/11.jpg\" alt=\"\" class=\"wp-image-4111\" srcset=\"https:\/\/viktimologija.com.hr\/wp\/wp-content\/uploads\/2020\/09\/11.jpg 728w, https:\/\/viktimologija.com.hr\/wp\/wp-content\/uploads\/2020\/09\/11-225x300.jpg 225w, https:\/\/viktimologija.com.hr\/wp\/wp-content\/uploads\/2020\/09\/11-230x306.jpg 230w, https:\/\/viktimologija.com.hr\/wp\/wp-content\/uploads\/2020\/09\/11-350x466.jpg 350w, https:\/\/viktimologija.com.hr\/wp\/wp-content\/uploads\/2020\/09\/11-480x640.jpg 480w\" sizes=\"auto, (max-width: 728px) 100vw, 728px\" \/><\/figure>\n\n\n\n<figure class=\"wp-block-image size-large\"><img loading=\"lazy\" decoding=\"async\" width=\"1024\" height=\"768\" src=\"http:\/\/viktimologija.com.hr\/wp\/wp-content\/uploads\/2020\/09\/12-1024x768.jpg\" alt=\"\" class=\"wp-image-4112\" srcset=\"https:\/\/viktimologija.com.hr\/wp\/wp-content\/uploads\/2020\/09\/12-1024x768.jpg 1024w, https:\/\/viktimologija.com.hr\/wp\/wp-content\/uploads\/2020\/09\/12-300x225.jpg 300w, https:\/\/viktimologija.com.hr\/wp\/wp-content\/uploads\/2020\/09\/12-768x576.jpg 768w, https:\/\/viktimologija.com.hr\/wp\/wp-content\/uploads\/2020\/09\/12-830x622.jpg 830w, https:\/\/viktimologija.com.hr\/wp\/wp-content\/uploads\/2020\/09\/12-230x172.jpg 230w, https:\/\/viktimologija.com.hr\/wp\/wp-content\/uploads\/2020\/09\/12-350x262.jpg 350w, https:\/\/viktimologija.com.hr\/wp\/wp-content\/uploads\/2020\/09\/12-480x360.jpg 480w, https:\/\/viktimologija.com.hr\/wp\/wp-content\/uploads\/2020\/09\/12.jpg 1294w\" sizes=\"auto, (max-width: 1024px) 100vw, 1024px\" \/><\/figure>\n\n\n\n<figure class=\"wp-block-image size-large\"><img loading=\"lazy\" decoding=\"async\" width=\"1024\" height=\"768\" src=\"http:\/\/viktimologija.com.hr\/wp\/wp-content\/uploads\/2020\/09\/13-1-1024x768.jpg\" alt=\"\" class=\"wp-image-4113\" srcset=\"https:\/\/viktimologija.com.hr\/wp\/wp-content\/uploads\/2020\/09\/13-1-1024x768.jpg 1024w, https:\/\/viktimologija.com.hr\/wp\/wp-content\/uploads\/2020\/09\/13-1-300x225.jpg 300w, https:\/\/viktimologija.com.hr\/wp\/wp-content\/uploads\/2020\/09\/13-1-768x576.jpg 768w, https:\/\/viktimologija.com.hr\/wp\/wp-content\/uploads\/2020\/09\/13-1-830x622.jpg 830w, https:\/\/viktimologija.com.hr\/wp\/wp-content\/uploads\/2020\/09\/13-1-230x172.jpg 230w, https:\/\/viktimologija.com.hr\/wp\/wp-content\/uploads\/2020\/09\/13-1-350x262.jpg 350w, https:\/\/viktimologija.com.hr\/wp\/wp-content\/uploads\/2020\/09\/13-1-480x360.jpg 480w, https:\/\/viktimologija.com.hr\/wp\/wp-content\/uploads\/2020\/09\/13-1.jpg 1294w\" sizes=\"auto, (max-width: 1024px) 100vw, 1024px\" \/><\/figure>\n\n\n\n<figure class=\"wp-block-image size-large\"><img loading=\"lazy\" decoding=\"async\" width=\"1024\" height=\"767\" src=\"http:\/\/viktimologija.com.hr\/wp\/wp-content\/uploads\/2020\/09\/14-1024x767.jpg\" alt=\"\" class=\"wp-image-4114\" srcset=\"https:\/\/viktimologija.com.hr\/wp\/wp-content\/uploads\/2020\/09\/14-1024x767.jpg 1024w, https:\/\/viktimologija.com.hr\/wp\/wp-content\/uploads\/2020\/09\/14-300x225.jpg 300w, https:\/\/viktimologija.com.hr\/wp\/wp-content\/uploads\/2020\/09\/14-768x575.jpg 768w, https:\/\/viktimologija.com.hr\/wp\/wp-content\/uploads\/2020\/09\/14-830x622.jpg 830w, https:\/\/viktimologija.com.hr\/wp\/wp-content\/uploads\/2020\/09\/14-230x172.jpg 230w, https:\/\/viktimologija.com.hr\/wp\/wp-content\/uploads\/2020\/09\/14-350x262.jpg 350w, https:\/\/viktimologija.com.hr\/wp\/wp-content\/uploads\/2020\/09\/14-480x359.jpg 480w, https:\/\/viktimologija.com.hr\/wp\/wp-content\/uploads\/2020\/09\/14.jpg 1103w\" sizes=\"auto, (max-width: 1024px) 100vw, 1024px\" \/><\/figure>\n\n\n\n<figure class=\"wp-block-image size-large\"><img loading=\"lazy\" decoding=\"async\" width=\"665\" height=\"498\" src=\"http:\/\/viktimologija.com.hr\/wp\/wp-content\/uploads\/2020\/09\/15-1.jpg\" alt=\"\" class=\"wp-image-4116\" srcset=\"https:\/\/viktimologija.com.hr\/wp\/wp-content\/uploads\/2020\/09\/15-1.jpg 665w, https:\/\/viktimologija.com.hr\/wp\/wp-content\/uploads\/2020\/09\/15-1-300x225.jpg 300w, https:\/\/viktimologija.com.hr\/wp\/wp-content\/uploads\/2020\/09\/15-1-230x172.jpg 230w, https:\/\/viktimologija.com.hr\/wp\/wp-content\/uploads\/2020\/09\/15-1-350x262.jpg 350w, https:\/\/viktimologija.com.hr\/wp\/wp-content\/uploads\/2020\/09\/15-1-480x359.jpg 480w\" sizes=\"auto, (max-width: 665px) 100vw, 665px\" \/><\/figure>\n\n\n\n<figure class=\"wp-block-image size-large\"><img loading=\"lazy\" decoding=\"async\" width=\"1024\" height=\"768\" src=\"http:\/\/viktimologija.com.hr\/wp\/wp-content\/uploads\/2020\/09\/16-1-1024x768.jpg\" alt=\"\" class=\"wp-image-4117\" srcset=\"https:\/\/viktimologija.com.hr\/wp\/wp-content\/uploads\/2020\/09\/16-1-1024x768.jpg 1024w, https:\/\/viktimologija.com.hr\/wp\/wp-content\/uploads\/2020\/09\/16-1-300x225.jpg 300w, https:\/\/viktimologija.com.hr\/wp\/wp-content\/uploads\/2020\/09\/16-1-768x576.jpg 768w, https:\/\/viktimologija.com.hr\/wp\/wp-content\/uploads\/2020\/09\/16-1-830x622.jpg 830w, https:\/\/viktimologija.com.hr\/wp\/wp-content\/uploads\/2020\/09\/16-1-230x172.jpg 230w, https:\/\/viktimologija.com.hr\/wp\/wp-content\/uploads\/2020\/09\/16-1-350x262.jpg 350w, https:\/\/viktimologija.com.hr\/wp\/wp-content\/uploads\/2020\/09\/16-1-480x360.jpg 480w, https:\/\/viktimologija.com.hr\/wp\/wp-content\/uploads\/2020\/09\/16-1.jpg 1294w\" sizes=\"auto, (max-width: 1024px) 100vw, 1024px\" \/><\/figure>\n\n\n\n<figure class=\"wp-block-image size-large\"><img loading=\"lazy\" decoding=\"async\" width=\"1024\" height=\"768\" src=\"http:\/\/viktimologija.com.hr\/wp\/wp-content\/uploads\/2020\/09\/17-1-1024x768.jpg\" alt=\"\" class=\"wp-image-4118\" srcset=\"https:\/\/viktimologija.com.hr\/wp\/wp-content\/uploads\/2020\/09\/17-1-1024x768.jpg 1024w, https:\/\/viktimologija.com.hr\/wp\/wp-content\/uploads\/2020\/09\/17-1-300x225.jpg 300w, https:\/\/viktimologija.com.hr\/wp\/wp-content\/uploads\/2020\/09\/17-1-768x576.jpg 768w, https:\/\/viktimologija.com.hr\/wp\/wp-content\/uploads\/2020\/09\/17-1-830x622.jpg 830w, https:\/\/viktimologija.com.hr\/wp\/wp-content\/uploads\/2020\/09\/17-1-230x172.jpg 230w, https:\/\/viktimologija.com.hr\/wp\/wp-content\/uploads\/2020\/09\/17-1-350x262.jpg 350w, https:\/\/viktimologija.com.hr\/wp\/wp-content\/uploads\/2020\/09\/17-1-480x360.jpg 480w, https:\/\/viktimologija.com.hr\/wp\/wp-content\/uploads\/2020\/09\/17-1.jpg 1294w\" sizes=\"auto, (max-width: 1024px) 100vw, 1024px\" \/><\/figure>\n\n\n\n<figure class=\"wp-block-image size-large\"><img loading=\"lazy\" decoding=\"async\" width=\"1024\" height=\"768\" src=\"http:\/\/viktimologija.com.hr\/wp\/wp-content\/uploads\/2020\/09\/18-1-1024x768.jpg\" alt=\"\" class=\"wp-image-4120\" srcset=\"https:\/\/viktimologija.com.hr\/wp\/wp-content\/uploads\/2020\/09\/18-1-1024x768.jpg 1024w, https:\/\/viktimologija.com.hr\/wp\/wp-content\/uploads\/2020\/09\/18-1-300x225.jpg 300w, https:\/\/viktimologija.com.hr\/wp\/wp-content\/uploads\/2020\/09\/18-1-768x576.jpg 768w, https:\/\/viktimologija.com.hr\/wp\/wp-content\/uploads\/2020\/09\/18-1-830x622.jpg 830w, https:\/\/viktimologija.com.hr\/wp\/wp-content\/uploads\/2020\/09\/18-1-230x172.jpg 230w, https:\/\/viktimologija.com.hr\/wp\/wp-content\/uploads\/2020\/09\/18-1-350x262.jpg 350w, https:\/\/viktimologija.com.hr\/wp\/wp-content\/uploads\/2020\/09\/18-1-480x360.jpg 480w, https:\/\/viktimologija.com.hr\/wp\/wp-content\/uploads\/2020\/09\/18-1.jpg 1294w\" sizes=\"auto, (max-width: 1024px) 100vw, 1024px\" \/><\/figure>\n","protected":false},"excerpt":{"rendered":"<p>Crkva hrvatskih mu\u010denika, Udbina, 12. rujna 2020. Draga bra\u0107o i sestre! Dragi hodo\u010dasnici! Od 2005. godine ovo mjesto i ovi prostori na poseban na\u010din o\u017eive upravo po vama hodo\u010dasnicima koji se druge subote u mjesecu rujnu okupite ovdje na Udbini kako biste svojom prisutno\u0161\u0107u i svojom molitvom dr\u017eali \u017eivu uspomenu na ono \u0161to se nikako [&hellip;]<\/p>\n","protected":false},"author":1,"featured_media":0,"comment_status":"open","ping_status":"open","sticky":false,"template":"","format":"standard","meta":{"footnotes":""},"categories":[1],"tags":[],"class_list":["post-4108","post","type-post","status-publish","format-standard","hentry","category-novosti"],"_links":{"self":[{"href":"https:\/\/viktimologija.com.hr\/wp\/wp-json\/wp\/v2\/posts\/4108","targetHints":{"allow":["GET"]}}],"collection":[{"href":"https:\/\/viktimologija.com.hr\/wp\/wp-json\/wp\/v2\/posts"}],"about":[{"href":"https:\/\/viktimologija.com.hr\/wp\/wp-json\/wp\/v2\/types\/post"}],"author":[{"embeddable":true,"href":"https:\/\/viktimologija.com.hr\/wp\/wp-json\/wp\/v2\/users\/1"}],"replies":[{"embeddable":true,"href":"https:\/\/viktimologija.com.hr\/wp\/wp-json\/wp\/v2\/comments?post=4108"}],"version-history":[{"count":2,"href":"https:\/\/viktimologija.com.hr\/wp\/wp-json\/wp\/v2\/posts\/4108\/revisions"}],"predecessor-version":[{"id":4121,"href":"https:\/\/viktimologija.com.hr\/wp\/wp-json\/wp\/v2\/posts\/4108\/revisions\/4121"}],"wp:attachment":[{"href":"https:\/\/viktimologija.com.hr\/wp\/wp-json\/wp\/v2\/media?parent=4108"}],"wp:term":[{"taxonomy":"category","embeddable":true,"href":"https:\/\/viktimologija.com.hr\/wp\/wp-json\/wp\/v2\/categories?post=4108"},{"taxonomy":"post_tag","embeddable":true,"href":"https:\/\/viktimologija.com.hr\/wp\/wp-json\/wp\/v2\/tags?post=4108"}],"curies":[{"name":"wp","href":"https:\/\/api.w.org\/{rel}","templated":true}]}}