{"id":4351,"date":"2021-03-01T11:45:00","date_gmt":"2021-03-01T10:45:00","guid":{"rendered":"http:\/\/viktimologija.com.hr\/wp\/?p=4351"},"modified":"2021-03-06T09:22:40","modified_gmt":"2021-03-06T08:22:40","slug":"30-godisnjica-smrti-zarka-manjkasa-crvenkape","status":"publish","type":"post","link":"https:\/\/viktimologija.com.hr\/wp\/30-godisnjica-smrti-zarka-manjkasa-crvenkape\/","title":{"rendered":"30. godi\u0161njica smrti \u017darka Manjkasa &#8211; Crvenkape"},"content":{"rendered":"\n<p><strong>\u017darko Manjkas Crvenkapa, <\/strong> ro\u0111en je 10. kolovoza 1967. u Zagrebu, a poginuo je 10. 11. 1991. godine u 24-toj godini \u017eivota.<\/p>\n\n\n\n<figure class=\"wp-block-image size-large is-resized\"><img loading=\"lazy\" decoding=\"async\" src=\"http:\/\/viktimologija.com.hr\/wp\/wp-content\/uploads\/2021\/03\/IMG-20210228-WA0014-1-1024x497.jpg\" alt=\"\" class=\"wp-image-4356\" width=\"768\" height=\"373\" srcset=\"https:\/\/viktimologija.com.hr\/wp\/wp-content\/uploads\/2021\/03\/IMG-20210228-WA0014-1-1024x497.jpg 1024w, https:\/\/viktimologija.com.hr\/wp\/wp-content\/uploads\/2021\/03\/IMG-20210228-WA0014-1-300x146.jpg 300w, https:\/\/viktimologija.com.hr\/wp\/wp-content\/uploads\/2021\/03\/IMG-20210228-WA0014-1-768x373.jpg 768w, https:\/\/viktimologija.com.hr\/wp\/wp-content\/uploads\/2021\/03\/IMG-20210228-WA0014-1-1536x746.jpg 1536w, https:\/\/viktimologija.com.hr\/wp\/wp-content\/uploads\/2021\/03\/IMG-20210228-WA0014-1-830x403.jpg 830w, https:\/\/viktimologija.com.hr\/wp\/wp-content\/uploads\/2021\/03\/IMG-20210228-WA0014-1-230x112.jpg 230w, https:\/\/viktimologija.com.hr\/wp\/wp-content\/uploads\/2021\/03\/IMG-20210228-WA0014-1-350x170.jpg 350w, https:\/\/viktimologija.com.hr\/wp\/wp-content\/uploads\/2021\/03\/IMG-20210228-WA0014-1-480x233.jpg 480w, https:\/\/viktimologija.com.hr\/wp\/wp-content\/uploads\/2021\/03\/IMG-20210228-WA0014-1.jpg 1600w\" sizes=\"auto, (max-width: 768px) 100vw, 768px\" \/><\/figure>\n\n\n\n<p>Nije bio Vukovarac, \u017eivio je u zagreba\u010dkoj Dubravi. Na po\u010detku rata kao dragovoljac pristupio je HOS-u. Spreman pomo\u0107i gdje je najte\u017ee, zajedno s jo\u0161 57 suboraca iz HOS-a odlazi braniti Vukovar. Ti su HOS-ovci dali golemi doprinos u obrani Vukovara, spasili su ga od ranijeg sloma svojim po\u017ertvovanim akcijama i spremno\u0161\u0107u na \u017ertvu. Opsadu i pad Vukovara pre\u017eivjelo ih je tek 25, a samo dvojica nisu ranjeni.<\/p>\n\n\n\n<p>Pri izlasku iz Bogdanovaca upali su u minsko polje, a kako bi se probili, HOS-ovi borci su se svjesno \u017ertvovali staju\u0107i na \u010delo kolone i probijaju\u0107i put kroz minsko polje kako bi spasili druge. Me\u0111u poginulima koji su se svjesno \u017ertvovali staju\u0107i na \u010delo kolone koja se povla\u010dila iz Bogdanovaca bio je i \u017darko Manjkas Crvenkapa.<\/p>\n\n\n\n<p>Predvode\u0107i povla\u010denje, stao je na minu i iskrvario za pet minuta. Zahvaljuju\u0107i i njegovoj \u017ertvi spa\u0161eni su mnogi \u017eivoti civila i branitelja koji su pre\u017eivjeli u\u017eas i dokopali se slobodnog teritorija.<\/p>\n\n\n\n<p>Neka im je vje\u010dna slava i hvala! S NAMA JE!<\/p>\n\n\n\n<figure class=\"wp-block-image size-large is-resized\"><img loading=\"lazy\" decoding=\"async\" src=\"http:\/\/viktimologija.com.hr\/wp\/wp-content\/uploads\/2021\/03\/IMG-20210228-WA0019-1-1024x497.jpg\" alt=\"\" class=\"wp-image-4357\" width=\"768\" height=\"373\" srcset=\"https:\/\/viktimologija.com.hr\/wp\/wp-content\/uploads\/2021\/03\/IMG-20210228-WA0019-1-1024x497.jpg 1024w, https:\/\/viktimologija.com.hr\/wp\/wp-content\/uploads\/2021\/03\/IMG-20210228-WA0019-1-300x146.jpg 300w, https:\/\/viktimologija.com.hr\/wp\/wp-content\/uploads\/2021\/03\/IMG-20210228-WA0019-1-768x373.jpg 768w, https:\/\/viktimologija.com.hr\/wp\/wp-content\/uploads\/2021\/03\/IMG-20210228-WA0019-1-1536x746.jpg 1536w, https:\/\/viktimologija.com.hr\/wp\/wp-content\/uploads\/2021\/03\/IMG-20210228-WA0019-1-830x403.jpg 830w, https:\/\/viktimologija.com.hr\/wp\/wp-content\/uploads\/2021\/03\/IMG-20210228-WA0019-1-230x112.jpg 230w, https:\/\/viktimologija.com.hr\/wp\/wp-content\/uploads\/2021\/03\/IMG-20210228-WA0019-1-350x170.jpg 350w, https:\/\/viktimologija.com.hr\/wp\/wp-content\/uploads\/2021\/03\/IMG-20210228-WA0019-1-480x233.jpg 480w, https:\/\/viktimologija.com.hr\/wp\/wp-content\/uploads\/2021\/03\/IMG-20210228-WA0019-1.jpg 1600w\" sizes=\"auto, (max-width: 768px) 100vw, 768px\" \/><\/figure>\n\n\n\n<figure class=\"wp-block-image size-large is-resized\"><img loading=\"lazy\" decoding=\"async\" src=\"http:\/\/viktimologija.com.hr\/wp\/wp-content\/uploads\/2021\/03\/IMG-20210228-WA0020-1024x497.jpg\" alt=\"\" class=\"wp-image-4358\" width=\"768\" height=\"373\" srcset=\"https:\/\/viktimologija.com.hr\/wp\/wp-content\/uploads\/2021\/03\/IMG-20210228-WA0020-1024x497.jpg 1024w, https:\/\/viktimologija.com.hr\/wp\/wp-content\/uploads\/2021\/03\/IMG-20210228-WA0020-300x146.jpg 300w, https:\/\/viktimologija.com.hr\/wp\/wp-content\/uploads\/2021\/03\/IMG-20210228-WA0020-768x373.jpg 768w, https:\/\/viktimologija.com.hr\/wp\/wp-content\/uploads\/2021\/03\/IMG-20210228-WA0020-1536x746.jpg 1536w, https:\/\/viktimologija.com.hr\/wp\/wp-content\/uploads\/2021\/03\/IMG-20210228-WA0020-830x403.jpg 830w, https:\/\/viktimologija.com.hr\/wp\/wp-content\/uploads\/2021\/03\/IMG-20210228-WA0020-230x112.jpg 230w, https:\/\/viktimologija.com.hr\/wp\/wp-content\/uploads\/2021\/03\/IMG-20210228-WA0020-350x170.jpg 350w, https:\/\/viktimologija.com.hr\/wp\/wp-content\/uploads\/2021\/03\/IMG-20210228-WA0020-480x233.jpg 480w, https:\/\/viktimologija.com.hr\/wp\/wp-content\/uploads\/2021\/03\/IMG-20210228-WA0020.jpg 1600w\" sizes=\"auto, (max-width: 768px) 100vw, 768px\" \/><\/figure>\n\n\n\n<figure class=\"wp-block-image size-large is-resized\"><img loading=\"lazy\" decoding=\"async\" src=\"http:\/\/viktimologija.com.hr\/wp\/wp-content\/uploads\/2021\/03\/IMG-20210228-WA0027-1-1024x497.jpg\" alt=\"\" class=\"wp-image-4359\" width=\"768\" height=\"373\" srcset=\"https:\/\/viktimologija.com.hr\/wp\/wp-content\/uploads\/2021\/03\/IMG-20210228-WA0027-1-1024x497.jpg 1024w, https:\/\/viktimologija.com.hr\/wp\/wp-content\/uploads\/2021\/03\/IMG-20210228-WA0027-1-300x146.jpg 300w, https:\/\/viktimologija.com.hr\/wp\/wp-content\/uploads\/2021\/03\/IMG-20210228-WA0027-1-768x373.jpg 768w, https:\/\/viktimologija.com.hr\/wp\/wp-content\/uploads\/2021\/03\/IMG-20210228-WA0027-1-1536x746.jpg 1536w, https:\/\/viktimologija.com.hr\/wp\/wp-content\/uploads\/2021\/03\/IMG-20210228-WA0027-1-830x403.jpg 830w, https:\/\/viktimologija.com.hr\/wp\/wp-content\/uploads\/2021\/03\/IMG-20210228-WA0027-1-230x112.jpg 230w, https:\/\/viktimologija.com.hr\/wp\/wp-content\/uploads\/2021\/03\/IMG-20210228-WA0027-1-350x170.jpg 350w, https:\/\/viktimologija.com.hr\/wp\/wp-content\/uploads\/2021\/03\/IMG-20210228-WA0027-1-480x233.jpg 480w, https:\/\/viktimologija.com.hr\/wp\/wp-content\/uploads\/2021\/03\/IMG-20210228-WA0027-1.jpg 1600w\" sizes=\"auto, (max-width: 768px) 100vw, 768px\" \/><\/figure>\n\n\n\n<figure class=\"wp-block-image size-large is-resized\"><img loading=\"lazy\" decoding=\"async\" src=\"http:\/\/viktimologija.com.hr\/wp\/wp-content\/uploads\/2021\/03\/IMG-20210228-WA0033-2-1024x497.jpg\" alt=\"\" class=\"wp-image-4376\" width=\"768\" height=\"373\" srcset=\"https:\/\/viktimologija.com.hr\/wp\/wp-content\/uploads\/2021\/03\/IMG-20210228-WA0033-2-1024x497.jpg 1024w, https:\/\/viktimologija.com.hr\/wp\/wp-content\/uploads\/2021\/03\/IMG-20210228-WA0033-2-300x146.jpg 300w, https:\/\/viktimologija.com.hr\/wp\/wp-content\/uploads\/2021\/03\/IMG-20210228-WA0033-2-768x373.jpg 768w, https:\/\/viktimologija.com.hr\/wp\/wp-content\/uploads\/2021\/03\/IMG-20210228-WA0033-2-1536x746.jpg 1536w, https:\/\/viktimologija.com.hr\/wp\/wp-content\/uploads\/2021\/03\/IMG-20210228-WA0033-2-830x403.jpg 830w, https:\/\/viktimologija.com.hr\/wp\/wp-content\/uploads\/2021\/03\/IMG-20210228-WA0033-2-230x112.jpg 230w, https:\/\/viktimologija.com.hr\/wp\/wp-content\/uploads\/2021\/03\/IMG-20210228-WA0033-2-350x170.jpg 350w, https:\/\/viktimologija.com.hr\/wp\/wp-content\/uploads\/2021\/03\/IMG-20210228-WA0033-2-480x233.jpg 480w, https:\/\/viktimologija.com.hr\/wp\/wp-content\/uploads\/2021\/03\/IMG-20210228-WA0033-2.jpg 1600w\" sizes=\"auto, (max-width: 768px) 100vw, 768px\" \/><figcaption>Foto\/\u0110ur\u0111a Cecelja\/28. velja\u010de 2021.<\/figcaption><\/figure>\n\n\n\n<p><\/p>\n\n\n\n<p>POVEZNICA: 41. EMISIJA <strong>MOJ KVART DUBRAVA<\/strong><\/p>\n\n\n\n<p class=\"has-black-color has-text-color has-large-font-size\"><strong>\u017darko Manjkas-Crvenkapa &#8211; otkrivanje spomenika 16. studenoga 2017. godine<\/strong><\/p>\n\n\n\n<figure class=\"wp-block-embed is-type-video is-provider-youtube wp-block-embed-youtube wp-embed-aspect-16-9 wp-has-aspect-ratio\"><div class=\"wp-block-embed__wrapper\">\n<iframe loading=\"lazy\" title=\"41.emisija Moj kvart Dubrava \u017darko Manjkas-Crvenkapa -otkrivanje spomenika\" width=\"1170\" height=\"658\" src=\"https:\/\/www.youtube.com\/embed\/8hTP8wzW6YY?feature=oembed\" frameborder=\"0\" allow=\"accelerometer; autoplay; clipboard-write; encrypted-media; gyroscope; picture-in-picture\" allowfullscreen><\/iframe>\n<\/div><\/figure>\n\n\n\n<p class=\"has-large-font-size\">Dirljiv ispra\u0107aj HOS-ovca \u017darka Manjkasa Crvenkape<\/p>\n\n\n\n<p>Na polju kraj Marinaca ekshumirani su&nbsp;<strong>posmrtni ostaci<\/strong>&nbsp;\u010detvorice hrvatskih branitelja koji su stradali 10. studenog 1991. godine nakon okupacije Bogdanovaca u \u010dijoj su obrani sudjelovali. Analizom je utvr\u0111eno, a kasnije su obitelji potvrdile nalaze, da se radi o&nbsp;<strong>\u017darku Manjkasu \u201cCrvenkapi\u201d&nbsp;<\/strong>(1967.),&nbsp;<strong>Stjepanu Kati\u0107u<\/strong>&nbsp;(1952.),&nbsp;<strong>Antunu Petri\u010di\u0107u<\/strong>&nbsp;(1968.) i&nbsp;<strong>Marku Kne\u017eevi\u0107u<\/strong>&nbsp;(1969.). <\/p>\n\n\n\n<p>Obitelj \u0107e \u017darka Manjkasa pokopati u Brodskom Stupniku uz njegovu majku. Ona nije do\u010dekala da joj prona\u0111u sina\u2026<\/p>\n\n\n\n<p>Subota 29. velja\u010de 2020. godine u&nbsp;<strong>Brodskom Stupniku<\/strong>&nbsp;na mjesnom groblju okupili su se ljudi iz cijele Hrvatske i \u0161ire kako bi na posljednji po\u010dinak ispratili heroja Domovinskog rata \u2013&nbsp;<strong>\u017darka Manjkasa Crvenkapu<\/strong>.<\/p>\n\n\n\n<figure class=\"wp-block-image size-large\"><img loading=\"lazy\" decoding=\"async\" width=\"731\" height=\"526\" src=\"http:\/\/viktimologija.com.hr\/wp\/wp-content\/uploads\/2021\/03\/IMG-20200229-WA0018-1.jpg\" alt=\"\" class=\"wp-image-4388\" srcset=\"https:\/\/viktimologija.com.hr\/wp\/wp-content\/uploads\/2021\/03\/IMG-20200229-WA0018-1.jpg 731w, https:\/\/viktimologija.com.hr\/wp\/wp-content\/uploads\/2021\/03\/IMG-20200229-WA0018-1-300x216.jpg 300w, https:\/\/viktimologija.com.hr\/wp\/wp-content\/uploads\/2021\/03\/IMG-20200229-WA0018-1-230x165.jpg 230w, https:\/\/viktimologija.com.hr\/wp\/wp-content\/uploads\/2021\/03\/IMG-20200229-WA0018-1-350x252.jpg 350w, https:\/\/viktimologija.com.hr\/wp\/wp-content\/uploads\/2021\/03\/IMG-20200229-WA0018-1-480x345.jpg 480w\" sizes=\"auto, (max-width: 731px) 100vw, 731px\" \/><\/figure>\n\n\n\n<figure class=\"wp-block-image size-large\"><img loading=\"lazy\" decoding=\"async\" width=\"576\" height=\"1024\" src=\"http:\/\/viktimologija.com.hr\/wp\/wp-content\/uploads\/2021\/03\/IMG-20200229-WA0017-1-576x1024.jpg\" alt=\"\" class=\"wp-image-4389\" srcset=\"https:\/\/viktimologija.com.hr\/wp\/wp-content\/uploads\/2021\/03\/IMG-20200229-WA0017-1-576x1024.jpg 576w, https:\/\/viktimologija.com.hr\/wp\/wp-content\/uploads\/2021\/03\/IMG-20200229-WA0017-1-169x300.jpg 169w, https:\/\/viktimologija.com.hr\/wp\/wp-content\/uploads\/2021\/03\/IMG-20200229-WA0017-1-230x409.jpg 230w, https:\/\/viktimologija.com.hr\/wp\/wp-content\/uploads\/2021\/03\/IMG-20200229-WA0017-1-350x622.jpg 350w, https:\/\/viktimologija.com.hr\/wp\/wp-content\/uploads\/2021\/03\/IMG-20200229-WA0017-1-480x853.jpg 480w, https:\/\/viktimologija.com.hr\/wp\/wp-content\/uploads\/2021\/03\/IMG-20200229-WA0017-1.jpg 747w\" sizes=\"auto, (max-width: 576px) 100vw, 576px\" \/><\/figure>\n\n\n\n<figure class=\"wp-block-image size-large\"><img loading=\"lazy\" decoding=\"async\" width=\"1024\" height=\"576\" src=\"http:\/\/viktimologija.com.hr\/wp\/wp-content\/uploads\/2021\/03\/IMG-20200229-WA0020-1-1024x576.jpg\" alt=\"\" class=\"wp-image-4390\" srcset=\"https:\/\/viktimologija.com.hr\/wp\/wp-content\/uploads\/2021\/03\/IMG-20200229-WA0020-1-1024x576.jpg 1024w, https:\/\/viktimologija.com.hr\/wp\/wp-content\/uploads\/2021\/03\/IMG-20200229-WA0020-1-300x169.jpg 300w, https:\/\/viktimologija.com.hr\/wp\/wp-content\/uploads\/2021\/03\/IMG-20200229-WA0020-1-768x432.jpg 768w, https:\/\/viktimologija.com.hr\/wp\/wp-content\/uploads\/2021\/03\/IMG-20200229-WA0020-1-830x467.jpg 830w, https:\/\/viktimologija.com.hr\/wp\/wp-content\/uploads\/2021\/03\/IMG-20200229-WA0020-1-230x129.jpg 230w, https:\/\/viktimologija.com.hr\/wp\/wp-content\/uploads\/2021\/03\/IMG-20200229-WA0020-1-350x197.jpg 350w, https:\/\/viktimologija.com.hr\/wp\/wp-content\/uploads\/2021\/03\/IMG-20200229-WA0020-1-480x270.jpg 480w, https:\/\/viktimologija.com.hr\/wp\/wp-content\/uploads\/2021\/03\/IMG-20200229-WA0020-1.jpg 1328w\" sizes=\"auto, (max-width: 1024px) 100vw, 1024px\" \/><\/figure>\n\n\n\n<figure class=\"wp-block-image size-large\"><img loading=\"lazy\" decoding=\"async\" width=\"1024\" height=\"576\" src=\"http:\/\/viktimologija.com.hr\/wp\/wp-content\/uploads\/2021\/03\/IMG-20200229-WA0023-1-1024x576.jpg\" alt=\"\" class=\"wp-image-4391\" srcset=\"https:\/\/viktimologija.com.hr\/wp\/wp-content\/uploads\/2021\/03\/IMG-20200229-WA0023-1-1024x576.jpg 1024w, https:\/\/viktimologija.com.hr\/wp\/wp-content\/uploads\/2021\/03\/IMG-20200229-WA0023-1-300x169.jpg 300w, https:\/\/viktimologija.com.hr\/wp\/wp-content\/uploads\/2021\/03\/IMG-20200229-WA0023-1-768x432.jpg 768w, https:\/\/viktimologija.com.hr\/wp\/wp-content\/uploads\/2021\/03\/IMG-20200229-WA0023-1-830x467.jpg 830w, https:\/\/viktimologija.com.hr\/wp\/wp-content\/uploads\/2021\/03\/IMG-20200229-WA0023-1-230x129.jpg 230w, https:\/\/viktimologija.com.hr\/wp\/wp-content\/uploads\/2021\/03\/IMG-20200229-WA0023-1-350x197.jpg 350w, https:\/\/viktimologija.com.hr\/wp\/wp-content\/uploads\/2021\/03\/IMG-20200229-WA0023-1-480x270.jpg 480w, https:\/\/viktimologija.com.hr\/wp\/wp-content\/uploads\/2021\/03\/IMG-20200229-WA0023-1.jpg 1328w\" sizes=\"auto, (max-width: 1024px) 100vw, 1024px\" \/><\/figure>\n\n\n\n<figure class=\"wp-block-image size-large\"><img loading=\"lazy\" decoding=\"async\" width=\"1024\" height=\"576\" src=\"http:\/\/viktimologija.com.hr\/wp\/wp-content\/uploads\/2021\/03\/IMG-20200229-WA0025-1-1024x576.jpg\" alt=\"\" class=\"wp-image-4392\" srcset=\"https:\/\/viktimologija.com.hr\/wp\/wp-content\/uploads\/2021\/03\/IMG-20200229-WA0025-1-1024x576.jpg 1024w, https:\/\/viktimologija.com.hr\/wp\/wp-content\/uploads\/2021\/03\/IMG-20200229-WA0025-1-300x169.jpg 300w, https:\/\/viktimologija.com.hr\/wp\/wp-content\/uploads\/2021\/03\/IMG-20200229-WA0025-1-768x432.jpg 768w, https:\/\/viktimologija.com.hr\/wp\/wp-content\/uploads\/2021\/03\/IMG-20200229-WA0025-1-830x467.jpg 830w, https:\/\/viktimologija.com.hr\/wp\/wp-content\/uploads\/2021\/03\/IMG-20200229-WA0025-1-230x129.jpg 230w, https:\/\/viktimologija.com.hr\/wp\/wp-content\/uploads\/2021\/03\/IMG-20200229-WA0025-1-350x197.jpg 350w, https:\/\/viktimologija.com.hr\/wp\/wp-content\/uploads\/2021\/03\/IMG-20200229-WA0025-1-480x270.jpg 480w, https:\/\/viktimologija.com.hr\/wp\/wp-content\/uploads\/2021\/03\/IMG-20200229-WA0025-1.jpg 1328w\" sizes=\"auto, (max-width: 1024px) 100vw, 1024px\" \/><figcaption>Tekst\/Foto\/Mladen Kosti\u0107\/Savezna Republika Njema\u010dka<\/figcaption><\/figure>\n\n\n\n<p><\/p>\n","protected":false},"excerpt":{"rendered":"<p>\u017darko Manjkas Crvenkapa, ro\u0111en je 10. kolovoza 1967. u Zagrebu, a poginuo je 10. 11. 1991. godine u 24-toj godini \u017eivota. Nije bio Vukovarac, \u017eivio je u zagreba\u010dkoj Dubravi. Na po\u010detku rata kao dragovoljac pristupio je HOS-u. Spreman pomo\u0107i gdje je najte\u017ee, zajedno s jo\u0161 57 suboraca iz HOS-a odlazi braniti Vukovar. Ti su HOS-ovci [&hellip;]<\/p>\n","protected":false},"author":1,"featured_media":0,"comment_status":"open","ping_status":"open","sticky":false,"template":"","format":"standard","meta":{"footnotes":""},"categories":[1],"tags":[],"class_list":["post-4351","post","type-post","status-publish","format-standard","hentry","category-novosti"],"_links":{"self":[{"href":"https:\/\/viktimologija.com.hr\/wp\/wp-json\/wp\/v2\/posts\/4351","targetHints":{"allow":["GET"]}}],"collection":[{"href":"https:\/\/viktimologija.com.hr\/wp\/wp-json\/wp\/v2\/posts"}],"about":[{"href":"https:\/\/viktimologija.com.hr\/wp\/wp-json\/wp\/v2\/types\/post"}],"author":[{"embeddable":true,"href":"https:\/\/viktimologija.com.hr\/wp\/wp-json\/wp\/v2\/users\/1"}],"replies":[{"embeddable":true,"href":"https:\/\/viktimologija.com.hr\/wp\/wp-json\/wp\/v2\/comments?post=4351"}],"version-history":[{"count":25,"href":"https:\/\/viktimologija.com.hr\/wp\/wp-json\/wp\/v2\/posts\/4351\/revisions"}],"predecessor-version":[{"id":4423,"href":"https:\/\/viktimologija.com.hr\/wp\/wp-json\/wp\/v2\/posts\/4351\/revisions\/4423"}],"wp:attachment":[{"href":"https:\/\/viktimologija.com.hr\/wp\/wp-json\/wp\/v2\/media?parent=4351"}],"wp:term":[{"taxonomy":"category","embeddable":true,"href":"https:\/\/viktimologija.com.hr\/wp\/wp-json\/wp\/v2\/categories?post=4351"},{"taxonomy":"post_tag","embeddable":true,"href":"https:\/\/viktimologija.com.hr\/wp\/wp-json\/wp\/v2\/tags?post=4351"}],"curies":[{"name":"wp","href":"https:\/\/api.w.org\/{rel}","templated":true}]}}