{"id":4438,"date":"2021-03-08T17:15:55","date_gmt":"2021-03-08T16:15:55","guid":{"rendered":"http:\/\/viktimologija.com.hr\/wp\/?p=4438"},"modified":"2023-01-06T16:23:08","modified_gmt":"2023-01-06T15:23:08","slug":"4438","status":"publish","type":"post","link":"https:\/\/viktimologija.com.hr\/wp\/4438\/","title":{"rendered":"Zbornik radova Prvog hrvatskog \u017ertvoslovnog kongresa &#8211; HRVATSKI \u017dRTVOSLOV 1998."},"content":{"rendered":"\r\n<h3>HRVATSKI \u017dRTVOSLOVNI KONGRESI (1998. &#8211; 2019.)<\/h3>\r\n\r\n\r\n\r\n<p style=\"font-size: 30px;\"><strong>30-ta OBLJETNICA VIKTIMOLOGIJE U REPUBLICI HRVATSKOJ 1991.-2021.<\/strong><\/p>\r\n\r\n\r\n\r\n<p>Prvi hrvatski \u017ertvoslovni kongres imao je svrhu znanstvenom analizom pokazati svu te\u017einu stradanja hrvatskog naroda u Domovinskom ratu (1991.-1995.), o ubijenima, mu\u010denima, prognanima, nestalima, o razorenim kulturnim i crkvenim spomenicima, o uni\u0161tenim cijelim naseljima, o\u0161te\u0107enom i uni\u0161tenom okoli\u0161u, o nanesenoj velikoj ratnoj \u0161teti.<\/p>\r\n\r\n\r\n\r\n<p>Kongres je odr\u017ean pod visokim pokroviteljstvom predsjednika Republike Hrvatske dr. Franjom Tu\u0111manom.<\/p>\r\n\r\n\r\n\r\n<p class=\"has-text-align-right\"><em>dr. Zvonimir \u0160eparovi\u0107<\/em><\/p>\r\n\r\n\r\n\r\n<p class=\"has-text-align-right\">predsjednik Prvog hrvatskog \u017ertvoslovnog kongresa<\/p>\r\n\r\n\r\n\r\n<p style=\"font-size: 30px; text-align: center;\"><strong>PRVI HRVATSKI \u017dRTVOSLOVNI KONGRES<\/strong><\/p>\r\n\r\n\r\n\r\n<figure class=\"wp-block-image size-large is-resized is-style-default\"><img loading=\"lazy\" decoding=\"async\" class=\"wp-image-4657 aligncenter\" src=\"http:\/\/viktimologija.com.hr\/wp\/wp-content\/uploads\/2021\/03\/Prvi-kongres-ZPS-i-majka-Kata-Soljic-1024x651.jpg\" alt=\"\" width=\"768\" height=\"488\" srcset=\"https:\/\/viktimologija.com.hr\/wp\/wp-content\/uploads\/2021\/03\/Prvi-kongres-ZPS-i-majka-Kata-Soljic-1024x651.jpg 1024w, https:\/\/viktimologija.com.hr\/wp\/wp-content\/uploads\/2021\/03\/Prvi-kongres-ZPS-i-majka-Kata-Soljic-300x191.jpg 300w, https:\/\/viktimologija.com.hr\/wp\/wp-content\/uploads\/2021\/03\/Prvi-kongres-ZPS-i-majka-Kata-Soljic-768x488.jpg 768w, https:\/\/viktimologija.com.hr\/wp\/wp-content\/uploads\/2021\/03\/Prvi-kongres-ZPS-i-majka-Kata-Soljic-1536x976.jpg 1536w, https:\/\/viktimologija.com.hr\/wp\/wp-content\/uploads\/2021\/03\/Prvi-kongres-ZPS-i-majka-Kata-Soljic-830x528.jpg 830w, https:\/\/viktimologija.com.hr\/wp\/wp-content\/uploads\/2021\/03\/Prvi-kongres-ZPS-i-majka-Kata-Soljic-230x146.jpg 230w, https:\/\/viktimologija.com.hr\/wp\/wp-content\/uploads\/2021\/03\/Prvi-kongres-ZPS-i-majka-Kata-Soljic-350x222.jpg 350w, https:\/\/viktimologija.com.hr\/wp\/wp-content\/uploads\/2021\/03\/Prvi-kongres-ZPS-i-majka-Kata-Soljic-480x305.jpg 480w, https:\/\/viktimologija.com.hr\/wp\/wp-content\/uploads\/2021\/03\/Prvi-kongres-ZPS-i-majka-Kata-Soljic.jpg 1693w\" sizes=\"auto, (max-width: 768px) 100vw, 768px\" \/><\/figure>\r\n\r\n\r\n\r\n<p class=\"has-medium-font-size\" style=\"text-align: center;\"><em>Zagreb &#8211; Vukovar 19. do 21. lipnja 1998.\u00a0 &#8211; Zagreb, 1998.<\/em><\/p>\r\n\r\n\r\n\r\n<figure class=\"wp-block-image size-large is-resized\"><img loading=\"lazy\" decoding=\"async\" class=\"wp-image-4440 alignleft\" src=\"http:\/\/viktimologija.com.hr\/wp\/wp-content\/uploads\/2021\/03\/Hrvatski-zrtvoslov-prva-knjiga-1998-1.jpg\" alt=\"\" width=\"356\" height=\"512\" srcset=\"https:\/\/viktimologija.com.hr\/wp\/wp-content\/uploads\/2021\/03\/Hrvatski-zrtvoslov-prva-knjiga-1998-1.jpg 712w, https:\/\/viktimologija.com.hr\/wp\/wp-content\/uploads\/2021\/03\/Hrvatski-zrtvoslov-prva-knjiga-1998-1-209x300.jpg 209w, https:\/\/viktimologija.com.hr\/wp\/wp-content\/uploads\/2021\/03\/Hrvatski-zrtvoslov-prva-knjiga-1998-1-230x331.jpg 230w, https:\/\/viktimologija.com.hr\/wp\/wp-content\/uploads\/2021\/03\/Hrvatski-zrtvoslov-prva-knjiga-1998-1-350x503.jpg 350w, https:\/\/viktimologija.com.hr\/wp\/wp-content\/uploads\/2021\/03\/Hrvatski-zrtvoslov-prva-knjiga-1998-1-480x690.jpg 480w\" sizes=\"auto, (max-width: 356px) 100vw, 356px\" \/>\r\n<figcaption><em><br \/>Zbornik radova Prvog hrvatskog \u017ertvoslovnog kongresa &#8211; Knjiga 1. &#8211; 742 str., Zagreb 1998. godina<\/em><\/figcaption>\r\n<\/figure>\r\n\r\n\r\n\r\n<h3><strong>KNJIGA PRVA<\/strong><\/h3>\r\n\r\n\r\n\r\n<p class=\"has-text-align-left\"><em>U spomen svim \u017ertvama za slobodnu<\/em> <em>nezavisnu dr\u017eavu Hrvatsku<\/em><\/p>\r\n\r\n\r\n\r\n<p><em>HRVATSKI \u017dRTVOSLOV: (predgovor urednika \u2013 Zvonimir \u0160eparovi\u0107)<\/em><\/p>\r\n\r\n\r\n\r\n<p><strong><em>I. \u017dRTVE STRADANJA U RATU<\/em><\/strong><\/p>\r\n\r\n\r\n\r\n<p><em>ZVONIMIR \u0160EPAROVI\u0106 &#8211; Ratne \u017ertve<br \/>TOMISLAV IVAN\u010cI\u0106 \u2013 Stradanja prema istra\u017eivanjima hagioterapije<br \/>VLADIMIR \u017dERJAVI\u0106 \u2013 Demografski gubici i ratne \u017ertve hrvatskog naroda<br \/>MIRJANA KUJUND\u017dI\u0106, IVICA KOSTOVI\u0106, NEVEN HENIGSBERG, MILO\u0160 JUDA\u0160 \u2013 Zlo\u010dini nad civilnim<\/em><\/p>\r\n\r\n\r\n\r\n<p><em>pu\u010danstvom tijekom agresije na Hrvatsku 1991\/92<br \/>MARIJA DEFINIS-GOJANOVI\u0106, MATIJANA JOVANOVI\u0106 \u2013 Identifikacija \u017ertava iz masovnih grobnica<\/em><\/p>\r\n\r\n\r\n\r\n<p><em>u ratnom i poratnom razdoblju<br \/>MARIJA DEFINIS-GOJANOVI\u0106, VESNA \u010cAPKUN, ANKICA SMOLJANOVI\u0106, \u017dIVANA MARU\u0160I\u0106 \u2013<\/em><\/p>\r\n\r\n\r\n\r\n<p><em>Samoubojstva na podru\u010dju Splitsko-dalmatinske \u017eupanije u razdoblju od 1988. do 1996. godine<br \/>VLADO \u0160AKI\u0106 \u2013 Haag u odrazu N\u00fcrnberga<br \/>MARIO PE\u0160I\u0106 \u2013 Teror nad civilima Zadarsko-biogradskog podru\u010dja<br \/>MIRNA PAVELKO \u2013 Hrvatski \u017ertvoslov \u2013 Hrvatska Kostajnica i Zrin, ratna zbivanja 1991.<br \/>\u017dELJKO PULEZ \u2013 Ratna stradanja na podru\u010dju Karlova\u010dke \u017eupanije<br \/>ZVONKO FARGO \u2013 Gare\u0161ni\u010dke \u017ertve<br \/>STIPAN MATO\u0160, IVAN CICVARI\u0106, MARINKO \u010cAVKA \u2013 Kijevski \u017ertvoslov<br \/>IVAN DEBELJAK \u2013 Novaljski \u017ertvoslov<br \/>MORANA CIRAKI, SR\u0110AN JURI\u0106 \u2013 Stradanja u logorima Manja\u010de i Gline nakon pada<\/em><\/p>\r\n\r\n\r\n\r\n<p><em>Hrvatske Kostajnice u jesen 1991. godine<br \/><br \/><strong>II. POVIJESNE TEME\u00a0<\/strong><\/em><\/p>\r\n\r\n\r\n\r\n<p><em>IVO RENDI\u0106 MIO\u010cEVI\u0106 \u2013 Stoljetna stradanja Hrvata<br \/>KATA PEREKOVI\u0106 \u2013 \u017dene \u017ertve progona \u2013robija\u0161ice<br \/>TOMISLAV \u0106ORI\u0106 &#8211; Hrvatska \u017eena kao \u017ertva u povijesti<br \/>fra PETAR BEZINA \u2013 \u017drtve Drugog svjetskog rata kao uzrok, sredstvo i svrha genocida nad Hrvatima\u00a0<br \/>SRE\u0106KO BO\u017dI\u010cEVI\u0106 \u2013 Jame u Kr\u0161u \u2013 nepoznate grobnice iz rata i pora\u0107a<br \/>JOSIP JUR\u010cEVI\u0106 \u2013 Od jasenova\u010dkog mita do oru\u017eane agresije<br \/>DARKO SAGRAK \u2013 Ubijanje zarobljenika i ranjenih u Kra\u0161i\u0107u na Novu godinu 1943. flagrantna<\/em><\/p>\r\n\r\n\r\n\r\n<p><em>povreda me\u0111unarodnih pravnih propisa<br \/>LJUBICA \u0160TEFAN \u2013 Poslijeratni Titov logor Jasenovac 1945.1947\/48\u00a0<\/em><\/p>\r\n\r\n\r\n\r\n<p><strong><em>III. DUHOVNI I KULTURNI OBZORI<\/em><\/strong><\/p>\r\n\r\n\r\n\r\n<p><em>fra FRANJO VIDOVI\u0106 \u2013 Patnja kao conditio humanafra<br \/>BO\u017dO VULETA \u2013 Nali\u010dje govora o pra\u0161tanju<\/em><\/p>\r\n\r\n\r\n\r\n<p><em>don STIPO \u0160O\u0160I\u0106 \u2013 Uzdr\u017eljivost \u010dovjeka u isku\u0161enju zla<br \/>ZVONIMIR ZORI\u0106 ZORKO \u2013 Sluga Bo\u017eji hrvatski kardinal Alojzije Stepinac \u2013\u017ertva<br \/>komunisti\u010dkog bezumlja<br \/>VLADIMIR HORVAT \u2013 Kardinal Stepinac spa\u0161avao \u017didove: A za\u0161to novi bla\u017eenik nije \u00abpravednik\u00bb<br \/>fra JULIJAN RAMLJAK \u2013 Urota ne\u010dastivog<br \/>ANTO MATKOVI\u0106 \u2013 Ljudske spoznajne razine (praporivi homocida i sindrom Kaina i Abela)DUBRAVKO HORVATI\u0106 \u2013 Rat u hrvatskoj knji\u017eevnosti i hrvatska knji\u017eevnost u ratu<br \/>MAJA POVRZANOVI\u0106 \u2013 Etnolo\u0161ki pristup ratnim stradanjima: otpori i prilagodbe \u00abzaboravljene ve\u0107ine\u00bb<br \/>HRVOJE VRGO\u0106 \u2013 Odgoj i obrazovanje za mir, toleranciju, po\u0161tovanjem ljudskih prava i demokraciju<\/em><\/p>\r\n\r\n\r\n\r\n<p><strong><em>IV. STRADANJE SAKRALNIH I KULTURNIH SPOMENIKA\u00a0<\/em><\/strong><\/p>\r\n\r\n\r\n\r\n<p><em>fra ILIJA \u017dIVKOVI\u0106 \u2013 Materijalna stradanja Crkve u Hrvata tijekom Domovinskog rata (1991. \u2013 1995.)\u00a0<br \/>Mons. ANTUN JARM \u2013 Razoreni i o\u0161te\u0107eni crkveni objekti na podru\u010dju \u0110akova\u010dke i Srijemske biskupije 1991. \u2013 1997.<br \/>fra \u017dARKO MARETI\u0106 \u2013 Uni\u0161tena duhovna ba\u0161tina<br \/>IVANA ZOVKO \u2013 Mostar: razaranje katoli\u010dkih sakralnih objekata i ostalih spomenika kulture<br \/>IGOR FISKOVI\u0106 \u2013 Stradanja kulturnih i sakralnih spomenika Dubrova\u010dkog okru\u017eja (1991. \u2013 1993.)\u00a0<br \/>KORNELIJE PU\u0160I\u0106 \u2013 Ratna \u0161teta na nepokretnim spomenicima kulture u Sisa\u010dko-moslava\u010dkoj \u017eupaniji 1991. \u2013 1996.<br \/>KORNELIJE PU\u0160I\u0106 \u2013 Stradanje zbirke Bauer iz Vukovara<br \/>ANA SELJAN \u2013 Stradanje knji\u017enica u Domovinskom ratu<br \/>TOMISLAV BURI\u0106 \u2013 Razaranje sakralnih objekata u djelu \u0160ibenske biskupije na lijevoj obali Krke<br \/>IRIS JUZBA\u0160I\u0106 &#8211; Razaranje sakralne ba\u0161tine \u2013 mu\u010deni\u010dko razdoblje suvremene povijesti Hrvatskog naroda<br \/>MILJENKO PAND\u017dI\u0106 \u2013 \u010cuvanje i za\u0161tita arhivskog gradiva tijekom oru\u017eanih sukoba ili rata<br \/>TATJANA MU\u0160NJAK \u2013 Ratne \u0161tete na arhivskome gradivu tijekom Domovinskog rata<\/em><\/p>\r\n\r\n\r\n\r\n<p><strong><em>V. PRAVNI OBZOR<\/em><\/strong><\/p>\r\n\r\n\r\n\r\n<p><em>IVO JOSIPOVI\u0106, ORSAT MILJENI\u0106 \u2013 Za\u0161tita svjedoka i \u017ertava pred Me\u0111unarodnim kaznenim sudom<br \/><\/em><em>\u017d<\/em><em>ELJKO OLUJI\u0106 \u2013 \u017ertve totalitarnog su\u0111enja\u00a0<\/em><\/p>\r\n\r\n\r\n\r\n<p><strong><em>VI. POMO\u0106 \u017dRTVI\u00a0<\/em><\/strong><\/p>\r\n\r\n\r\n\r\n<p><em>JELENA BRAJ\u0160A \u2013 Djelotvorna ljubav Caritasa i Crkve prema \u017ertvama rata od 1991. do danas<br \/>JOSIP CRNKOVI\u0106 \u2013 Caritas Zagreba\u010dke nadbiskupije<br \/>PETER QUENDLER \u2013 Pomaganje, doprinos miru<br \/>BRANKO OMAZI\u0106 \u2013 Profesionalna rehabilitacija i zapo\u0161ljavanje stradalnika Domovinskog rata koji su postali slijepi ili slabovidni<br \/>AN\u0110ELKA BUNI\u0106 \u2013 Rehabilitacija invalidne djece i mlade\u017ei, \u017ertva Domovinskog rata<br \/>OLJA DRU\u017dI\u0106, MARIJANA KLETE\u010cKI \u2013 Iskustva pru\u017eanja podr\u0161ke i pomo\u0107i u procesu povratka i socijalne rekonstrukcije zajednice \u2013 Hrvatska Kostajnica<br \/>IVANA RADA\u010cI\u0106 \u2013 Psihi\u010dke posljedice rata u Hrvatskoj \u2013 postraumatski stresni poreme\u0107aj<br \/>KRISTINA URBANC &#8211; Iskustvenim u\u010denjem do promjene stavova prema osobama s invalidno\u0161\u0107u<\/em><\/p>\r\n\r\n\r\n\r\n<p><em>\u00a0\u2013 program suradnje studenata socijalnog rada i zagreba\u010dkih udruga osoba s invalidno\u0161\u0107u<br \/>VESNA FRANJI\u0106 \u2013 Prihva\u0107anje sljepo\u0107e<br \/>VILMA BILOPAVLOVI\u0106 \u2013 Slijepi gledaju srcem<br \/>ROLANDO BUTKOVI\u0106 \u2013 Slijepi gledaju srcem<br \/>LJUBOMIR RADOVAN\u010cEVI\u0106 \u2013 Ratne \u017ertve sa psihijatrijskog motri\u0161ta<br \/>NENAD JAKU\u0160I\u0106 \u2013 Priop\u0107enje o radu hrabrog telefona<\/em><\/p>\r\n\r\n\r\n\r\n<p><em>NENAD JAKU\u0160I\u0106 \u2013 Hrvatska udruga za za\u0161titu djece od zlostavljanja i zanemarivanja<br \/>NATALIJA POLE\u0160\u0106AK \u2013 \u00ab\u017denska linija\u00bb<\/em><\/p>\r\n\r\n\r\n\r\n<p><strong><em>VII. PROGNANI\u00a0<\/em><\/strong><\/p>\r\n\r\n\r\n\r\n<p><em>KRISTINA GRABI\u0106 \u2013 Problemi prognanika\/povratnika na podru\u010dju Vukovarsko-srijemske \u017eupanije<br \/>DRA\u017dEN \u017dIVI\u0106 \u2013 Narodnosna i konfesionalna struktura prognanika Hrvatske kao pokazatelj etni\u010dkog \u010di\u0161\u0107enja<br \/>BOGDAN MESINGER \u2013 Pravo na kulturu<br \/>MARIJANA MILOVAC \u2013 Problemi povratnika na podru\u010dje Zadarske \u017eupanije\u00a0<br \/><br \/><strong>VIII. RATNE \u0160TETE I \u0160TETE NA OKOLI\u0160U\u00a0<\/strong><\/em><\/p>\r\n\r\n\r\n\r\n<p><em>MATE PAVKOVI\u0106 \u2013 Hrvatske ratne \u0161tete<br \/>PAULA DURBE\u0160I\u0106 \u2013 Ratom razorena prirodna ba\u0161tina i okoli\u0161 Hrvatske<br \/>FRANJO PLAV\u0160I\u0106 \u2013 Ciljano ratno one\u010di\u0161\u0107enje okoli\u0161a<br \/>JOSIP RUPB\u010cI\u0106 \u2013 Brana Peru\u010da<br \/>MIROSLAV BENKO, MARIJAN \u0160AGOVAC \u2013 \u0160uma kao \u017ertva<br \/>MLADEN KUKA \u2013 Stradanje \u017eivotinja nakon vojno-redarstvene akcije \u00abOluja\u00bb\u00a0<\/em><\/p>\r\n\r\n\r\n\r\n<p><em>IX. STRADANJE HRVATA U BOSNI I HERCEGOVINI\u00a0<\/em><\/p>\r\n\r\n\r\n\r\n<p><em>MARINKO \u0160KOBI\u0106 \u2013 Stradanje hrvatskog naroda u BiH u posljednjem ratu<br \/>ZDRAVKO MILO\u0160EVI\u0106 \u2013 Sudbina politi\u010dkih zatvorenika u BiH<br \/>MARKO BABI\u0106 \u2013 Bosanska Posavina kao \u017ertva srpske okupacije i me\u0111unarodne diplomacije<br \/>1992.-1995.<br \/>STJEPAN MIKI\u0106 \u2013 Okupacija Bosanske Posavine<br \/>MATE GOGI\u0106 \u2013 \u017drtve i stradanja posavskih Hrvata plehanskog kraja izme<\/em><em>\u0111<\/em><em>u 1918. i 1998. godine<br \/>PETAR LOVRI\u0106 \u2013 \u010cetni\u010dki pokolj u Rami u listopadu 1942.<br \/>ANTE SMOLJO, ILIJA MIHALJEVI\u0106, ZORAN BAGARI\u0106 &#8211; Kupre\u0161ki \u017ertvoslov<br \/>JOSIP JOZO SUTON \u2013 Posu\u0161ki \u017ertvoslov (1918. \u2013 1997.)<br \/>GOJKO ZOVKO \u2013 \u0160irokobrije\u0161ke \u017ertve rata<\/em><\/p>\r\n\r\n\r\n\r\n<p><strong><em>X. OSTALE TEME\u00a0<\/em><\/strong><\/p>\r\n\r\n\r\n\r\n<p><em>FRANJO PLAV\u0160I\u0106, ANA WOLF-\u010cOPORDA \u2013 Veliki eksperimenti induciranja i \u0161irenja masovne histerije na Kosovu 1990. i u Hrvatskoj 1991.<br \/>SNJE\u017dANA VASILJEVI\u0106 \u2013 Stradanje djece u Domovinskom ratu<br \/>MIRELA ALERI\u0106 \u2013 Masovna silovanja kao ratni zlo\u010din<br \/>DENIS BAJS, MOJMIR OSTERMANN \u2013 \u017drtve masovnog silovanja<br \/>NATA\u0160A BEGI\u0106, MARIJA \u010cI<\/em><em>\u010c<\/em><em>EK, MLADENKO \u0160UMI\u0106 \u2013 Transgeneracijski prijenos emocija<br \/>NENAD JAKU\u0160I\u0106 \u2013 Oblici zlostavljanja i zanemarivanja djece u Hrvatskoj\u00a0<\/em><\/p>\r\n\r\n\r\n\r\n<p><strong><em>ZA KRAJ<\/em><\/strong><\/p>\r\n\r\n\r\n\r\n<p><em>KRISTINA PETROVI\u0106 \u2013 Maj\u010dina pri\u010da<\/em><\/p>\r\n\r\n\r\n\r\n<p><em>PODUPIRATELJI \u2013 SPONZOR I BILJE\u0160KA O UREDNIKU<\/em><\/p>\r\n\r\n\r\n\r\n<p><em>&#8230;&#8230;&#8230;&#8230;&#8230;&#8230;&#8230;&#8230;&#8230;&#8230;&#8230;&#8230;&#8230;&#8230;&#8230;&#8230;&#8230;&#8230;&#8230;&#8230;&#8230;&#8230;&#8230;&#8230;&#8230;&#8230;&#8230;&#8230;&#8230;&#8230;&#8230;&#8230;&#8230;&#8230;&#8230;&#8230;&#8230;&#8230;&#8230;&#8230;<\/em><\/p>\r\n\r\n\r\n\r\n<p><em>Zbornik radova Prvog hrvatskog \u017ertvoslovnog kongresa &#8211; <strong>Knjiga 2.<\/strong> &#8211; 339 str.,<\/em><\/p>\r\n\r\n\r\n\r\n<p><strong>ZBORNIK RADOVA PRVOG HRVATSKOG \u017dRTVOSLOVNOG KONGRESA<br \/><\/strong><\/p>\r\n\r\n\r\n\r\n<figure class=\"wp-block-image size-large is-resized\"><img loading=\"lazy\" decoding=\"async\" class=\"wp-image-4431 alignleft\" src=\"http:\/\/viktimologija.com.hr\/wp\/wp-content\/uploads\/2021\/03\/Zbornik-drugi-a.jpg\" alt=\"\" width=\"340\" height=\"512\" srcset=\"https:\/\/viktimologija.com.hr\/wp\/wp-content\/uploads\/2021\/03\/Zbornik-drugi-a.jpg 680w, https:\/\/viktimologija.com.hr\/wp\/wp-content\/uploads\/2021\/03\/Zbornik-drugi-a-199x300.jpg 199w, https:\/\/viktimologija.com.hr\/wp\/wp-content\/uploads\/2021\/03\/Zbornik-drugi-a-230x346.jpg 230w, https:\/\/viktimologija.com.hr\/wp\/wp-content\/uploads\/2021\/03\/Zbornik-drugi-a-350x527.jpg 350w, https:\/\/viktimologija.com.hr\/wp\/wp-content\/uploads\/2021\/03\/Zbornik-drugi-a-480x723.jpg 480w\" sizes=\"auto, (max-width: 340px) 100vw, 340px\" \/><\/figure>\r\n\r\n\r\n\r\n<p><em>Zagreb 19. do 21. lipnja 1998. Zagreb, 2000. <\/em><\/p>\r\n<h3><em><strong>KNJIGA DRUGA<\/strong><\/em><\/h3>\r\n\r\n\r\n\r\n<p><em>PROSLOV \u2013 Z. \u0160eparovi\u0107<\/em><\/p>\r\n\r\n\r\n\r\n<p><em>\u010cl<\/em><em>anci Kongresa\u00a0<\/em><\/p>\r\n\r\n\r\n\r\n<p><strong><em>UVODNE RIJE\u010cI I POZDRAVI NA OTVARANJU KONGRESA<\/em><\/strong><\/p>\r\n\r\n\r\n\r\n<p><em>Dr. FRANJO TU\u0110MAN \u2013 PORUKA VISOKOG POKROVITELJA<br \/>Dr. ZVONIMIR \u0160EPAROVI\u0106 &#8211; \u017drtve su u temeljima na\u0161e Hrvatske<br \/>KATA \u0160OLJI\u0106 \u2013 Ubi\u0161e mi \u010detiri brata i \u010detiri sina<br \/>GERD FERDINAND KIRCHHOFF \u2013 Povjerenje i pomirenje<br \/>CHERIF BASSIOUNI \u2013 Nema mira bez pravde<br \/>FELIX UNGER \u2013 Tolerancija i motivacija<br \/>ANA SU\u010cEVI\u0106, JOSIP JUGEC \u2013 Vukovarske majke ne zaboravljaju niti opra\u0161taju\u00a0<br \/><br \/><strong>I. DIO: \u017dRTVE DOMOVINSKOG RATA\u00a0<\/strong><\/em><\/p>\r\n\r\n\r\n\r\n<p><em>IVAN GRUJI\u0106 \u2013 Zato\u010deni, nestali, nasilno odvedeni \u2013 masovne grobnice \u017ertava agresije<br \/>DUBRAVKA HORVAT \u2013 Rad, djelovanje i iskustva slu\u017ebe tra\u017eenja Hrvatskog Crvenog kri\u017ea u Domovinskom ratu<br \/>DOMAGOJ ANTE PETRI\u0106 \u2013 Prognanici i izbjeglice kao \u017ertve nasilja<br \/>MILAN MESI\u0106 \u2013 Ljudi sa sje\u0107anjima i o\u010dekivanjima \u2013 Hrvatski povratnici<br \/>ERNEST FI\u0160ER \u2013 Skrb za \u017ertve Domovinskog rata (na primjeru vara\u017edinskog Bedema ljubavi)\u00a0<br \/>BO\u017dIDAR JAVOROVI\u0106 \u2013 \u017drtva kao cilj rata<br \/>MARKO ROMI\u0106 \u2013 Djeca \u2013 \u017ertve rata<br \/>Don ANTO BAKOVI\u0106 \u2013 Den Haag i savjest dana\u0161nje Hrvatske<br \/>ANA TOMLJENOVI\u0106 \u2013 Stradanje li\u010dkih Hrvata u Domovinskom ratu 1991. \u2013 1995. kao nastavak stradanja u ratu 1942. \u2013 1945. godine<br \/>TOMISLAV MI\u0160IR \u2013 Geneza i dimenzija zlo\u010dina<br \/>JURICA MESAREK \u2013 Sva je Hrvatska stradala (uvodne napomene uz raspravu o stradanjima po \u017eupanijama \u2013 \u00ab\u017dupanijski \u017ertvoslovi\u00bb<br \/>IVO KUJUND\u017dI\u0106 \u2013 Dvorovi kod Bijeljine \u2013 demonstracija primitivne i iracionalne mr\u017enje<br \/>IVO KUJUND\u017dI\u0106 \u2013 Selo Kri\u017e \u2013 gori<br \/>NIKOLA NJEGOVA, ANTE CRNJAK, MILE GRABAC I STJEPAN NAGLI\u0106 \u2013 \u010canak \u2013 mjesto \u010detni\u010dkih zlo\u010dina<br \/>SANJA \u017dITNJAK \u2013 Vukovarska bolnica<br \/>VANJA-IVAN SAVI\u0106 \u2013 Uloga odvjetni\u0161tva u Domovinskom ratu<br \/>IVAN BAJSI\u0106 \u2013 Utjecaj rata na okoli\u0161 u Hrvatskoj<br \/>PO\u0160TENJAK, K., GRADE\u010cKI, M. \u2013 Uloga i zna\u010daj sjemenskih sastojina u obnovi u ratom opusto\u0161enih \u0161uma<br \/>JOSIP FILIPOVI\u0106 GR\u010cI\u0106 \u2013 Civilne i druge \u017ertve u \u017eupaniji Splitsko-dalmatinskoj (1941. \u2013 1945.)<br \/>KORNELIJA PEJ\u010cINOVI\u0106 \u2013 Haa\u0161ki sud \u2013 \u010cedo novog svjetskog poretka<\/em><\/p>\r\n\r\n\r\n\r\n<p><strong><em>II. DIO: POVIJESNE TEME<\/em><\/strong><\/p>\r\n\r\n\r\n\r\n<p><em>Stradanja Hrvata u monarhisti<\/em><em>\u010d<\/em><em>koj i komunisti<\/em><em>\u010d<\/em><em>koj Jugoslaviji\u00a0<\/em><\/p>\r\n\r\n\r\n\r\n<p><em>JURAJ KOLARI\u0106 \u2013 Teolo\u0161ke i ikonografske odrednice kri\u017ea i Kri\u017enog puta<br \/>FRANKO MIRO\u0160EVI\u0106 \u2013 Stradanja Hrvata u monarhisti\u010dkoj Jugoslaviji<br \/>KSENIJA I SLOBODAN ANDREIS &#8211; Nikola Miro\u0161evi\u0107 \u0160eve \u2013 \u017drtva komunisti\u010dkog terora (Zapisano da se ne zaboravi)<br \/>NIKOLA \u0160TEDUL \u2013 \u017drtve OZN-e i UDB-e u inozemstvu<br \/>SRE\u0106KO BO\u017dI\u010cEVI\u0106, TON\u010cI RA\u0110A \u2013 Rije\u0161ena tajna jame Jazovke<br \/>AN\u0110ELKO MIJATOVI\u0106 \u2013 Jedno suvremeno i potresno svjedo\u010danstvo o stradanju Hrvata godine 1945.<br \/>IVAN JURI\u0106 \u2013 Borbe i stradanja Hrvata Kotora Metkovi\u0107a 1918. \u2013 1945.<br \/>JURAJ KOLARI\u0106 \u2013 Pregled osu\u0111enih sve\u0107enika i crkvenih djelatnika heterodoksnih<\/em><\/p>\r\n\r\n\r\n\r\n<p><em>kr\u0161\u0107anskih zajednica na podru\u010dju Narodne Republike Hrvatske od 1944. \u2013 do 1951.<br \/>fra ANDRIJA NIKI\u0106 \u2013 Podatci o stradanjima katolika u Hercegovini izme\u0111u 1941. \u2013 1945.<br \/>fra HRVATIN GABRIJEL JURI\u0160I\u0106 \u2013 Dva dopisa uredni\u0161tva zbornika \u00abKa\u010di<\/em><em>\u0107<\/em><em>\u00bb o ubijenim fratrima<br \/>JOSIP JOZO SUTON \u2013 Manda Dev\u010di\u0107 \u2013 Vila Velebita<br \/>ZORKA ZANE \u2013 400.000 godina robije \u2013 (osvrt na \u017ertve koje su robijale za Hrvatsku)\u00a0<\/em><\/p>\r\n\r\n\r\n\r\n<p><strong><em>III. DIO: OSTALE TEME<\/em><\/strong><\/p>\r\n\r\n\r\n\r\n<p><em>ANTE VUKASOVI\u0106 \u2013 Nero\u0111ena djeca \u2013 \u017ertve, a imaju pravo na \u017eivot<br \/>RU\u017dICA \u0106AVAR \u2013 Pravo na \u017eivot od za\u010de\u0107a<br \/>Don ANTO BAKOVI\u0106 \u2013 Zlo\u010din poba\u010daja je najte\u017ei od svih zlo\u010dina protiv \u010dovjeka<br \/><\/em><em>\u017d<\/em><em>ELJKO SA\u010cI<\/em><em>\u0106<\/em><em> \u2013 \u017drtve narkomanske ovisnosti (policijske analize)<br \/>MARINA KUZMAN, VLADIMIR MAYER, SLAVKO SAKOMAN \u2013 Utjecaj obiteljskog okru\u017eenja na stjecanje navika o ovisnosti u mladih<br \/>MIRA TECILAZI\u0106-BA\u0160I\u0106 \u2013 Dijete: \u017ertva nasilja ili delikvent<br \/><\/em><em>\u0110<\/em><em>INO VARGA, LJUBOMIR RADOVAN\u010cEVI\u0106 \u2013 Djeca kao \u017ertve rata<\/em><\/p>\r\n\r\n\r\n\r\n<p><strong><em>IV. ZAKLJU\u010cCI KONGRESA I DEKLARACIJE<\/em><\/strong><\/p>\r\n\r\n\r\n\r\n<p><em>Zaklju\u010dci Prvog hrvatskog \u017ertvoslovnog kongresa (Zagreb, 19. do 21. lipnja 1998.)<br \/><br \/>Prosvjed Hrvatskog \u017drtvoslovnog dru\u0161tva protiv grubih kr\u0161enja ljudskih prava Hrvata pred Ha\u0161kim sudom<br \/><br \/>Deklaracija Prvog Hrvatskog \u017ertvoslovnog kongresa o poba\u010daju<br \/><br \/>Tijek rada Prvog hrvatskog \u017ertvoslovnog kongresa<br \/><br \/>Umjetni\u010dki program sve\u010danog otvaranja<br \/><br \/>Zahvale<\/em><\/p>\r\n","protected":false},"excerpt":{"rendered":"<p>HRVATSKI \u017dRTVOSLOVNI KONGRESI (1998. &#8211; 2019.) 30-ta OBLJETNICA VIKTIMOLOGIJE U REPUBLICI HRVATSKOJ 1991.-2021. Prvi hrvatski \u017ertvoslovni kongres imao je svrhu znanstvenom analizom pokazati svu te\u017einu stradanja hrvatskog naroda u Domovinskom ratu (1991.-1995.), o ubijenima, mu\u010denima, prognanima, nestalima, o razorenim kulturnim i crkvenim spomenicima, o uni\u0161tenim cijelim naseljima, o\u0161te\u0107enom i uni\u0161tenom okoli\u0161u, o nanesenoj velikoj ratnoj [&hellip;]<\/p>\n","protected":false},"author":1,"featured_media":0,"comment_status":"open","ping_status":"open","sticky":false,"template":"","format":"standard","meta":{"footnotes":""},"categories":[17,1],"tags":[1381,1382,157],"class_list":["post-4438","post","type-post","status-publish","format-standard","hentry","category-kongresi","category-novosti","tag-hrvatski-zrtvoslov","tag-prvi-hrvatski-zrtvoslovni-kongres","tag-zvonimir-separovic"],"_links":{"self":[{"href":"https:\/\/viktimologija.com.hr\/wp\/wp-json\/wp\/v2\/posts\/4438","targetHints":{"allow":["GET"]}}],"collection":[{"href":"https:\/\/viktimologija.com.hr\/wp\/wp-json\/wp\/v2\/posts"}],"about":[{"href":"https:\/\/viktimologija.com.hr\/wp\/wp-json\/wp\/v2\/types\/post"}],"author":[{"embeddable":true,"href":"https:\/\/viktimologija.com.hr\/wp\/wp-json\/wp\/v2\/users\/1"}],"replies":[{"embeddable":true,"href":"https:\/\/viktimologija.com.hr\/wp\/wp-json\/wp\/v2\/comments?post=4438"}],"version-history":[{"count":26,"href":"https:\/\/viktimologija.com.hr\/wp\/wp-json\/wp\/v2\/posts\/4438\/revisions"}],"predecessor-version":[{"id":12074,"href":"https:\/\/viktimologija.com.hr\/wp\/wp-json\/wp\/v2\/posts\/4438\/revisions\/12074"}],"wp:attachment":[{"href":"https:\/\/viktimologija.com.hr\/wp\/wp-json\/wp\/v2\/media?parent=4438"}],"wp:term":[{"taxonomy":"category","embeddable":true,"href":"https:\/\/viktimologija.com.hr\/wp\/wp-json\/wp\/v2\/categories?post=4438"},{"taxonomy":"post_tag","embeddable":true,"href":"https:\/\/viktimologija.com.hr\/wp\/wp-json\/wp\/v2\/tags?post=4438"}],"curies":[{"name":"wp","href":"https:\/\/api.w.org\/{rel}","templated":true}]}}