{"id":4494,"date":"2021-03-09T11:39:19","date_gmt":"2021-03-09T10:39:19","guid":{"rendered":"http:\/\/viktimologija.com.hr\/wp\/?p=4494"},"modified":"2021-03-15T13:33:32","modified_gmt":"2021-03-15T12:33:32","slug":"zbornik-radova-sestog-hrvatskog-zrtvoslovnog-kongresa-zagreb-sisak-2013","status":"publish","type":"post","link":"https:\/\/viktimologija.com.hr\/wp\/zbornik-radova-sestog-hrvatskog-zrtvoslovnog-kongresa-zagreb-sisak-2013\/","title":{"rendered":"Zbornik radova \u0160estog hrvatskog \u017ertvoslovnog kongresa Zagreb &#8211; Sisak &#8211; Ba\u0107in"},"content":{"rendered":"\n<p><strong>\u0160ESTI HRVATSKI \u017dRTVOSLOVNI KONGRES<\/strong> &#8211; <strong>VRIJEME \u017dRTVE <\/strong><\/p>\n\n\n\n<p class=\"has-medium-font-size\">Zbornik radova \u0160estog hrvatskog \u017ertvoslovnog kongresa odr\u017eano 14. lipnja 2013. u Zagrebu, 15. lipnja 2013. u Sisku i zavr\u0161nog 16. lipnja 2013. u Ba\u0107inu<\/p>\n\n\n\n<figure class=\"wp-block-image size-large is-resized\"><img loading=\"lazy\" decoding=\"async\" src=\"http:\/\/viktimologija.com.hr\/wp\/wp-content\/uploads\/2021\/03\/Zbornik-Vrijeme-zrtve.jpg\" alt=\"\" class=\"wp-image-4436\" width=\"433\" height=\"449\" srcset=\"https:\/\/viktimologija.com.hr\/wp\/wp-content\/uploads\/2021\/03\/Zbornik-Vrijeme-zrtve.jpg 433w, https:\/\/viktimologija.com.hr\/wp\/wp-content\/uploads\/2021\/03\/Zbornik-Vrijeme-zrtve-289x300.jpg 289w, https:\/\/viktimologija.com.hr\/wp\/wp-content\/uploads\/2021\/03\/Zbornik-Vrijeme-zrtve-230x238.jpg 230w, https:\/\/viktimologija.com.hr\/wp\/wp-content\/uploads\/2021\/03\/Zbornik-Vrijeme-zrtve-350x363.jpg 350w\" sizes=\"auto, (max-width: 433px) 100vw, 433px\" \/><figcaption><strong>Biblioteka Documenta Croatica<\/strong> &#8211; VRIJEME \u017dRTVE<\/figcaption><\/figure>\n\n\n\n<p>\u0160esti hrvatski \u017ertvoslovni kongres odr\u017ean je od 14. do 16 lipnja 2013. godine u Zagrebu i Sisku u organizaciji Hrvatskoga \u017ertvoslovnog dru\u0161tva i pod pokroviteljstvom sisa\u010dkog biskupa <strong>Vlade Ko\u0161i\u0107a<\/strong>. Kongres je imao uobi\u010dajeni krug \u017ertvoslovnih tema, ali je naglasak stavljen na istra\u017eivanja \u017ertava Siska i Sisa\u010dko-moslava\u010dke \u017eupanije, Sunje i Petrinje, Moslavine i Banije, a posebno masovnog zlo\u010dina u Ba\u0107inu.<br><br>Kongres je otvoren u petak 14. lipnja u muzeju \u00bbMimara\u00ab u Zagrebu predavanjem biskupa Ko\u0161i\u0107a \u00bb\u017drtve u Domovinskom ratu na podru\u010dju Sisa\u010dke biskupije\u00ab i uvodnim referatom predsjednika Hrvatskoga \u017ertvoslovnog dru\u0161tva Zvonimira \u0160eparovi\u0107a \u00bbVrijeme \u017ertve\u00ab. Drugi dan kongresa odr\u017ean je u dvoranama Biskupijskog ordinarijata u Sisku gdje je pedesetak izlaga\u010da iznijelo brojne radove o temi kongresa.<br><br><strong>Petak, 14. lipnja 2013., &nbsp;&nbsp;&nbsp;&nbsp;&nbsp;&nbsp;&nbsp;&nbsp;&nbsp;&nbsp;&nbsp;&nbsp;&nbsp;&nbsp;&nbsp;&nbsp;&nbsp;&nbsp;&nbsp;&nbsp;&nbsp;&nbsp;&nbsp;&nbsp;&nbsp;&nbsp;&nbsp;&nbsp;Muzej Mimara Zagreb<\/strong><\/p>\n\n\n\n<p>16:00 sati \u2013 SVE\u010cANO OTVORENJE&nbsp;&nbsp;&nbsp;&nbsp;&nbsp;&nbsp;&nbsp;<\/p>\n\n\n\n<p>Pozdrav Domovini<\/p>\n\n\n\n<p>Minuta \u0161utnje za poginule hrvatske branitelje i sve \u017ertve<\/p>\n\n\n\n<p>PJEVA MJE\u0160OVITI PJEVA\u010cKI ZBOR \u201eEMIL COSSETTO\u201c Zagreb<\/p>\n\n\n\n<p>Pozdravi Kongresu<\/p>\n\n\n\n<p><strong>Otvaranje i blagoslov kongresa mons. Vlado Ko\u0161i\u0107:<\/strong> &nbsp;\u017drtve u Domovinskom ratu na podru\u010dju Sisa\u010dke biskupije<\/p>\n\n\n\n<p><strong>Zvonimir \u0160eparovi\u0107<\/strong>: Vrijeme \u017ertve (uvodni referat)<\/p>\n\n\n\n<p>fra Miljenko Stoji\u0107: Suvremena paradigma: Pobijeni Hercegova\u010dki franjevci<\/p>\n\n\n\n<p>Ivan John Prcela: 70. obljetnica pokolja mojih Ko\u0161u\u0107ana<\/p>\n\n\n\n<p>Ante Vukasovi\u0107: U\u010denici \u017ertve pogubnih seksomanijskih \u0161kolskih programa<\/p>\n\n\n\n<p>An\u0111elko Mijatovi\u0107: Vjekoslav Balin, borac za neovisnu Hrvatsku i \u017ertva jugoslavenskoga komunisti\u010dkog sustava<\/p>\n\n\n\n<p>Nikola Debeli\u0107: Progon istaknutih glazbenika \u2013 HRVATSKIH DOMOLJUBA Lovro pl. Mata\u010di\u0107, Andrija Konc, Vice Vukov, Marko Perkovi\u0107 \u2013 Thompson<\/p>\n\n\n\n<p>Domagoj Ante Petri\u0107: Viktimologija, zadnja brana ljudskih prava i demokracije<\/p>\n\n\n\n<p>Domagoj Novosel: Krivi\u0107ev brieg \u2013 jedno od gra\u010danskih strati\u0161ta<\/p>\n\n\n\n<p>Ante Nazor: Zlo\u010dini srpskih snaga na Banovini u srpnju 1991.<\/p>\n\n\n\n<p>Ante Beljo: Totalitarizam &#8211; ubijanje \u010dovjeka<\/p>\n\n\n\n<p>Darko Sagrak: Dr. Ivo Pilar hrvatska \u017ertva iz Bosne<\/p>\n\n\n\n<p>Mladen Kratohvil: Uloga saniteta u katastrofama<\/p>\n\n\n\n<p>Bo\u017ee Vuku\u0161i\u0107: 60 godina osnivanja i djelovanja Po\u010dasnog bleibur\u0161kog voda<\/p>\n\n\n\n<p>Ivan Ott:<strong> <\/strong>Kako su prikrivani komunisti\u010dki zlo\u010dini?<\/p>\n\n\n\n<p><strong>subota 15. lipnja 2013.&nbsp; &nbsp;&nbsp;&nbsp;&nbsp;&nbsp;&nbsp;&nbsp;&nbsp;&nbsp;&nbsp;&nbsp;&nbsp;&nbsp;&nbsp;&nbsp;&nbsp;Biskupski ordinarijat<\/strong> &#8211; <strong>Veliki Kaptol, Sisak<\/strong><\/p>\n\n\n\n<p>Mons. Vlado Ko\u0161i\u0107<strong>:<\/strong> Rije\u010d na po\u010detku i molitva<\/p>\n\n\n\n<p>Nada Mikuli\u0107,<strong> <\/strong>slabovidna glazbenica: Pozdrav iz Petrinje<\/p>\n\n\n\n<p>Pjeva mu\u0161ki vokalni ansambl \u201ePetrinjski&nbsp; slavulji\u201c<\/p>\n\n\n\n<p>Lojzo Buturac: Sve\u0107eni\u010dke \u017ertve na podru\u010dju dana\u0161nje Sisa\u010dke biskupije<\/p>\n\n\n\n<p>Spomenka Juri\u0107:<strong> <\/strong>Kri\u017eni put Sisa\u010dke crkve u Domovinskom ratu<\/p>\n\n\n\n<p>Darko Zahirovi\u0107: Sisa\u010dki \u017ertvoslov &#8211; Drugi svjetski rat gubici i Domovinski rat<\/p>\n\n\n\n<p>Dragutin Bauman:<strong> <\/strong>Otpu\u0161teni radnici Sisa\u010dke \u017eeljezare su \u017ertve<\/p>\n\n\n\n<p>Maja Runje:<strong> <\/strong>Katarina Vojvoda i Anka Rukavina<\/p>\n\n\n\n<p>Damir Borov\u010dak:<strong> <\/strong>Zrin \u2013 70 godina poslije komunisti\u010dkog genocida (1943.-2013.)<\/p>\n\n\n\n<p>Marija Krupi\u0107: Stradanje kostajni\u010dkih i dubi\u010dkih Hrvata u II. svjetskom ratu i Domovinskom ratu<\/p>\n\n\n\n<p>\u010d.s. Veronika Mila Popi\u0107:<strong> <\/strong>\u017drtve i mu\u010denice Dru\u017ebe sestara milosrdnica Sv. Vinka Paulskog<\/p>\n\n\n\n<p>Katica Ga\u0161ljevi\u0107-Tomi\u0107: Neposrednim svjedo\u010denjem 300 imena poginulih i nestalih osoba pripadnika hrvatskih postrojbi kao i civili ubijeni tijekom i poslije rata s podru\u010dja \u017eupe Vidu\u0161evac<\/p>\n\n\n\n<p>Stipe Vrdoljak:<strong> <\/strong>Problem \u017ertava i procesuiranja ratnih zlo\u010dina po\u010dinjenih za vrijeme Domovinskog rata<\/p>\n\n\n\n<p>Dragutin Pasari\u0107: O \u017ertvama komunizma \u0161ireg Kutinskog kraja<\/p>\n\n\n\n<p>Ivan Juri\u0107:<strong> <\/strong>Prihvat prognanika i izbjeglica i skrb o njima u Donjem Poneretavlju tijekom Domovinskoga rata.<\/p>\n\n\n\n<p>Ljubomir Radovan\u010devi\u0107: Sekte<\/p>\n\n\n\n<p>\u017deljko Toma\u0161evi\u0107: Srpski zlo\u010dini u Kostri\u0107ima i Ba\u0107inu<\/p>\n\n\n\n<p>Ru\u017eica \u0106avar:<strong> <\/strong>Od monstruozne la\u017ei, preko mita, do politi\u010dke dogme (O logorima Jasenovac, Jadovno itd.)<\/p>\n\n\n\n<p>Mario Filipi:<strong> <\/strong>Tu\u0111inci u vlastitoj ku\u0107i<\/p>\n\n\n\n<p>Ivan Dujmovi\u0107:<strong> <\/strong>\u017ditelji samoborskog kotara \u017ertve su prisilnog odvo\u0111enja od strane partizana tijekom II. svjetskog rata<\/p>\n\n\n\n<p>Vladimir Krpan: Istra\u017eivanje \u017ertava Drugog svjetskog rata i Domovinskog rata na podru\u010dju Grada Petrinje<\/p>\n\n\n\n<p>Darko Derganc:<strong> <\/strong>Satnija HOS-a \u201eVukovar\u201c Postrojba s najvi\u0161e stradalih pripadnika u Domovinskom ratu<\/p>\n\n\n\n<p>fra Mate Tadi\u0107: Mu\u010denik dr. fra Smiljan Zvonar &#8211; Lik i djelo franjevca i politi\u010dkog uznika<\/p>\n\n\n\n<p>\u0160imun Penava:<strong> <\/strong>Stradanje vojnika JNA od Jugoslavenske narodne armije u Domovinskom ratu<\/p>\n\n\n\n<p>Bla\u017e Tominovi\u0107:<strong> <\/strong>Stradanju sela Gore kraj Petrinje<\/p>\n\n\n\n<p>Diana Glasnova:<strong> <\/strong>\u017drtve hrvatske pravoslavne crkve 1945.-1946.<\/p>\n\n\n\n<p>Mate Gogi\u0107:<strong> <\/strong>Hrvatsko narodno vije\u0107e BiH 1994.-2013.<\/p>\n\n\n\n<p>Ivan Rizmaul: \u0160kola za prognanu djecu iz Banovine u Rovinju<\/p>\n\n\n\n<p>Marijana \u0160kutor: Vr\u0161nja\u010dko nasilje u vi\u0161im razredima osnovne \u0161kole<\/p>\n\n\n\n<p>Ivan Pa\u017eanin:<strong> <\/strong>Vlast \u201ecrvenoko\u0161ulja\u0161a\u201c u Trogiru i njezine \u017ertve<\/p>\n\n\n\n<p>Stjepan Markovi\u0107: Stradanja podno Kame\u0161nice<\/p>\n\n\n\n<p>Ivan Debeljak:<strong> <\/strong>Mirsad Bak\u0161i\u0107: \u201eHrvatski rodoljub i umirovljeni brigadir Hrvatske vojske\u201c<\/p>\n\n\n\n<p>Polona Jurini\u0107:<strong> <\/strong>Slovenski sve\u0107enici, redovnici i redovnice ubijeni, poginuli, stradali kao \u017ertve nasilja u Hrvatskoj za vrijeme i nakon zavr\u0161etka II. svjetskog rata<\/p>\n\n\n\n<p>Nada Landeka:<strong> <\/strong>Efikasna za\u0161tita ljudskih prava kroz pravosu\u0111e<\/p>\n\n\n\n<p>fra Martin Planini\u0107:<strong> <\/strong>Brojevi govore<\/p>\n\n\n\n<p>Zvonimir Zori\u0107:<strong> <\/strong>\u017drtve OZN-e u Petrinji od 5.svibnja do 4. srpnja 1945.g.<\/p>\n\n\n\n<p>Davor Bo\u017ein:<strong> <\/strong>O stradanjima stanovnika otoka Rave u Drugom svjetskom ratu<\/p>\n\n\n\n<p>Hrvoje Ka\u010di\u0107:<strong> <\/strong>Komunisti poubijali hrvatske antifa\u0161iste<\/p>\n\n\n\n<p>Mile Prpa:<strong> <\/strong>Pre\u0161u\u0107eni ratni zlo\u010dini u sredi\u0161tu Zagreba (\u017drtve \u0161ezdesetak u\u010denica iz \u017eenskog internata u Preradovi\u0107evoj ulici)<\/p>\n\n\n\n<p>Marijan Lipovac: Stradanje hrvatskih \u010ceha u Domovinskom ratu<\/p>\n\n\n\n<p>Franjo Talan:<strong> <\/strong>\u017drtve, grobi\u0161ta i strati\u0161ta Vara\u017edinske biskupije u II. svjetskom ratu i pora\u0107u i Domovinskom ratu<\/p>\n\n\n\n<p>don Pavao Crnjac:<strong> <\/strong>Stradanje vojnika iz Rame u talijanskoj vojsci na isto\u010dnom frontu<\/p>\n\n\n\n<p>Andrija Ma\u017ei\u0107:<strong> <\/strong>Izlazak Hrvatske iz la\u017ene povijesti i pogubnih ideologija<br>Lidija Vukalovi\u0107: Manipulacije povije\u0161\u0107u i \u017ertvama u \u0161kolskim ud\u017ebenicima<\/p>\n\n\n\n<p>Ivan Vrpoljac &amp; Ante Milinovi\u0107: \u010casopis i godi\u0161njak \u201eZrin\u201c u rasvjetljavanju zlo\u010dina nad Hrvatima u Pounju<\/p>\n\n\n\n<p>Jadranka Apostolovska &amp; Ljubomir Radovan\u010devi\u0107: Ugro\u017eeni dignitet \u017ertve mobbinga<\/p>\n\n\n\n<p>Vjenceslav Topalovi\u0107: Kontroverze o Andri\u0107u<\/p>\n\n\n\n<p>Ilija Ika Ivi\u0107: Mijo Mijat Gavran nezaboravna \u017ertva u akciji Deseti travanj &#8211; streljan u Zagrebu 10. listopada 1948. godine<\/p>\n\n\n\n<p>Slaven Ru\u017ei\u0107: Popis poginulih i nestalih hrvatskih gra\u0111ana na okupiranom podru\u010dju Republike Hrvatske, na temelju arhivskog gradiva \u201eRSK\u201c<\/p>\n\n\n\n<p>fra Andrija Niki\u0107:Hercegova\u010dki franjeva\u010dki mu\u010denici 1942.-1945. godine<\/p>\n\n\n\n<p><strong>PREDSTAVLJANJE KNJIGA, FILMA I AUTORA<\/strong><\/p>\n\n\n\n<p>Ivan Ott:<strong> <\/strong>Svjedoci vremena<\/p>\n\n\n\n<p>Radica Leko: U Njema\u010dku, brale<\/p>\n\n\n\n<p>Ivica Pand\u017ea Orkan: Vojska Krajine u Pounju i na Banovini &#8211; zapisi kom\u0161ija<\/p>\n\n\n\n<p>\u017delimir Ku\u017eatko:<strong> <\/strong>Od Bleiburga do Hrvatskog Gulaga<\/p>\n\n\n\n<p>Ivan Kozlica: Krvava Cetina<\/p>\n\n\n\n<p>Stjepan Markovi\u0107: Stradanja podno Kame\u0161nice<\/p>\n\n\n\n<p>dipl. teol. fra Mate Tadi\u0107: Svjedo\u010danstva o stradanjima Hrvata<\/p>\n\n\n\n<p>Polona Jurini\u0107: Svetice \u2013 monografija<\/p>\n\n\n\n<p>don Pavao Crnjac:<strong> <\/strong>U potrazi za o\u010devim grobom &#8211; dokumentarni film od 35 minuta<\/p>\n\n\n\n<p><strong>PITANJA, PRIJEDLOZI, ZAKLJU\u010cCI<\/strong><\/p>\n\n\n\n<p><em>Predsjedavaju:<\/em><strong><em> <\/em>Mons. Vlado Ko\u0161i\u0107<\/strong> i <strong>dr. Zvonimir \u0160eparovi\u0107<\/strong><\/p>\n\n\n\n<p class=\"has-medium-font-size\"><strong>SISAK &#8211; BA\u0106IN \u2013 HRVATSKA DUBICA<\/strong> &#8211; nedjelja, 16. lipnja 2013. godine<\/p>\n\n\n\n<figure class=\"wp-block-image size-large\"><img loading=\"lazy\" decoding=\"async\" width=\"1024\" height=\"635\" src=\"http:\/\/viktimologija.com.hr\/wp\/wp-content\/uploads\/2021\/03\/Sisak-2013-katedrala.jpg\" alt=\"\" class=\"wp-image-4490\" srcset=\"https:\/\/viktimologija.com.hr\/wp\/wp-content\/uploads\/2021\/03\/Sisak-2013-katedrala.jpg 1024w, https:\/\/viktimologija.com.hr\/wp\/wp-content\/uploads\/2021\/03\/Sisak-2013-katedrala-300x186.jpg 300w, https:\/\/viktimologija.com.hr\/wp\/wp-content\/uploads\/2021\/03\/Sisak-2013-katedrala-768x476.jpg 768w, https:\/\/viktimologija.com.hr\/wp\/wp-content\/uploads\/2021\/03\/Sisak-2013-katedrala-830x515.jpg 830w, https:\/\/viktimologija.com.hr\/wp\/wp-content\/uploads\/2021\/03\/Sisak-2013-katedrala-230x143.jpg 230w, https:\/\/viktimologija.com.hr\/wp\/wp-content\/uploads\/2021\/03\/Sisak-2013-katedrala-350x217.jpg 350w, https:\/\/viktimologija.com.hr\/wp\/wp-content\/uploads\/2021\/03\/Sisak-2013-katedrala-480x298.jpg 480w\" sizes=\"auto, (max-width: 1024px) 100vw, 1024px\" \/><figcaption>U\u010desnici kongresa pred Katedralom Uzvi\u0161enja Svetog Kri\u017ea u Sisku: KONCELEBRIRANA SVETA MISA ZA SVE \u017dRTVE ZA HRVATSKU<\/figcaption><\/figure>\n\n\n\n<p>Govore\u0107i o Domovinskom ratu, biskup je podsjetio i da je prva \u017ertva nakon tzv. \u00bbbalvan-revolucije\u00ab, tj. srpske pobune u kolovozu 1990. protiv RH, bio ubijeni sve\u0107enik, \u017eupnik Svete Marije u Sisku Antun Grahovar, ubijen 9. studenoga 1990. \u00bbU na\u0161em su kraju pobijeni mnogi nevini ljudi, a dr\u017eava Hrvatska pomilovala je zlo\u010dince, samo da bi oni priznali i prihvatili Hrvatsku. Na\u017ealost to se nije dogodilo, \u0161to vidimo iz niza \u017ealosnih \u010dinjenica, kao \u0161to je npr. postojanje dvostruke povijesti &#8211; tako da neki dr\u017eavljani RH ne trebaju kao djeca u \u0161koli u\u010diti da je Domovinski rat bio agresija Srbije na Hrvatsku, ve\u0107 oni u svojim ud\u017ebenicima u\u010de da je to bio &#8216;gra\u0111anski rat&#8217;. To na\u017ealost potvr\u0111uju svojim nepromi\u0161ljenim izjavama i neki na\u0161i najvi\u0161i predstavnici&#8230;\u00ab<\/p>\n\n\n\n<p><strong>HRVATSKA DUBICA: zavr\u0161na sjednica &nbsp;u Osnovnoj \u0161koli &#8220;Ivo Kozar\u010danin\u201c<\/strong> <strong>uz prigodni program<\/strong><\/p>\n\n\n\n<p><strong>Slavko \u017di\u017eek<\/strong>, dipl. ing. spec<strong>., direktor tvrtke SCAN d.o.o. iz Kranja, Slovenija, ekskluzivni predstavnik japanske tvrtke JEOL, <\/strong>svjetski poznatog proizvo\u0111a\u010da elektronskih mikroskopa, darovao je vrijedna \u0161kolska didakti\u010dka pomagala (prijenosni grafoskop s priborom &#8211; folijama i markerima, digitalno pove\u0107alo s pripadaju\u0107im PC i digitalni multimetar) <strong>u\u010denicima O\u0160 \u201eIvo Kozar\u010danin\u201c, <\/strong>u Hrvatskoj Dubici, putem Koordinacije braniteljskih udruga grada Zagreba i Hrvatskog \u017ertvoslovnog dru\u0161tva.<\/p>\n\n\n\n<p><strong>BA\u0106IN <\/strong>&#8211; polaganje vijenaca Hrvatskog \u017ertvoslovnog dru\u0161tva i Koordinacije braniteljskih udruga grada Zagreba na mno\u0161tvenu grobnicu okrutno ubijenih civila u Ba\u0107inu, uz prigodne rije\u010di. Molitva za pokojne: mons. Vlado Ko\u0161i\u0107 i<strong> <\/strong>doma\u0107i \u017eupnik \u017eupe Presvetog Trojstva pre\u010d. Milan Begi\u0107<\/p>\n\n\n\n<p class=\"has-medium-font-size\"><strong>UMJETNICI KONGRESU<\/strong><\/p>\n\n\n\n<p>Mje\u0161oviti pjeva\u010dki zbor \u201eEmil Cossetto\u201c i Mu\u0161ki vokalni ansambl \u201ePetrinjski slavulji\u201c, Hrvatsko pjeva\u010dko dru\u0161tvo Petrinja \u201eSlavulj\u201c, dirigent: mo. Josip degl\u2019 Ivellio<\/p>\n\n\n\n<p>Mario Filipi: 100% invalid, pjesnik i glazbenik &#8220;Iz krvi moje trava raste&#8221; \u201eBalada o Dariju Kordi\u0107u\u201c<\/p>\n\n\n\n<p>Vera Val\u010di\u0107 Beli\u0107: Vancouver, Kanada, pjesnikinja<\/p>\n\n\n\n<p>Radica Leko: Plameni<\/p>\n\n\n\n<p>Ana Anka Zver: <em>In memoriam &#8211; Goran Kli\u0161ki\u0107 i Ivica Vuco<\/em><\/p>\n\n\n\n<p>Ilustracije: Miljenko Romi\u0107, akademski slikar<\/p>\n\n\n\n<p>Informati\u010dka podr\u0161ka: Zvonimir Ru\u017ei\u010di\u0107, ing. i Ivan Dukovac, informati\u010dar<\/p>\n\n\n\n<p>Fotografi: Oskar \u0160aruni\u0107, \u017deljko \u010celi\u0107, \u0110ur\u0111a Cecelja <\/p>\n\n\n\n<p class=\"has-medium-font-size\"><strong>NEPRAVOMO\u0106NA PRESUDA ZA RATNI ZLO\u010cIN IZRE\u0106ENA U RIJECI<\/strong><\/p>\n\n\n\n<p><strong>Mno\u0161tveno ubijanje hrvatskih civila u Ba\u0107inu, smatra se jednim od najve\u0107ih masovnih zlo\u010dina u Domovinskom ratu, uz Vukovar i \u0160kabrnju. <\/strong><strong><\/strong><\/p>\n\n\n\n<p>Na ukupno 125 godina zatvora 11. o\u017eujka 2013. g. osu\u0111eni su optu\u017eeni za ratni zlo\u010din u mjestu Ba\u0107in 1991. godine, koje optu\u017enica tereti za smrt 75 hrvatskih civila.<\/p>\n\n\n\n<p><strong>Izre\u010dena je prvostupanjska presuda za jedan od najstra\u0161nijih zlo\u010dina iz devedesetih po\u010dinjen na podru\u010dju Skeli\u0161te kraj Ba\u0107ina, izme\u0111u ceste i rijeke Une gdje je 21. listopada 1991. dovedeno najmanje 75 osoba starije \u017eivotne dobi, ve\u0107inom hrvatske nacionalnosti te streljano vatrenim oru\u017ejem. Presudom su Branko Dmitrovi\u0107, Slobodan Borojevi\u0107 i Stevan Dodo\u0161 osu\u0111eni na po 15 godina zatvora, a Milinko Janjetovi\u0107, Mom\u010dilo Kova\u010devi\u0107, Steva Radunovi\u0107 i Veljko Radunovi\u0107 na po 20 godina zatvora. Osu\u0111eni nisu dostupni hrvatskom pravosu\u0111u. <\/strong><strong><\/strong><\/p>\n\n\n\n<p>Ubijenih je sigurno bilo i vi\u0161e, no le\u0161eve je odnijela Una ili su premje\u0161teni, a na\u010din na koji je provedeno \u201e\u010di\u0161\u0107enje\u201c i likvidacija, broj ubijenih i odnos prema civilima Hrvatima za koje su govorili da \u0107e ih \u201eodvesti na ledinu i pokositi\u201c dokazuje da su od po\u010detka znali \u0161to \u010dine i zato su im izre\u010dene maksimalne kazne po onda\u0161njem zakonu \u2013 kazala je sutkinja \u0160ari\u0107. <em><strong>Iz masovne grobnice Ba\u0107in ekshumirano 56 osoba od kojih je 45 identificirano kao mje\u0161tani Hrvatske Dubice, Cerovljana i okolnih sela.<\/strong><\/em><\/p>\n\n\n\n<figure class=\"wp-block-image size-large is-resized\"><img loading=\"lazy\" decoding=\"async\" src=\"http:\/\/viktimologija.com.hr\/wp\/wp-content\/uploads\/2021\/03\/HZD-16_lipnja-2013-_0937.jpg\" alt=\"\" class=\"wp-image-4491\" width=\"800\" height=\"600\" srcset=\"https:\/\/viktimologija.com.hr\/wp\/wp-content\/uploads\/2021\/03\/HZD-16_lipnja-2013-_0937.jpg 800w, https:\/\/viktimologija.com.hr\/wp\/wp-content\/uploads\/2021\/03\/HZD-16_lipnja-2013-_0937-300x225.jpg 300w, https:\/\/viktimologija.com.hr\/wp\/wp-content\/uploads\/2021\/03\/HZD-16_lipnja-2013-_0937-768x576.jpg 768w, https:\/\/viktimologija.com.hr\/wp\/wp-content\/uploads\/2021\/03\/HZD-16_lipnja-2013-_0937-230x173.jpg 230w, https:\/\/viktimologija.com.hr\/wp\/wp-content\/uploads\/2021\/03\/HZD-16_lipnja-2013-_0937-350x263.jpg 350w, https:\/\/viktimologija.com.hr\/wp\/wp-content\/uploads\/2021\/03\/HZD-16_lipnja-2013-_0937-480x360.jpg 480w\" sizes=\"auto, (max-width: 800px) 100vw, 800px\" \/><figcaption>U Ba\u0107inu na mjestu stradanja ubijenih civila odr\u017eana je komemoracija, polo\u017een je vijenac i zapaljene su svije\u0107e <\/figcaption><\/figure>\n\n\n\n<p><strong>ZAHVALE DOBRO\u010cINITELJIMA &#8211; <\/strong>Kongres smo odr\u017eali zahvaljuju\u0107i na\u0161im pokroviteljima:<\/p>\n\n\n\n<p>mons. Vlado Ko\u0161i\u0107, sisa\u010dki biskup<\/p>\n\n\n\n<p>Sisa\u010dko-moslava\u010dka \u017eupanija, Sisak<\/p>\n\n\n\n<p>Milan Bandi\u0107, gradona\u010delnik grada Zagreba<\/p>\n\n\n\n<p>Samoborska banka, Samobor<\/p>\n\n\n\n<p>Petar Gelo, Melbourne, Australija<\/p>\n\n\n\n<p>Marko Franovi\u0107, Sydney, Australija<\/p>\n\n\n\n<p>Mojmir Damjanovi\u0107, Sydney, Australija<\/p>\n\n\n\n<p>Joso Mraovi\u0107, Hotel Ante, Gospi\u0107<\/p>\n\n\n\n<p>Tomislav Horvatin\u010di\u0107, HOTO Grupa Zagreb<\/p>\n\n\n\n<p>Badel 1862 d.d., Zagreb<\/p>\n\n\n\n<p>Blato 1902 d.d., Zagreb<\/p>\n\n\n\n<p>Vinko \u0160eparovi\u0107, Blato na Kor\u010duli<\/p>\n\n\n\n<p>Dr. Dragutin Drk, Vindija, Vara\u017edin<\/p>\n\n\n\n<p>Hrvatko \u0160imuni\u0107, Zagreb<\/p>\n\n\n\n<p>Jozo Skelin, Zagreb<\/p>\n\n\n\n<p>Slasti\u010darnice Vincek, Zagreb<\/p>\n","protected":false},"excerpt":{"rendered":"<p>\u0160ESTI HRVATSKI \u017dRTVOSLOVNI KONGRES &#8211; VRIJEME \u017dRTVE Zbornik radova \u0160estog hrvatskog \u017ertvoslovnog kongresa odr\u017eano 14. lipnja 2013. u Zagrebu, 15. lipnja 2013. u Sisku i zavr\u0161nog 16. lipnja 2013. u Ba\u0107inu \u0160esti hrvatski \u017ertvoslovni kongres odr\u017ean je od 14. do 16 lipnja 2013. godine u Zagrebu i Sisku u organizaciji Hrvatskoga \u017ertvoslovnog dru\u0161tva i pod [&hellip;]<\/p>\n","protected":false},"author":1,"featured_media":0,"comment_status":"open","ping_status":"open","sticky":false,"template":"","format":"standard","meta":{"footnotes":""},"categories":[17,1],"tags":[],"class_list":["post-4494","post","type-post","status-publish","format-standard","hentry","category-kongresi","category-novosti"],"_links":{"self":[{"href":"https:\/\/viktimologija.com.hr\/wp\/wp-json\/wp\/v2\/posts\/4494","targetHints":{"allow":["GET"]}}],"collection":[{"href":"https:\/\/viktimologija.com.hr\/wp\/wp-json\/wp\/v2\/posts"}],"about":[{"href":"https:\/\/viktimologija.com.hr\/wp\/wp-json\/wp\/v2\/types\/post"}],"author":[{"embeddable":true,"href":"https:\/\/viktimologija.com.hr\/wp\/wp-json\/wp\/v2\/users\/1"}],"replies":[{"embeddable":true,"href":"https:\/\/viktimologija.com.hr\/wp\/wp-json\/wp\/v2\/comments?post=4494"}],"version-history":[{"count":21,"href":"https:\/\/viktimologija.com.hr\/wp\/wp-json\/wp\/v2\/posts\/4494\/revisions"}],"predecessor-version":[{"id":4673,"href":"https:\/\/viktimologija.com.hr\/wp\/wp-json\/wp\/v2\/posts\/4494\/revisions\/4673"}],"wp:attachment":[{"href":"https:\/\/viktimologija.com.hr\/wp\/wp-json\/wp\/v2\/media?parent=4494"}],"wp:term":[{"taxonomy":"category","embeddable":true,"href":"https:\/\/viktimologija.com.hr\/wp\/wp-json\/wp\/v2\/categories?post=4494"},{"taxonomy":"post_tag","embeddable":true,"href":"https:\/\/viktimologija.com.hr\/wp\/wp-json\/wp\/v2\/tags?post=4494"}],"curies":[{"name":"wp","href":"https:\/\/api.w.org\/{rel}","templated":true}]}}