{"id":8181,"date":"2022-02-08T12:34:32","date_gmt":"2022-02-08T11:34:32","guid":{"rendered":"https:\/\/viktimologija.com.hr\/wp\/?p=8181"},"modified":"2022-02-08T16:51:05","modified_gmt":"2022-02-08T15:51:05","slug":"in-memorima-umro-ivan-gabelica-odvjetnik","status":"publish","type":"post","link":"https:\/\/viktimologija.com.hr\/wp\/in-memorima-umro-ivan-gabelica-odvjetnik\/","title":{"rendered":"In memorima: Umro Ivan Gabelica, odvjetnik, obnovitelj Hrvatske \u010diste strane prava te biv\u0161i saborski zastupnik"},"content":{"rendered":"\n<figure class=\"wp-block-image size-large\"><img loading=\"lazy\" decoding=\"async\" width=\"1024\" height=\"640\" src=\"https:\/\/viktimologija.com.hr\/wp\/wp-content\/uploads\/2022\/02\/Ivan-Gabelica-promocija-Bugarske-kulture.jpg\" alt=\"\" class=\"wp-image-8184\" srcset=\"https:\/\/viktimologija.com.hr\/wp\/wp-content\/uploads\/2022\/02\/Ivan-Gabelica-promocija-Bugarske-kulture.jpg 1024w, https:\/\/viktimologija.com.hr\/wp\/wp-content\/uploads\/2022\/02\/Ivan-Gabelica-promocija-Bugarske-kulture-300x188.jpg 300w, https:\/\/viktimologija.com.hr\/wp\/wp-content\/uploads\/2022\/02\/Ivan-Gabelica-promocija-Bugarske-kulture-768x480.jpg 768w, https:\/\/viktimologija.com.hr\/wp\/wp-content\/uploads\/2022\/02\/Ivan-Gabelica-promocija-Bugarske-kulture-830x519.jpg 830w, https:\/\/viktimologija.com.hr\/wp\/wp-content\/uploads\/2022\/02\/Ivan-Gabelica-promocija-Bugarske-kulture-230x144.jpg 230w, https:\/\/viktimologija.com.hr\/wp\/wp-content\/uploads\/2022\/02\/Ivan-Gabelica-promocija-Bugarske-kulture-350x219.jpg 350w, https:\/\/viktimologija.com.hr\/wp\/wp-content\/uploads\/2022\/02\/Ivan-Gabelica-promocija-Bugarske-kulture-480x300.jpg 480w\" sizes=\"auto, (max-width: 1024px) 100vw, 1024px\" \/><figcaption>Ivan Gabelica \/foto arhiva Oskar \u0160aruni\u0107\/<\/figcaption><\/figure>\n\n\n\n<p>U nedjelju 7. velja\u010de 2022. godine, nakon duge i te\u0161ke bolesti, u 83. godini \u017eivota preminuo je poznati odvjetnik, hrvatski politi\u010dki uznik, obnovitelj Hrvatske \u010diste stranke prava te biv\u0161i saborski zastupnik<strong>\u00a0Ivan Gabelica<\/strong>.<\/p>\n\n\n\n<p>Ispra\u0107aj dragog pokojnika bit \u0107e u \u010detvrtak 10. 2. 2022. godine u 13:20 sati na groblju Mirogoj.<\/p>\n\n\n\n<p>Hrvatsko \u017ertvoslovno dru\u0161tvo izra\u017eava iskrenu su\u0107ut obitelji Gabelica, \u00a0supruzi Mladenki, sinovima Hrvatinu i Mislavu.<\/p>\n\n\n\n<p>Po\u010divao u miru Bo\u017ejem!<\/p>\n\n\n\n<p class=\"has-text-align-right\"><em>Ante Beljo, predsjednik Hrvatskog \u017ertvoslovnog dru\u0161tva<\/em><\/p>\n\n\n\n<p class=\"has-text-align-right\"><em>Franjo Talan, dopredsjednik Hrvatskog \u017ertvoslovnog dru\u0161tva<\/em><\/p>\n\n\n\n<p><strong>\u017dIVOTOPIS IVANA GABELICE<\/strong><\/p>\n\n\n\n<p>Ro\u0111en je 1. listopada 1939. u Podbablju, op\u0107ina Imotski, gdje je zavr\u0161io osnovnu \u0161kolu. Gimnaziju je poha\u0111ao u Imotskom, ali je izba\u010den zbog \u010dlanstva u Tajnoj organizaciji hrvatske inteligencije (TIHO). \u010clan te organizacije bio je i Bruno Bu\u0161i\u0107. 1957. je bio ka\u017enjen trajnim isklju\u010denjem iz svih srednjih \u0161kola, ali je kasnije ta kazna ubla\u017eena.<br>25. travnja 1959. ponovno je uhi\u0107en, proveo je tri mjeseca u istra\u017enom zatvoru, a 25. 7. sudac za prekr\u0161aje u Imotskom ka\u017enjava ga s mjesec dana zatvora i upu\u0107uje na boravak u koncentracijski logor na nenaseljenom otoku Sv. Grgur u trajanju od dvije godine. Po izlasku iz logora UDBA (jugoslavenska tajna policija) \u0161alje izvje\u0161taj u kojem stoji da je Gabelica ostao \u201eu su\u0161tini isti ube\u0111eni nacionalista\u201c i kao takav \u0107e i dalje djelovati ali vrlo oprezno.<br>Iz logora izlazi 25. srpnja 1961. godine. Krajem kolovoza pola\u017ee zavr\u0161ni razred gimnazije u Ljubu\u0161kom,\u00a0 maturira u lipnju 1962., a na jesen iste godine upisuje se na Pravni fakultet u Zagrebu. UDBA ga nastavlja pratiti i provoditi mjere protiv njega. 6. lipnja 1965. otima ga na ulici, odvodi u pritvor, zlostavlja, ispituje neprekidno 72 sata. Vlasti ga osu\u0111uju na 16 mjeseci zatvora u Staroj Gradi\u0161ki.\u00a0 Nakon izlaska iz zatvora, isklju\u010den je s fakulteta na godinu dana. Uspio je diplomirati pravo 30. rujna 1968.<br>Zaposlio se kao odvjetni\u010dki vje\u017ebenik u Zagrebu, ali nastavlja i dalje politi\u010dki djelovati. Organizirao je 18. velja\u010de 1970. demonstracije\u00a0u Hrvatskom narodnom kazali\u0161tu, prekinuo je predstavu General i njegov lakrdija\u0161 Marijana Matkovi\u0107a zato \u0161to se u njoj krivotvori lik Nikole \u0160ubi\u0107a Zrinskog. Gabelica je osu\u0111en na 60 dana zatvora. Nakon sloma Hrvatskog prolje\u0107a, Gabelicu 1974. godine izbacuju s posla u Gradskom podrumu. Uskoro biva ponovno osu\u0111en na 30 dana zatvora. Kad god bi Josip Broz Tito, tada\u0161nji predsjednik SFRJ, dolazio u Zagreb, Gabelicu bi preventivno zatvarali. \u010cesto su ga \u0161i\u0161ali do gole ko\u017ee.<br>Nakon Titove smrti, dopu\u0161teno mu je raditi kao odvjetnik i vi\u0161e ga nisu zatvarali. U osamdesetima je u pet sudskih procesa bez naknade branio optu\u017eene u politi\u010dkim procesima.<br>1989. godine u\u010dlanjuje su u Hrvatsku demokratsku stranku Marka Veselice. Nakon izbornog poraza 12. prosinca 1992. Osnovao je Hrvatsku \u010distu stranku prava (H\u010cSP). Postao je saborski zastupnik u tre\u0107em sazivu. Bavio se publicistikom. Prou\u010davao je povijest NDH i usta\u0161kog pokreta.<br>Kritizirao je prvog hrvatskog predsjednika Franju Tu\u0111mana. Najvi\u0161e mu je prigovarao zato \u0161to Hrvatsku nije oslobodio \u201ejugoslavenstva i komunizma\u201c\u00a0 zbog \u010dega \u201eduhovno nasilje iz tog vremena i danas dominira u hrvatskom javnom \u017eivotu\u201c.<\/p>\n\n\n\n<div class=\"wp-block-image\"><figure class=\"aligncenter size-large\"><img loading=\"lazy\" decoding=\"async\" width=\"711\" height=\"474\" src=\"https:\/\/viktimologija.com.hr\/wp\/wp-content\/uploads\/2022\/02\/Sedmi-kongres-HZD-uzvanici-I-Gabelica.jpg\" alt=\"\" class=\"wp-image-8191\" srcset=\"https:\/\/viktimologija.com.hr\/wp\/wp-content\/uploads\/2022\/02\/Sedmi-kongres-HZD-uzvanici-I-Gabelica.jpg 711w, https:\/\/viktimologija.com.hr\/wp\/wp-content\/uploads\/2022\/02\/Sedmi-kongres-HZD-uzvanici-I-Gabelica-300x200.jpg 300w, https:\/\/viktimologija.com.hr\/wp\/wp-content\/uploads\/2022\/02\/Sedmi-kongres-HZD-uzvanici-I-Gabelica-230x153.jpg 230w, https:\/\/viktimologija.com.hr\/wp\/wp-content\/uploads\/2022\/02\/Sedmi-kongres-HZD-uzvanici-I-Gabelica-350x233.jpg 350w, https:\/\/viktimologija.com.hr\/wp\/wp-content\/uploads\/2022\/02\/Sedmi-kongres-HZD-uzvanici-I-Gabelica-480x320.jpg 480w, https:\/\/viktimologija.com.hr\/wp\/wp-content\/uploads\/2022\/02\/Sedmi-kongres-HZD-uzvanici-I-Gabelica-272x182.jpg 272w\" sizes=\"auto, (max-width: 711px) 100vw, 711px\" \/><figcaption>SEDMI HRVATSKI \u017dRTVOSLOVNI KONGRES: <strong><em>prof. Hrvoje Ka\u010di\u0107, Predrag Mi\u0161i\u0107 Pe\u0111a, Marko Franovi\u0107, hrvatski iseljeni\u010dki gra\u0111evinski poduzetnik, aktivist, nakladnik, podupiratelj domoljubnih i humanitarnih projekata i dobrotvor iz Sydneya<\/em><\/strong>,<strong><em> akademik Josip Pe\u010dari\u0107, Ivan Gabelica, odvjetnik, Nevenka Neki\u0107, prof., Venera i Dario Kordi\u0107<\/em><\/strong><\/figcaption><\/figure><\/div>\n\n\n\n<div class=\"wp-block-image\"><figure class=\"aligncenter size-large\"><img loading=\"lazy\" decoding=\"async\" width=\"543\" height=\"432\" src=\"https:\/\/viktimologija.com.hr\/wp\/wp-content\/uploads\/2022\/02\/Ivan-Gabelica_i_Jadranka-Lucic-promocija-knjige-Diane-Glasnove.jpg\" alt=\"\" class=\"wp-image-8186\" srcset=\"https:\/\/viktimologija.com.hr\/wp\/wp-content\/uploads\/2022\/02\/Ivan-Gabelica_i_Jadranka-Lucic-promocija-knjige-Diane-Glasnove.jpg 543w, https:\/\/viktimologija.com.hr\/wp\/wp-content\/uploads\/2022\/02\/Ivan-Gabelica_i_Jadranka-Lucic-promocija-knjige-Diane-Glasnove-300x239.jpg 300w, https:\/\/viktimologija.com.hr\/wp\/wp-content\/uploads\/2022\/02\/Ivan-Gabelica_i_Jadranka-Lucic-promocija-knjige-Diane-Glasnove-230x183.jpg 230w, https:\/\/viktimologija.com.hr\/wp\/wp-content\/uploads\/2022\/02\/Ivan-Gabelica_i_Jadranka-Lucic-promocija-knjige-Diane-Glasnove-350x278.jpg 350w, https:\/\/viktimologija.com.hr\/wp\/wp-content\/uploads\/2022\/02\/Ivan-Gabelica_i_Jadranka-Lucic-promocija-knjige-Diane-Glasnove-480x382.jpg 480w\" sizes=\"auto, (max-width: 543px) 100vw, 543px\" \/><figcaption>EUROPSKI DOM ZAGREB &#8211; Ivan Gabelica, odvjetnik i Jadranka Lu\u010di\u0107<\/figcaption><\/figure><\/div>\n\n\n\n<p>Poveznica \u017eivotopisa: http:\/\/hcsp.hr\/preminuo-ivan-gabelica-obnovitelj-hrvatske-ciste-stranke-prava\/<\/p>\n\n\n\n<p>Tekst\/J. Lu\u010di\u0107\/<\/p>\n\n\n\n<p><\/p>\n\n\n\n<p><\/p>\n","protected":false},"excerpt":{"rendered":"<p>U nedjelju 7. velja\u010de 2022. godine, nakon duge i te\u0161ke bolesti, u 83. godini \u017eivota preminuo je poznati odvjetnik, hrvatski politi\u010dki uznik, obnovitelj Hrvatske \u010diste stranke prava te biv\u0161i saborski zastupnik\u00a0Ivan Gabelica. Ispra\u0107aj dragog pokojnika bit \u0107e u \u010detvrtak 10. 2. 2022. godine u 13:20 sati na groblju Mirogoj. Hrvatsko \u017ertvoslovno dru\u0161tvo izra\u017eava iskrenu su\u0107ut [&hellip;]<\/p>\n","protected":false},"author":1,"featured_media":0,"comment_status":"open","ping_status":"open","sticky":false,"template":"","format":"standard","meta":{"footnotes":""},"categories":[1],"tags":[436,435,437],"class_list":["post-8181","post","type-post","status-publish","format-standard","hentry","category-novosti","tag-in-memoriam-ivan-gabelica","tag-ivan-gabelica","tag-obnovitelj-hcsp"],"_links":{"self":[{"href":"https:\/\/viktimologija.com.hr\/wp\/wp-json\/wp\/v2\/posts\/8181","targetHints":{"allow":["GET"]}}],"collection":[{"href":"https:\/\/viktimologija.com.hr\/wp\/wp-json\/wp\/v2\/posts"}],"about":[{"href":"https:\/\/viktimologija.com.hr\/wp\/wp-json\/wp\/v2\/types\/post"}],"author":[{"embeddable":true,"href":"https:\/\/viktimologija.com.hr\/wp\/wp-json\/wp\/v2\/users\/1"}],"replies":[{"embeddable":true,"href":"https:\/\/viktimologija.com.hr\/wp\/wp-json\/wp\/v2\/comments?post=8181"}],"version-history":[{"count":7,"href":"https:\/\/viktimologija.com.hr\/wp\/wp-json\/wp\/v2\/posts\/8181\/revisions"}],"predecessor-version":[{"id":8183,"href":"https:\/\/viktimologija.com.hr\/wp\/wp-json\/wp\/v2\/posts\/8181\/revisions\/8183"}],"wp:attachment":[{"href":"https:\/\/viktimologija.com.hr\/wp\/wp-json\/wp\/v2\/media?parent=8181"}],"wp:term":[{"taxonomy":"category","embeddable":true,"href":"https:\/\/viktimologija.com.hr\/wp\/wp-json\/wp\/v2\/categories?post=8181"},{"taxonomy":"post_tag","embeddable":true,"href":"https:\/\/viktimologija.com.hr\/wp\/wp-json\/wp\/v2\/tags?post=8181"}],"curies":[{"name":"wp","href":"https:\/\/api.w.org\/{rel}","templated":true}]}}