{"id":8649,"date":"2022-03-21T11:31:04","date_gmt":"2022-03-21T10:31:04","guid":{"rendered":"https:\/\/viktimologija.com.hr\/wp\/?p=8649"},"modified":"2022-03-21T12:24:44","modified_gmt":"2022-03-21T11:24:44","slug":"umrla-dr-vesna-bosanac-1949-2022","status":"publish","type":"post","link":"https:\/\/viktimologija.com.hr\/wp\/umrla-dr-vesna-bosanac-1949-2022\/","title":{"rendered":"Preminula dr. Vesna Bosanac (1949. &#8211; 2022.)"},"content":{"rendered":"<h1 class=\"item__title\">Preminula dr. Vesna Bosanac, ravnateljica vukovarske bolnice za vrijeme Domovinskog rata: &#8220;Napustila nas je heroina&#8230;&#8221;<\/h1>\n<p><strong>Vesna Bosanac ro\u0111ena je 1949. godine u Subotici<\/strong>, po zanimanju je bila pedijatrica, a na \u010delo Medicinskog centra Vukovar do\u0161la je u srpnju 1991. godine.<\/p>\n<p>Cijelo vrijeme okupacije\u00a0<strong>Bosanac upravljala je bolnicom<\/strong> u iznimno te\u0161kim uvjetima. Od 1 040 zaposlenih u Medicinskom centru Vukovar prije Domovinskog rata, do kraja rata u bolnici je ostalo svega 350 zaposlenika.<\/p>\n<p>Kroz cijelo vrijeme agresije Vesna Bosanac\u00a0<strong>ostala je u bolnici gdje je do\u010dekala i slom obrane Vukovara<\/strong>\u00a0nakon kojega je, po ulasku neprijatelja u grad, iz bolnice odveden 261 ranjenik, civil i medicinski djelatnik, od kojih je 200 ubijeno na Ov\u010dari, dok se za 61 osobom jo\u0161 uvijek traga.<\/p>\n<p>Vesna Bosanac odvedena je zato\u010deni\u0161tvo i<strong>\u00a0tri tjedna provela u zatvoru u Sremskoj Mitrovici<\/strong>\u00a0te jo\u0161 dva dana u Beogradu, prije nego je razmijenjena. U Zagreb je stigla u prosincu 1991. godine.<\/p>\n<p>Nakon rata kao ravnateljica Op\u0107e \u017eupanijske bolnice Vukovara\u00a0<strong>aktivno sudjeluje u obnovi te\u0161ko stradale bolnice.<\/strong><\/p>\n<p><strong>Za velike zasluge 2002. odlikovana je<\/strong>\u00a0Redom Danice hrvatske s likom Katarine Zrinske, a 2001. primila je Povelju Republike Hrvatske u ime Op\u0107e \u017eupanijske bolnice Vukovar od hrvatskog predsjednika\u00a0<strong>Ive Josipovi\u0107a<\/strong>.<\/p>\n<p>Udruga branitelja Podravke u suradnji s drugim udrugama proiza\u0161lim iz Domovinskoga rata dodijelila je dr. Vesni Bosanac i Op\u0107oj bolnici Vukovar Veliku zlatnu plaketu 2021. za sve \u0161to su u\u010dinili za dobrobit Hrvatske.<\/p>\n<figure id=\"attachment_8658\" aria-describedby=\"caption-attachment-8658\" style=\"width: 300px\" class=\"wp-caption aligncenter\"><a href=\"https:\/\/viktimologija.com.hr\/wp\/wp-content\/uploads\/2022\/03\/Vesna-Bosanac-prof-Zvonimir-Separovic-i-mr-Ivan-Debeljak-dipl-pravnik.jpg\"><img loading=\"lazy\" decoding=\"async\" class=\"wp-image-8658\" src=\"https:\/\/viktimologija.com.hr\/wp\/wp-content\/uploads\/2022\/03\/Vesna-Bosanac-prof-Zvonimir-Separovic-i-mr-Ivan-Debeljak-dipl-pravnik-300x228.jpg\" alt=\"\" width=\"300\" height=\"228\" srcset=\"https:\/\/viktimologija.com.hr\/wp\/wp-content\/uploads\/2022\/03\/Vesna-Bosanac-prof-Zvonimir-Separovic-i-mr-Ivan-Debeljak-dipl-pravnik-300x228.jpg 300w, https:\/\/viktimologija.com.hr\/wp\/wp-content\/uploads\/2022\/03\/Vesna-Bosanac-prof-Zvonimir-Separovic-i-mr-Ivan-Debeljak-dipl-pravnik-768x584.jpg 768w, https:\/\/viktimologija.com.hr\/wp\/wp-content\/uploads\/2022\/03\/Vesna-Bosanac-prof-Zvonimir-Separovic-i-mr-Ivan-Debeljak-dipl-pravnik-230x175.jpg 230w, https:\/\/viktimologija.com.hr\/wp\/wp-content\/uploads\/2022\/03\/Vesna-Bosanac-prof-Zvonimir-Separovic-i-mr-Ivan-Debeljak-dipl-pravnik-350x266.jpg 350w, https:\/\/viktimologija.com.hr\/wp\/wp-content\/uploads\/2022\/03\/Vesna-Bosanac-prof-Zvonimir-Separovic-i-mr-Ivan-Debeljak-dipl-pravnik-480x365.jpg 480w, https:\/\/viktimologija.com.hr\/wp\/wp-content\/uploads\/2022\/03\/Vesna-Bosanac-prof-Zvonimir-Separovic-i-mr-Ivan-Debeljak-dipl-pravnik.jpg 792w\" sizes=\"auto, (max-width: 300px) 100vw, 300px\" \/><\/a><figcaption id=\"caption-attachment-8658\" class=\"wp-caption-text\">VUKOVAR &#8211; dr. Vesna Bosanac, mr. Ivan Debeljak, dipl. pravnik, prof. dr. sc. Zvonimir \u0160eparovi\u0107&#8230; &#8221; \/Foto arhiva H\u017dD \/ J. Lu\u010di\u0107\/<\/figcaption><\/figure>\n<p>Hrvatsko \u017ertvoslovno dru\u0161tvo izra\u017eava iskrenu su\u0107ut obitelji Bosanac.<\/p>\n<p>Po\u010divala u miru Bo\u017ejem!<\/p>\n<p class=\"has-text-align-right\" style=\"text-align: right;\"><em>Ante Beljo, predsjednik Hrvatskog \u017ertvoslovnog dru\u0161tva<\/em><\/p>\n<p class=\"has-text-align-right\" style=\"text-align: right;\"><em>Franjo Talan, dopredsjednik Hrvatskog \u017ertvoslovnog dru\u0161tva<\/em><\/p>\n<div class=\"mceTemp\"><\/div>\n","protected":false},"excerpt":{"rendered":"<p>Preminula dr. Vesna Bosanac, ravnateljica vukovarske bolnice za vrijeme Domovinskog rata: &#8220;Napustila nas je heroina&#8230;&#8221; Vesna Bosanac ro\u0111ena je 1949. godine u Subotici, po zanimanju je bila pedijatrica, a na \u010delo Medicinskog centra Vukovar do\u0161la je u srpnju 1991. godine. Cijelo vrijeme okupacije\u00a0Bosanac upravljala je bolnicom u iznimno te\u0161kim uvjetima. Od 1 040 zaposlenih u [&hellip;]<\/p>\n","protected":false},"author":1,"featured_media":0,"comment_status":"open","ping_status":"open","sticky":false,"template":"","format":"standard","meta":{"footnotes":""},"categories":[1],"tags":[479,376],"class_list":["post-8649","post","type-post","status-publish","format-standard","hentry","category-novosti","tag-ravnateljica-vukovarske-ratne-bolnice","tag-vesna-bosanac"],"_links":{"self":[{"href":"https:\/\/viktimologija.com.hr\/wp\/wp-json\/wp\/v2\/posts\/8649","targetHints":{"allow":["GET"]}}],"collection":[{"href":"https:\/\/viktimologija.com.hr\/wp\/wp-json\/wp\/v2\/posts"}],"about":[{"href":"https:\/\/viktimologija.com.hr\/wp\/wp-json\/wp\/v2\/types\/post"}],"author":[{"embeddable":true,"href":"https:\/\/viktimologija.com.hr\/wp\/wp-json\/wp\/v2\/users\/1"}],"replies":[{"embeddable":true,"href":"https:\/\/viktimologija.com.hr\/wp\/wp-json\/wp\/v2\/comments?post=8649"}],"version-history":[{"count":10,"href":"https:\/\/viktimologija.com.hr\/wp\/wp-json\/wp\/v2\/posts\/8649\/revisions"}],"predecessor-version":[{"id":8662,"href":"https:\/\/viktimologija.com.hr\/wp\/wp-json\/wp\/v2\/posts\/8649\/revisions\/8662"}],"wp:attachment":[{"href":"https:\/\/viktimologija.com.hr\/wp\/wp-json\/wp\/v2\/media?parent=8649"}],"wp:term":[{"taxonomy":"category","embeddable":true,"href":"https:\/\/viktimologija.com.hr\/wp\/wp-json\/wp\/v2\/categories?post=8649"},{"taxonomy":"post_tag","embeddable":true,"href":"https:\/\/viktimologija.com.hr\/wp\/wp-json\/wp\/v2\/tags?post=8649"}],"curies":[{"name":"wp","href":"https:\/\/api.w.org\/{rel}","templated":true}]}}