{"id":9036,"date":"2022-04-28T09:12:07","date_gmt":"2022-04-28T07:12:07","guid":{"rendered":"https:\/\/viktimologija.com.hr\/wp\/?p=9036"},"modified":"2022-04-28T09:50:16","modified_gmt":"2022-04-28T07:50:16","slug":"franjo-talan-spomen-hodocasce-vocinu-i-slatinskom-drenovcu","status":"publish","type":"post","link":"https:\/\/viktimologija.com.hr\/wp\/franjo-talan-spomen-hodocasce-vocinu-i-slatinskom-drenovcu\/","title":{"rendered":"Franjo Talan: Spomen hodo\u010da\u0161\u0107e Vo\u0107inu i Slatinskom Drenovcu"},"content":{"rendered":"<p>Dru\u0161tva za obilje\u017eavanje grobi\u0161ta ratnih i poratnih \u017ertava<\/p>\n<p>Kolodvorska 3, 42 000 Vara\u017edin, tel. 098-961-93-15 &#8211;\u00a0IBAN: HR8723600001101736832, OIB\u00a0 20358865131<\/p>\n<p><a href=\"https:\/\/viktimologija.com.hr\/wp\/wp-content\/uploads\/2022\/04\/Slatinski-Drenovac-Mirko-Koscak-1.jpg\"><img loading=\"lazy\" decoding=\"async\" class=\"wp-image-9054 alignright\" src=\"https:\/\/viktimologija.com.hr\/wp\/wp-content\/uploads\/2022\/04\/Slatinski-Drenovac-Mirko-Koscak-1-300x225.jpg\" alt=\"\" width=\"500\" height=\"375\" srcset=\"https:\/\/viktimologija.com.hr\/wp\/wp-content\/uploads\/2022\/04\/Slatinski-Drenovac-Mirko-Koscak-1-300x225.jpg 300w, https:\/\/viktimologija.com.hr\/wp\/wp-content\/uploads\/2022\/04\/Slatinski-Drenovac-Mirko-Koscak-1-768x576.jpg 768w, https:\/\/viktimologija.com.hr\/wp\/wp-content\/uploads\/2022\/04\/Slatinski-Drenovac-Mirko-Koscak-1-830x623.jpg 830w, https:\/\/viktimologija.com.hr\/wp\/wp-content\/uploads\/2022\/04\/Slatinski-Drenovac-Mirko-Koscak-1-230x173.jpg 230w, https:\/\/viktimologija.com.hr\/wp\/wp-content\/uploads\/2022\/04\/Slatinski-Drenovac-Mirko-Koscak-1-350x263.jpg 350w, https:\/\/viktimologija.com.hr\/wp\/wp-content\/uploads\/2022\/04\/Slatinski-Drenovac-Mirko-Koscak-1-480x360.jpg 480w, https:\/\/viktimologija.com.hr\/wp\/wp-content\/uploads\/2022\/04\/Slatinski-Drenovac-Mirko-Koscak-1.jpg 845w\" sizes=\"auto, (max-width: 500px) 100vw, 500px\" \/><\/a><\/p>\n<h4>Realizacija posjeta Vo\u0107inu i Slatinskom Drenovcu, a koje je od strane Dru\u0161tva organizirano u spomen na poginule hrvatske branitelje i \u017ertve stradale u Domovinskom ratu kao i u spomen na \u017ertve Drugog svjetskog rata i pora\u0107a, <strong>u nedjelju, 24. travnja 2022. godine<\/strong><\/h4>\n<p><em>Hodo\u010da\u0161\u0107e u Spomen na \u017ertve Vo\u0107ina i Slatinskog Drenovca bilo je planirano za 13. prosinca 2021. godine, ali je zbog korone realizirano tek u 2022. godini.<\/em><\/p>\n<p>Uz \u010dlanove Dru\u0161tva hodo\u010da\u0161\u0107u se priklju\u010dilo desetak \u010dlanova Udruge dragovoljaca i veterana domovinskog rata op\u0107ine Petrijanec, \u017eupljani \u017eupe Svete Barbara Natkri\u017eovljan i \u017eupe Uzvi\u0161enja sv. Kri\u017ea Kri\u017eovljan<\/p>\n<p><strong>\u00a0<\/strong><strong>Program <\/strong><\/p>\n<p>05:00 sati polazak ispred O\u0160 Cestica \u2013 na autobusnim stajali\u0161tima Patrijanec, Majerje i Sra\u010dinec priklju\u010dili su nam se branitelji UDVDR-a \u2013 Petrijanec<\/p>\n<p>08:20 \u2013 Virovitica &#8211; priklju\u010dio nam se Vlatko Ljubi\u010di\u0107, predsjednik podru\u017enice Dru\u0161tva Virovitica, predsjednik ogranka Hrvatski domobran Virovitica<\/p>\n<p>09:00 dolazak u Slatinu \u2013 ulaze Vladimir Jelen\u010di\u0107 i Miroslav Gazda koju su nam za cijelo vrijeme boravka bili na pomo\u0107i. Gosp. Gazda nam govorio o stradanju tog dijela Slavonije tijekom minulih stolje\u0107a, stradanja u Drugom svjetskom ratu i u Domovinskom ratu.<\/p>\n<p>09:30 \u010cetekovci polaganje vijenaca i paljenje svije\u0107a<\/p>\n<p><em>Svjedo\u010denje Antun Poto\u010dnik, evociranje uspomena na poginulog sina Josipa i stradale stanovnike u Domovinskom ratu<\/em><\/p>\n<p>10:15 sat \u2013 Vo\u0107in kod spomenika \u017ertvama Vo\u0107ina (prigodna rije\u010d hrvatski branitelj Darko Bo\u017ei\u010dkovi\u0107)<\/p>\n<p>11:00 \u2013 12:15 misa u crkvi Pohoda Bla\u017eene Djevice Marije Vo\u0107in, predvodi vl\u010d. Ivan Ereiz, \u017eupnik \u017eupe Vo\u0107in<\/p>\n<p><em>12:15 \u2013 12:30 &#8211; vl\u010d. Ivan Ereiz, \u017eupnik \u017eupe Vo\u0107in govori nam o podizanju, ru\u0161enjima i ponovnim izgradnjama crkve kroz stolje\u0107a, a dotakli smo se i teme o \u017eivotu \u017eupe posljednjih desetlje\u0107a<\/em><\/p>\n<p>13:15 \u2013 Slatinski Drenovac<\/p>\n<p>a.) Kod spomenika poginulom Miri (Mirku) Ko\u0161\u0107ak, pripadniku specijalne policije PU Vara\u017edinske Rode, stradalom u Slatinskom Drenovcu 12. lipnja 1992. godine<\/p>\n<p>b.) Kod Spomen kri\u017ea na grobi\u0161tu \u017ertvama lokaliteta \u201eSlatinski Drenovac\u201c poubijanim u Drugom svjetskom ratu i pora\u0107u &#8211; polaganje vijenaca i paljenje svije\u0107a \u2013 prigodna rije\u010d o stradanjima Miroslav Gazda \u2013 molitvu predvodio &#8211; mons. Vladimir \u0160krinjari\u0107 \u017eupnik na \u017eupi Sveta Barbara Natkri\u017eovljan u razdoblju 1979.-1984., jedno vrijeme i upravitelj \u017eupe Kri\u017eovljan \u2013 sada na \u017eupi Podravska Moslavina (Tu nas uhvatila ki\u0161a \u2013 sre\u0107om nije dugo potrajala za razliku od 20. lipnja 2010. kada sam tu bio prvi put\u2026)<\/p>\n<p>14:30 \u2013 restoran Vi\u0161njica &#8211;\u00a0 zakuska za sudionike komemoracije<\/p>\n<p>17:00 \u2013 zahvala za pomo\u0107 realizaciji hodo\u010da\u0161\u0107a \u2013 Vladimir Jelen\u010di\u0107, Miroslav Gazda i mons. Vladimir \u0160krinjari\u0107 i nakon toga odlazak iz Vi\u0161njice prema Virovitici, Vara\u017edinu i Cestici\u2026<\/p>\n<p>Povratak, tj. dolazak u Cesticu oko 21:00<\/p>\n<p>Osje\u0107am obvezu zahvaliti svima gore navedenim koji su doprinijeli da je na\u0161e hodo\u010da\u0161\u0107e u spomen na \u017ertve Vo\u0107ina i Slatinskog Drenovca realizirano prema zami\u0161ljenom planu, a pogotovo gospodinu Miroslavu Gazdi, istra\u017eiva\u010du stradanja \u017ertava ovog dijela Hrvatske. Raduje me i sudjelovanje gospodina Dragutina \u0160afari\u0107a, predsjednika podru\u017enice Dru\u0161tva za Republiku Sloveniju, voditelju projekta Pieteta, naravno i svim hodo\u010dasnicima kao i voza\u010du Ivanu Vinceku koji nas je sigurno vozio i ku\u0107i \u201edopremio\u201c, kao i Barbari Furjan i Katarini Hutinski za predmoljenje krunice tijekom putovanja kao i molitve za \u017ertve u \u010cetekovcima, Vo\u0107inu i kod spomenika Miri Ko\u0161\u0107aku u Slatinskom Drenovcu.<\/p>\n<p style=\"text-align: right;\"><em>Zabilje\u017eio po dolasku s hodo\u010da\u0161\u0107a, 25. travnja 2022. godine<\/em><\/p>\n<p style=\"text-align: right;\"><em>Franjo Talan, predsjednik Dru\u0161tva<\/em><\/p>\n<p style=\"text-align: right;\"><em>Fotografije: Dragutin \u0160afari\u0107\u00a0<\/em><\/p>\n<p>P.S.\u00a0 Vo\u0107in sam prvi puta posjetio u nedjelju, 20. lipnja 2010. godine, zahvaljuju\u0107i prof. dr. Zvonimiru \u0160eparovi\u0107u, osniva\u010du i predsjedniku H\u017dD-a, a kao jedan od sudionika Petog hrvatskog \u017ertvoslovnog kongresa. Kasnijih godina obi\u010dno smo dolazili 13. prosinca, radi COVIDA 19 tj. \u201e<em>korone<\/em>\u201c, posljednje dvije godine nismo mogli realizirati hodo\u010da\u0161\u0107e, pa je eto to u\u010dinjeno ove 2022. godine.<\/p>\n<h3><strong>SPOMEN ALBUM<\/strong><\/h3>\n<p><a href=\"https:\/\/viktimologija.com.hr\/wp\/wp-content\/uploads\/2022\/04\/Franjo-Talan-polaganje-vijenca-u-Vocinu.jpg\"><img loading=\"lazy\" decoding=\"async\" class=\"alignleft wp-image-9043\" src=\"https:\/\/viktimologija.com.hr\/wp\/wp-content\/uploads\/2022\/04\/Franjo-Talan-polaganje-vijenca-u-Vocinu-300x225.jpg\" alt=\"\" width=\"400\" height=\"300\" srcset=\"https:\/\/viktimologija.com.hr\/wp\/wp-content\/uploads\/2022\/04\/Franjo-Talan-polaganje-vijenca-u-Vocinu-300x225.jpg 300w, https:\/\/viktimologija.com.hr\/wp\/wp-content\/uploads\/2022\/04\/Franjo-Talan-polaganje-vijenca-u-Vocinu-230x173.jpg 230w, https:\/\/viktimologija.com.hr\/wp\/wp-content\/uploads\/2022\/04\/Franjo-Talan-polaganje-vijenca-u-Vocinu-350x263.jpg 350w, https:\/\/viktimologija.com.hr\/wp\/wp-content\/uploads\/2022\/04\/Franjo-Talan-polaganje-vijenca-u-Vocinu.jpg 472w\" sizes=\"auto, (max-width: 400px) 100vw, 400px\" \/><\/a><a href=\"https:\/\/viktimologija.com.hr\/wp\/wp-content\/uploads\/2022\/04\/Franjo-Talan-polaganje-vijenca-u-Vocinu.jpg\"><img loading=\"lazy\" decoding=\"async\" class=\"alignleft wp-image-9043\" src=\"https:\/\/viktimologija.com.hr\/wp\/wp-content\/uploads\/2022\/04\/Franjo-Talan-polaganje-vijenca-u-Vocinu-300x225.jpg\" alt=\"\" width=\"400\" height=\"300\" srcset=\"https:\/\/viktimologija.com.hr\/wp\/wp-content\/uploads\/2022\/04\/Franjo-Talan-polaganje-vijenca-u-Vocinu-300x225.jpg 300w, https:\/\/viktimologija.com.hr\/wp\/wp-content\/uploads\/2022\/04\/Franjo-Talan-polaganje-vijenca-u-Vocinu-230x173.jpg 230w, https:\/\/viktimologija.com.hr\/wp\/wp-content\/uploads\/2022\/04\/Franjo-Talan-polaganje-vijenca-u-Vocinu-350x263.jpg 350w, https:\/\/viktimologija.com.hr\/wp\/wp-content\/uploads\/2022\/04\/Franjo-Talan-polaganje-vijenca-u-Vocinu.jpg 472w\" sizes=\"auto, (max-width: 400px) 100vw, 400px\" \/><\/a><\/p>\n<p>&nbsp;<\/p>\n<p>&nbsp;<\/p>\n<p>&nbsp;<\/p>\n<p>&nbsp;<\/p>\n<p>&nbsp;<\/p>\n<p>&nbsp;<\/p>\n<p>&nbsp;<\/p>\n<p>&nbsp;<\/p>\n<p><a href=\"https:\/\/viktimologija.com.hr\/wp\/wp-content\/uploads\/2022\/04\/Franjo-Talan-sveta-misa-u-Vocinu-2022.jpg\"><img loading=\"lazy\" decoding=\"async\" class=\"wp-image-9044 alignleft\" src=\"https:\/\/viktimologija.com.hr\/wp\/wp-content\/uploads\/2022\/04\/Franjo-Talan-sveta-misa-u-Vocinu-2022-300x225.jpg\" alt=\"\" width=\"400\" height=\"300\" srcset=\"https:\/\/viktimologija.com.hr\/wp\/wp-content\/uploads\/2022\/04\/Franjo-Talan-sveta-misa-u-Vocinu-2022-300x225.jpg 300w, https:\/\/viktimologija.com.hr\/wp\/wp-content\/uploads\/2022\/04\/Franjo-Talan-sveta-misa-u-Vocinu-2022-230x173.jpg 230w, https:\/\/viktimologija.com.hr\/wp\/wp-content\/uploads\/2022\/04\/Franjo-Talan-sveta-misa-u-Vocinu-2022-350x263.jpg 350w, https:\/\/viktimologija.com.hr\/wp\/wp-content\/uploads\/2022\/04\/Franjo-Talan-sveta-misa-u-Vocinu-2022.jpg 470w\" sizes=\"auto, (max-width: 400px) 100vw, 400px\" \/><\/a><\/p>\n<p><a href=\"https:\/\/viktimologija.com.hr\/wp\/wp-content\/uploads\/2022\/04\/Franjo-Talan-nakon-svete-mise-u-Vocinu-2022.jpg\"><img loading=\"lazy\" decoding=\"async\" class=\"wp-image-9041 alignleft\" src=\"https:\/\/viktimologija.com.hr\/wp\/wp-content\/uploads\/2022\/04\/Franjo-Talan-nakon-svete-mise-u-Vocinu-2022-300x225.jpg\" alt=\"\" width=\"400\" height=\"300\" srcset=\"https:\/\/viktimologija.com.hr\/wp\/wp-content\/uploads\/2022\/04\/Franjo-Talan-nakon-svete-mise-u-Vocinu-2022-300x225.jpg 300w, https:\/\/viktimologija.com.hr\/wp\/wp-content\/uploads\/2022\/04\/Franjo-Talan-nakon-svete-mise-u-Vocinu-2022-230x173.jpg 230w, https:\/\/viktimologija.com.hr\/wp\/wp-content\/uploads\/2022\/04\/Franjo-Talan-nakon-svete-mise-u-Vocinu-2022-350x263.jpg 350w, https:\/\/viktimologija.com.hr\/wp\/wp-content\/uploads\/2022\/04\/Franjo-Talan-nakon-svete-mise-u-Vocinu-2022.jpg 470w\" sizes=\"auto, (max-width: 400px) 100vw, 400px\" \/><\/a><\/p>\n<p>&nbsp;<\/p>\n<p>&nbsp;<\/p>\n<p>&nbsp;<\/p>\n<p>&nbsp;<\/p>\n<p>&nbsp;<\/p>\n<p>&nbsp;<\/p>\n<p>&nbsp;<\/p>\n<p>&nbsp;<\/p>\n<p><a href=\"https:\/\/viktimologija.com.hr\/wp\/wp-content\/uploads\/2022\/04\/Slatinski-Drenovac-Mirko-Koscak.jpg\"><img loading=\"lazy\" decoding=\"async\" class=\"wp-image-9046 alignleft\" src=\"https:\/\/viktimologija.com.hr\/wp\/wp-content\/uploads\/2022\/04\/Slatinski-Drenovac-Mirko-Koscak-300x225.jpg\" alt=\"\" width=\"400\" height=\"300\" srcset=\"https:\/\/viktimologija.com.hr\/wp\/wp-content\/uploads\/2022\/04\/Slatinski-Drenovac-Mirko-Koscak-300x225.jpg 300w, https:\/\/viktimologija.com.hr\/wp\/wp-content\/uploads\/2022\/04\/Slatinski-Drenovac-Mirko-Koscak-230x173.jpg 230w, https:\/\/viktimologija.com.hr\/wp\/wp-content\/uploads\/2022\/04\/Slatinski-Drenovac-Mirko-Koscak-350x263.jpg 350w, https:\/\/viktimologija.com.hr\/wp\/wp-content\/uploads\/2022\/04\/Slatinski-Drenovac-Mirko-Koscak.jpg 470w\" sizes=\"auto, (max-width: 400px) 100vw, 400px\" \/><\/a><a href=\"https:\/\/viktimologija.com.hr\/wp\/wp-content\/uploads\/2022\/04\/Vocin-Mirko-Koscak.jpg\"><img loading=\"lazy\" decoding=\"async\" class=\"wp-image-9049 alignleft\" src=\"https:\/\/viktimologija.com.hr\/wp\/wp-content\/uploads\/2022\/04\/Vocin-Mirko-Koscak-300x225.jpg\" alt=\"\" width=\"400\" height=\"300\" srcset=\"https:\/\/viktimologija.com.hr\/wp\/wp-content\/uploads\/2022\/04\/Vocin-Mirko-Koscak-300x225.jpg 300w, https:\/\/viktimologija.com.hr\/wp\/wp-content\/uploads\/2022\/04\/Vocin-Mirko-Koscak-230x173.jpg 230w, https:\/\/viktimologija.com.hr\/wp\/wp-content\/uploads\/2022\/04\/Vocin-Mirko-Koscak-350x263.jpg 350w, https:\/\/viktimologija.com.hr\/wp\/wp-content\/uploads\/2022\/04\/Vocin-Mirko-Koscak.jpg 474w\" sizes=\"auto, (max-width: 400px) 100vw, 400px\" \/><\/a><\/p>\n<p>&nbsp;<\/p>\n<p>&nbsp;<\/p>\n<p>&nbsp;<\/p>\n<p>&nbsp;<\/p>\n<p>&nbsp;<\/p>\n<p>&nbsp;<\/p>\n<p>&nbsp;<\/p>\n<p>&nbsp;<\/p>\n<p><a href=\"https:\/\/viktimologija.com.hr\/wp\/wp-content\/uploads\/2022\/04\/Slatinski-Drenovac-zrtve-II-svjetskog-rata.jpg\"><img loading=\"lazy\" decoding=\"async\" class=\"wp-image-9047 alignleft\" src=\"https:\/\/viktimologija.com.hr\/wp\/wp-content\/uploads\/2022\/04\/Slatinski-Drenovac-zrtve-II-svjetskog-rata-300x225.jpg\" alt=\"\" width=\"400\" height=\"300\" srcset=\"https:\/\/viktimologija.com.hr\/wp\/wp-content\/uploads\/2022\/04\/Slatinski-Drenovac-zrtve-II-svjetskog-rata-300x225.jpg 300w, https:\/\/viktimologija.com.hr\/wp\/wp-content\/uploads\/2022\/04\/Slatinski-Drenovac-zrtve-II-svjetskog-rata-230x173.jpg 230w, https:\/\/viktimologija.com.hr\/wp\/wp-content\/uploads\/2022\/04\/Slatinski-Drenovac-zrtve-II-svjetskog-rata-350x263.jpg 350w, https:\/\/viktimologija.com.hr\/wp\/wp-content\/uploads\/2022\/04\/Slatinski-Drenovac-zrtve-II-svjetskog-rata.jpg 470w\" sizes=\"auto, (max-width: 400px) 100vw, 400px\" \/><\/a><\/p>\n<p><a href=\"https:\/\/viktimologija.com.hr\/wp\/wp-content\/uploads\/2022\/04\/Vocin-Antun-Potocnik.jpg\"><img loading=\"lazy\" decoding=\"async\" class=\"wp-image-9048 alignleft\" src=\"https:\/\/viktimologija.com.hr\/wp\/wp-content\/uploads\/2022\/04\/Vocin-Antun-Potocnik-300x225.jpg\" alt=\"\" width=\"400\" height=\"300\" srcset=\"https:\/\/viktimologija.com.hr\/wp\/wp-content\/uploads\/2022\/04\/Vocin-Antun-Potocnik-300x225.jpg 300w, https:\/\/viktimologija.com.hr\/wp\/wp-content\/uploads\/2022\/04\/Vocin-Antun-Potocnik-230x173.jpg 230w, https:\/\/viktimologija.com.hr\/wp\/wp-content\/uploads\/2022\/04\/Vocin-Antun-Potocnik-350x263.jpg 350w, https:\/\/viktimologija.com.hr\/wp\/wp-content\/uploads\/2022\/04\/Vocin-Antun-Potocnik.jpg 472w\" sizes=\"auto, (max-width: 400px) 100vw, 400px\" \/><\/a><\/p>\n<p>&nbsp;<\/p>\n<p>&nbsp;<\/p>\n<p>&nbsp;<\/p>\n<p>&nbsp;<\/p>\n<p>&nbsp;<\/p>\n<p>&nbsp;<\/p>\n<p>&nbsp;<\/p>\n<p>&nbsp;<\/p>\n<p>&nbsp;<\/p>\n","protected":false},"excerpt":{"rendered":"<p>Dru\u0161tva za obilje\u017eavanje grobi\u0161ta ratnih i poratnih \u017ertava Kolodvorska 3, 42 000 Vara\u017edin, tel. 098-961-93-15 &#8211;\u00a0IBAN: HR8723600001101736832, OIB\u00a0 20358865131 Realizacija posjeta Vo\u0107inu i Slatinskom Drenovcu, a koje je od strane Dru\u0161tva organizirano u spomen na poginule hrvatske branitelje i \u017ertve stradale u Domovinskom ratu kao i u spomen na \u017ertve Drugog svjetskog rata i pora\u0107a, [&hellip;]<\/p>\n","protected":false},"author":1,"featured_media":0,"comment_status":"open","ping_status":"open","sticky":false,"template":"","format":"standard","meta":{"footnotes":""},"categories":[1],"tags":[32,18,543,544,542,545,546],"class_list":["post-9036","post","type-post","status-publish","format-standard","hentry","category-novosti","tag-dragutin-safaric","tag-franjo-talan","tag-slatinski-drenovac","tag-udruge-dragovoljaca-i-veterana-domovinskog-rata-opcine-petrijanec","tag-vocin","tag-zupljani-zupe-svete-barbara-natkrizovljan","tag-zupljani-zupe-uzvisenja-sv-kriza-krizovljan"],"_links":{"self":[{"href":"https:\/\/viktimologija.com.hr\/wp\/wp-json\/wp\/v2\/posts\/9036","targetHints":{"allow":["GET"]}}],"collection":[{"href":"https:\/\/viktimologija.com.hr\/wp\/wp-json\/wp\/v2\/posts"}],"about":[{"href":"https:\/\/viktimologija.com.hr\/wp\/wp-json\/wp\/v2\/types\/post"}],"author":[{"embeddable":true,"href":"https:\/\/viktimologija.com.hr\/wp\/wp-json\/wp\/v2\/users\/1"}],"replies":[{"embeddable":true,"href":"https:\/\/viktimologija.com.hr\/wp\/wp-json\/wp\/v2\/comments?post=9036"}],"version-history":[{"count":18,"href":"https:\/\/viktimologija.com.hr\/wp\/wp-json\/wp\/v2\/posts\/9036\/revisions"}],"predecessor-version":[{"id":9064,"href":"https:\/\/viktimologija.com.hr\/wp\/wp-json\/wp\/v2\/posts\/9036\/revisions\/9064"}],"wp:attachment":[{"href":"https:\/\/viktimologija.com.hr\/wp\/wp-json\/wp\/v2\/media?parent=9036"}],"wp:term":[{"taxonomy":"category","embeddable":true,"href":"https:\/\/viktimologija.com.hr\/wp\/wp-json\/wp\/v2\/categories?post=9036"},{"taxonomy":"post_tag","embeddable":true,"href":"https:\/\/viktimologija.com.hr\/wp\/wp-json\/wp\/v2\/tags?post=9036"}],"curies":[{"name":"wp","href":"https:\/\/api.w.org\/{rel}","templated":true}]}}