{"id":9890,"date":"2022-06-22T11:17:14","date_gmt":"2022-06-22T09:17:14","guid":{"rendered":"https:\/\/viktimologija.com.hr\/wp\/?p=9890"},"modified":"2022-06-22T11:48:56","modified_gmt":"2022-06-22T09:48:56","slug":"franjo-talan-komemoracija-za-zrtve-grobista-pancerica","status":"publish","type":"post","link":"https:\/\/viktimologija.com.hr\/wp\/franjo-talan-komemoracija-za-zrtve-grobista-pancerica\/","title":{"rendered":"Franjo Talan: Komemoracija za \u017ertve grobi\u0161ta Pancerica 2022. godine"},"content":{"rendered":"<h2><span style=\"color: #800000;\"><strong>Komemoracija na Pancerici <\/strong><\/span><span style=\"color: #800000;\"><strong>12. lipnja 2022. godine<\/strong><\/span><\/h2>\n<p><strong><em> <a href=\"https:\/\/viktimologija.com.hr\/wp\/wp-content\/uploads\/2022\/06\/1-DSC_4658.jpg\"><img loading=\"lazy\" decoding=\"async\" class=\"aligncenter wp-image-9916 size-large\" src=\"https:\/\/viktimologija.com.hr\/wp\/wp-content\/uploads\/2022\/06\/1-DSC_4658-1024x683.jpg\" alt=\"\" width=\"1024\" height=\"683\" srcset=\"https:\/\/viktimologija.com.hr\/wp\/wp-content\/uploads\/2022\/06\/1-DSC_4658-1024x683.jpg 1024w, https:\/\/viktimologija.com.hr\/wp\/wp-content\/uploads\/2022\/06\/1-DSC_4658-300x200.jpg 300w, https:\/\/viktimologija.com.hr\/wp\/wp-content\/uploads\/2022\/06\/1-DSC_4658-768x512.jpg 768w, https:\/\/viktimologija.com.hr\/wp\/wp-content\/uploads\/2022\/06\/1-DSC_4658-1536x1024.jpg 1536w, https:\/\/viktimologija.com.hr\/wp\/wp-content\/uploads\/2022\/06\/1-DSC_4658-830x553.jpg 830w, https:\/\/viktimologija.com.hr\/wp\/wp-content\/uploads\/2022\/06\/1-DSC_4658-230x153.jpg 230w, https:\/\/viktimologija.com.hr\/wp\/wp-content\/uploads\/2022\/06\/1-DSC_4658-350x233.jpg 350w, https:\/\/viktimologija.com.hr\/wp\/wp-content\/uploads\/2022\/06\/1-DSC_4658-480x320.jpg 480w, https:\/\/viktimologija.com.hr\/wp\/wp-content\/uploads\/2022\/06\/1-DSC_4658-272x182.jpg 272w, https:\/\/viktimologija.com.hr\/wp\/wp-content\/uploads\/2022\/06\/1-DSC_4658.jpg 1980w\" sizes=\"auto, (max-width: 1024px) 100vw, 1024px\" \/><\/a><\/em><\/strong><\/p>\n<p style=\"text-align: center;\"><strong><em>Misu za \u017ertve grobi\u0161ta Pancerica predvodio biskup mons. Jure Bogdan <\/em><\/strong><\/p>\n<p>Kako je bilo inajavljeno i planirano komemoracija za \u017ertve grobi\u0161ta Pancerica kod Otok Virja u op\u0107ini Cestica, u \u017eupi Uzvi\u0161enja Svetog Kri\u017ea Kri\u017eovljan, u Vara\u017edinskoj biskupiji i \u017eupaniji odr\u017eana je u nedjelju, 12. lipnja 2022. godine s po\u010detkom u 10:30 sati.<\/p>\n<p>Nedjeljnom komemoracijom obilje\u017eena je 77. obljetnica ubijanja \u017ertava koje je u poratnim danima Drugog svjetskog rata poubijala poratna partizansko-komunisti\u010dka vlast. U spomen na \u017ertve poratnih likvidacija komemoracije se na tom grobi\u0161tu odr\u017eavaju tradicionalno na drugu nedjelju u mjesecu lipnju, a ove godine misu za stradale, u koncelebraciji vl\u010d. Zorislava \u0160afrana, kri\u017eovljanskog \u017eupnika predvodio je mons. Jure Bogdan, vojni ordinarij u Republici Hrvatskoj, predsjednik Komisije HBK i BK BiH za hrvatski martirologij.<\/p>\n<p>Jedno od mjesta poratnih likvidacija Drugog svjetskog rata bio je i protutenkovski rov ispred naselja Otok Virje, isto\u010dno od ceste Kri\u017eovljangrad Ormo\u017e, a prema izjavama svjedoka masovne likvidacije na tom podru\u010dju de\u0161avale su se po\u010detkom lipnja 1945. godine. \u017drtve su u kamionima dovo\u017eene iz smjera Vara\u017edina, a nakon ubojstva mrtva tijela pobacana su u rov koji je potkraj rata dala iskopati njema\u010dka vojska. Kako su Nijemci za taj rov koristili izraz Panzergraben doma\u0107e stanovni\u0161tvo to je podru\u010dje jednostavno prozvalo Pri Pancerica te je kao takovo naziv u\u0161ao i u geodetske i zemljopisne karte. Trasu protutenkovskog rova \u201eobjavili\u201c smo na portalu Hrvatskog \u017ertvoslovnog dru\u0161tva lanjske godine, adresa je: <a href=\"https:\/\/viktimologija.com.hr\/wp\/franjo-talan-izvjesce-o-odrzanoj-komemoraciji-za-zrtve-grobista-pencerica-13-6-2021\/\">https:\/\/viktimologija.com.hr\/wp\/franjo-talan-izvjesce-o-odrzanoj-komemoraciji-za-zrtve-grobista-pencerica-13-6-2021\/<\/a> pa sve koje to zanima mogu istu pogledati.<\/p>\n<p>Grobi\u0161te Pancerica, u spomen\u00a0 na \u017ertve, kri\u017eem su na Sesvete 1994. godine obilje\u017eili lovci Lova\u010dkog dru\u0161tva Sveti Hubert Cestica, a o pedesetoj godi\u0161njici stradanja komemoracija je odr\u017eana 11. lipnja 1995. godine. Na poziv vl\u010d. Ivana Ko\u0161i\u0107a, misu za stradale predvodio je don Anto Bakovi\u0107. Komemoracija je odr\u017eana pod pokroviteljstvom op\u0107ine Cestica,\u00a0 a tada je odlu\u010deno da \u0107e se spomen na \u017ertve odr\u017eavati na drugu nedjelju u lipnju pa je tako bilo i ove godine, 12. lipnja 2022.<\/p>\n<p style=\"text-align: center;\"><strong><em>\u00a0<\/em><\/strong><strong><em>Tijek komemoracije 2022. godine \u00a0<\/em><\/strong><\/p>\n<p><a href=\"https:\/\/viktimologija.com.hr\/wp\/wp-content\/uploads\/2022\/06\/1-DSC_4548.jpg\"><img loading=\"lazy\" decoding=\"async\" class=\"aligncenter wp-image-9896 size-large\" src=\"https:\/\/viktimologija.com.hr\/wp\/wp-content\/uploads\/2022\/06\/1-DSC_4548-1024x683.jpg\" alt=\"\" width=\"1024\" height=\"683\" srcset=\"https:\/\/viktimologija.com.hr\/wp\/wp-content\/uploads\/2022\/06\/1-DSC_4548-1024x683.jpg 1024w, https:\/\/viktimologija.com.hr\/wp\/wp-content\/uploads\/2022\/06\/1-DSC_4548-300x200.jpg 300w, https:\/\/viktimologija.com.hr\/wp\/wp-content\/uploads\/2022\/06\/1-DSC_4548-768x512.jpg 768w, https:\/\/viktimologija.com.hr\/wp\/wp-content\/uploads\/2022\/06\/1-DSC_4548-830x553.jpg 830w, https:\/\/viktimologija.com.hr\/wp\/wp-content\/uploads\/2022\/06\/1-DSC_4548-230x153.jpg 230w, https:\/\/viktimologija.com.hr\/wp\/wp-content\/uploads\/2022\/06\/1-DSC_4548-350x233.jpg 350w, https:\/\/viktimologija.com.hr\/wp\/wp-content\/uploads\/2022\/06\/1-DSC_4548-480x320.jpg 480w, https:\/\/viktimologija.com.hr\/wp\/wp-content\/uploads\/2022\/06\/1-DSC_4548-272x182.jpg 272w, https:\/\/viktimologija.com.hr\/wp\/wp-content\/uploads\/2022\/06\/1-DSC_4548.jpg 1320w\" sizes=\"auto, (max-width: 1024px) 100vw, 1024px\" \/><\/a><\/p>\n<p><a href=\"https:\/\/viktimologija.com.hr\/wp\/wp-content\/uploads\/2022\/06\/1-DSC_4618.jpg\"><img loading=\"lazy\" decoding=\"async\" class=\"aligncenter wp-image-9910 size-large\" src=\"https:\/\/viktimologija.com.hr\/wp\/wp-content\/uploads\/2022\/06\/1-DSC_4618-1024x683.jpg\" alt=\"\" width=\"1024\" height=\"683\" srcset=\"https:\/\/viktimologija.com.hr\/wp\/wp-content\/uploads\/2022\/06\/1-DSC_4618-1024x683.jpg 1024w, https:\/\/viktimologija.com.hr\/wp\/wp-content\/uploads\/2022\/06\/1-DSC_4618-300x200.jpg 300w, https:\/\/viktimologija.com.hr\/wp\/wp-content\/uploads\/2022\/06\/1-DSC_4618-768x512.jpg 768w, https:\/\/viktimologija.com.hr\/wp\/wp-content\/uploads\/2022\/06\/1-DSC_4618-830x553.jpg 830w, https:\/\/viktimologija.com.hr\/wp\/wp-content\/uploads\/2022\/06\/1-DSC_4618-230x153.jpg 230w, https:\/\/viktimologija.com.hr\/wp\/wp-content\/uploads\/2022\/06\/1-DSC_4618-350x233.jpg 350w, https:\/\/viktimologija.com.hr\/wp\/wp-content\/uploads\/2022\/06\/1-DSC_4618-480x320.jpg 480w, https:\/\/viktimologija.com.hr\/wp\/wp-content\/uploads\/2022\/06\/1-DSC_4618-272x182.jpg 272w, https:\/\/viktimologija.com.hr\/wp\/wp-content\/uploads\/2022\/06\/1-DSC_4618.jpg 1320w\" sizes=\"auto, (max-width: 1024px) 100vw, 1024px\" \/><\/a><\/p>\n<p style=\"text-align: center;\"><em>Kao i proteklih godina komemoracija je, u 10.30 zapo\u010dela hrvatskom himnom koju je kod spomen kri\u017ea izveo zbor \u017eupe Uzvi\u0161enja Svetog Kri\u017ea, a zatim su polo\u017eeni vijenci i zapaljenje svije\u0107e<\/em><\/p>\n<p><a href=\"https:\/\/viktimologija.com.hr\/wp\/wp-content\/uploads\/2022\/06\/1-DSC_4565.jpg\"><img loading=\"lazy\" decoding=\"async\" class=\"aligncenter wp-image-9898 size-large\" src=\"https:\/\/viktimologija.com.hr\/wp\/wp-content\/uploads\/2022\/06\/1-DSC_4565-1024x683.jpg\" alt=\"\" width=\"1024\" height=\"683\" srcset=\"https:\/\/viktimologija.com.hr\/wp\/wp-content\/uploads\/2022\/06\/1-DSC_4565-1024x683.jpg 1024w, https:\/\/viktimologija.com.hr\/wp\/wp-content\/uploads\/2022\/06\/1-DSC_4565-300x200.jpg 300w, https:\/\/viktimologija.com.hr\/wp\/wp-content\/uploads\/2022\/06\/1-DSC_4565-768x512.jpg 768w, https:\/\/viktimologija.com.hr\/wp\/wp-content\/uploads\/2022\/06\/1-DSC_4565-830x553.jpg 830w, https:\/\/viktimologija.com.hr\/wp\/wp-content\/uploads\/2022\/06\/1-DSC_4565-230x153.jpg 230w, https:\/\/viktimologija.com.hr\/wp\/wp-content\/uploads\/2022\/06\/1-DSC_4565-350x233.jpg 350w, https:\/\/viktimologija.com.hr\/wp\/wp-content\/uploads\/2022\/06\/1-DSC_4565-480x320.jpg 480w, https:\/\/viktimologija.com.hr\/wp\/wp-content\/uploads\/2022\/06\/1-DSC_4565-272x182.jpg 272w, https:\/\/viktimologija.com.hr\/wp\/wp-content\/uploads\/2022\/06\/1-DSC_4565.jpg 1320w\" sizes=\"auto, (max-width: 1024px) 100vw, 1024px\" \/><\/a><\/p>\n<p><a href=\"https:\/\/viktimologija.com.hr\/wp\/wp-content\/uploads\/2022\/06\/1-DSC_4568.jpg\"><img loading=\"lazy\" decoding=\"async\" class=\"aligncenter wp-image-9899 size-large\" src=\"https:\/\/viktimologija.com.hr\/wp\/wp-content\/uploads\/2022\/06\/1-DSC_4568-1024x683.jpg\" alt=\"\" width=\"1024\" height=\"683\" srcset=\"https:\/\/viktimologija.com.hr\/wp\/wp-content\/uploads\/2022\/06\/1-DSC_4568-1024x683.jpg 1024w, https:\/\/viktimologija.com.hr\/wp\/wp-content\/uploads\/2022\/06\/1-DSC_4568-300x200.jpg 300w, https:\/\/viktimologija.com.hr\/wp\/wp-content\/uploads\/2022\/06\/1-DSC_4568-768x512.jpg 768w, https:\/\/viktimologija.com.hr\/wp\/wp-content\/uploads\/2022\/06\/1-DSC_4568-830x553.jpg 830w, https:\/\/viktimologija.com.hr\/wp\/wp-content\/uploads\/2022\/06\/1-DSC_4568-230x153.jpg 230w, https:\/\/viktimologija.com.hr\/wp\/wp-content\/uploads\/2022\/06\/1-DSC_4568-350x233.jpg 350w, https:\/\/viktimologija.com.hr\/wp\/wp-content\/uploads\/2022\/06\/1-DSC_4568-480x320.jpg 480w, https:\/\/viktimologija.com.hr\/wp\/wp-content\/uploads\/2022\/06\/1-DSC_4568-272x182.jpg 272w, https:\/\/viktimologija.com.hr\/wp\/wp-content\/uploads\/2022\/06\/1-DSC_4568.jpg 1320w\" sizes=\"auto, (max-width: 1024px) 100vw, 1024px\" \/><\/a><\/p>\n<p><a href=\"https:\/\/viktimologija.com.hr\/wp\/wp-content\/uploads\/2022\/06\/1-DSC_4574.jpg\"><img loading=\"lazy\" decoding=\"async\" class=\"aligncenter wp-image-9901 size-large\" src=\"https:\/\/viktimologija.com.hr\/wp\/wp-content\/uploads\/2022\/06\/1-DSC_4574-1024x683.jpg\" alt=\"\" width=\"1024\" height=\"683\" srcset=\"https:\/\/viktimologija.com.hr\/wp\/wp-content\/uploads\/2022\/06\/1-DSC_4574-1024x683.jpg 1024w, https:\/\/viktimologija.com.hr\/wp\/wp-content\/uploads\/2022\/06\/1-DSC_4574-300x200.jpg 300w, https:\/\/viktimologija.com.hr\/wp\/wp-content\/uploads\/2022\/06\/1-DSC_4574-768x512.jpg 768w, https:\/\/viktimologija.com.hr\/wp\/wp-content\/uploads\/2022\/06\/1-DSC_4574-830x553.jpg 830w, https:\/\/viktimologija.com.hr\/wp\/wp-content\/uploads\/2022\/06\/1-DSC_4574-230x153.jpg 230w, https:\/\/viktimologija.com.hr\/wp\/wp-content\/uploads\/2022\/06\/1-DSC_4574-350x233.jpg 350w, https:\/\/viktimologija.com.hr\/wp\/wp-content\/uploads\/2022\/06\/1-DSC_4574-480x320.jpg 480w, https:\/\/viktimologija.com.hr\/wp\/wp-content\/uploads\/2022\/06\/1-DSC_4574-272x182.jpg 272w, https:\/\/viktimologija.com.hr\/wp\/wp-content\/uploads\/2022\/06\/1-DSC_4574.jpg 1320w\" sizes=\"auto, (max-width: 1024px) 100vw, 1024px\" \/><\/a><\/p>\n<p><a href=\"https:\/\/viktimologija.com.hr\/wp\/wp-content\/uploads\/2022\/06\/1-DSC_4590.jpg\"><img loading=\"lazy\" decoding=\"async\" class=\"aligncenter wp-image-9904 size-large\" src=\"https:\/\/viktimologija.com.hr\/wp\/wp-content\/uploads\/2022\/06\/1-DSC_4590-1024x683.jpg\" alt=\"\" width=\"1024\" height=\"683\" srcset=\"https:\/\/viktimologija.com.hr\/wp\/wp-content\/uploads\/2022\/06\/1-DSC_4590-1024x683.jpg 1024w, https:\/\/viktimologija.com.hr\/wp\/wp-content\/uploads\/2022\/06\/1-DSC_4590-300x200.jpg 300w, https:\/\/viktimologija.com.hr\/wp\/wp-content\/uploads\/2022\/06\/1-DSC_4590-768x512.jpg 768w, https:\/\/viktimologija.com.hr\/wp\/wp-content\/uploads\/2022\/06\/1-DSC_4590-1536x1024.jpg 1536w, https:\/\/viktimologija.com.hr\/wp\/wp-content\/uploads\/2022\/06\/1-DSC_4590-830x553.jpg 830w, https:\/\/viktimologija.com.hr\/wp\/wp-content\/uploads\/2022\/06\/1-DSC_4590-230x153.jpg 230w, https:\/\/viktimologija.com.hr\/wp\/wp-content\/uploads\/2022\/06\/1-DSC_4590-350x233.jpg 350w, https:\/\/viktimologija.com.hr\/wp\/wp-content\/uploads\/2022\/06\/1-DSC_4590-480x320.jpg 480w, https:\/\/viktimologija.com.hr\/wp\/wp-content\/uploads\/2022\/06\/1-DSC_4590-272x182.jpg 272w, https:\/\/viktimologija.com.hr\/wp\/wp-content\/uploads\/2022\/06\/1-DSC_4590.jpg 1980w\" sizes=\"auto, (max-width: 1024px) 100vw, 1024px\" \/><\/a><\/p>\n<p>U ime Ministarstva hrvatskih branitelja, potpredsjednika Vlade i ministra hrvatskih branitelja Tome Medved, vijenac je polo\u017eila izaslanica Ivona Paltrinieri ravnateljica Uprave za zato\u010dene i nestale, a kod\u00a0 spomen kri\u017ea vijenac je polo\u017eilo i zajedni\u010dko izaslanstvo op\u0107ine Cestica i Vara\u017edinske \u017eupanije. U ime \u017eupana An\u0111elka Stri\u010daka, bio je Darko Majhen, pro\u010delnik \u017eupanijskog odjela za gospodarstvo, a u ime na\u010delnika Mirka Korotaja izaslanstvo je predvodio Ivan Bednjani\u0107 Buni\u0107, potpredsjednik Op\u0107inskog vije\u0107a op\u0107ine Cestica. Kod spomen kri\u017ea vijenac su polo\u017eili i lovci LD Sveti Hubert Cestica, a komemoraciji su uz predsjednika Zdravka Pavlovi\u0107a bili prisutni i ostali lovci. Na \u010delu izaslanstva Hrvatskog \u017ertvoslovnog dru\u0161tva bio je predsjednik Ante Beljo, a u ime Dru\u0161tva za obilje\u017eavanje grobi\u0161ta vijenac su polo\u017eili i svije\u0107e zapalili Boris Veselnik, Franjo \u010crep i Milan Borak. \u017drtvama grobi\u0161ta Pancerica poklonio se i \u0110uro Knezi\u010di\u0107, predsjednik udruge Braniteljski \u00a0centar za dru\u0161tveni razvoj, a na odavanje po\u010dasti iz Zagreba do\u0161ao je i Ivan Tur\u010dinov, kao i mnogobrojni \u017eupljani \u017eupe Kri\u017eovljan i stanovnici op\u0107ine Cestica.<\/p>\n<p>U ime Ministarstva hrvatskih branitelja nazo\u010dnima se obratila Ivona Paltrinieri ravnateljica Uprave za zato\u010dene i nestale, a u svom kratkom obra\u0107anju zahvalila je doma\u0107inima na organizaciji spomen na stradale. Naglasila je da Ministarstvo ula\u017ee znatne napore na ekshumaciji \u017ertava i njihovom dostojnom ukopu.<\/p>\n<p>U ime Dru\u0161tva za obilje\u017eavanje grobi\u0161ta izaslanici ministra Tome Medveda na izre\u010denom kao i izaslanstvima na polo\u017eenim vijencima i zapaljenim svije\u0107ama zahvalio je Franjo Talan, te pozvao sve koji su u mogu\u0107nosti na odavanje po\u010dasti \u017ertvama Drugog svjetskog rata, a koje \u0107e se odr\u017eati u narednom razdoblju. Po\u010detkom srpnja su tako komemoracije u \u017eupi Sveti Ilija, 3. srpnja, u subotu 9. srpnja u \u0160enkovcu kod \u010cakovca, a u nedjelju, 10. srpnja je spomen na vl\u010d. Matiju \u017digrovi\u0107a, prvu sve\u0107eni\u010dku partizansku \u017ertvu ubijenu u Vara\u017edinskoj biskupiji, 1943. godine, u \u017eupi Gornje Jesenje. Na grobi\u0161tu Kri\u017eara u Lovre\u010danu, kod rijeke Drave 22. na 23. srpnja 1946. godine ubijeno je \u0161estero ljudi te se i tih \u017ertava moramo podsjetiti, a potkraj mjeseca kolovoza planira se hodo\u010da\u0161\u0107e u Istru, u spomen na \u017ertve jame Br\u0161ljanovica, kao i obilazak jo\u0161 nekih lokacija na podru\u010dju Pore\u010dke i Pulske biskupije. Prve masovne likvidacije na podru\u010dju Vara\u017edinske biskupije (i \u017eupanije) zbile su se 29. rujna 1943. godine nakon partizanskog zauzimanja Vara\u017edinskih Toplica. Ve\u0107inu zarobljenika partizani su poveli prema predjelu \u201eJak\u0161enice\u201c oko 2 kilometra iznad naselja Leskovec Topli\u010dki gdje su dovedeni zarobljenici i postrijeljani. Spomen kri\u017e Dru\u0161tvo je postavilo 2003. godine, a ekshumacija je izvedena 2014. godine. Posmrtni ostaci 72. \u017ertve odvezene su na Zavod za sudsku medicinu, a u tijeku je postupak za izgradnju grobnice za njihov dostojanstveni ukop. Komemoracija za te \u017ertve planirana je za 25. rujna, a nadamo se da \u0107e se do tog vremena na groblju u Svibovcu uspjeti sagraditi grobnica za njihov dostojan pokop.<\/p>\n<p>Nakon molitve kod spomen kri\u017ea misu za \u017ertve pred spomen kapelom Bla\u017eenog Alojzija Stepinca predvodio je biskup, mons. dr. Jure Bogdan, vojni ordinarij u Republici Hrvatskoj, predsjednik Komisije HBK i BK BiH za hrvatski martirologij. Kako je u nedjelju, 12. lipnja bio spomen na Presveto Trojstvo, u prvom dijelu prigodne propovijedi Biskup Bogdan protuma\u010dio je nedjeljna \u010ditanja, a u drugom dijelu propovijedi osvrnuo se na rije\u010di pape, Svetog Ivana Pavla Drugog koji je na vlastitoj ko\u017ei iskusio tri velika zla XX stolje\u0107a, nacizma, fa\u0161izma i komunizma, izre\u010dene o pedesetoj obljetnici zavr\u0161etka Drugog svjetskog rata, 8. svibnja 1995.<\/p>\n<p><a href=\"https:\/\/viktimologija.com.hr\/wp\/wp-content\/uploads\/2022\/06\/1-DSC_4634.jpg\"><img loading=\"lazy\" decoding=\"async\" class=\"aligncenter wp-image-9913 size-large\" src=\"https:\/\/viktimologija.com.hr\/wp\/wp-content\/uploads\/2022\/06\/1-DSC_4634-1024x683.jpg\" alt=\"\" width=\"1024\" height=\"683\" srcset=\"https:\/\/viktimologija.com.hr\/wp\/wp-content\/uploads\/2022\/06\/1-DSC_4634-1024x683.jpg 1024w, https:\/\/viktimologija.com.hr\/wp\/wp-content\/uploads\/2022\/06\/1-DSC_4634-300x200.jpg 300w, https:\/\/viktimologija.com.hr\/wp\/wp-content\/uploads\/2022\/06\/1-DSC_4634-768x512.jpg 768w, https:\/\/viktimologija.com.hr\/wp\/wp-content\/uploads\/2022\/06\/1-DSC_4634-830x553.jpg 830w, https:\/\/viktimologija.com.hr\/wp\/wp-content\/uploads\/2022\/06\/1-DSC_4634-230x153.jpg 230w, https:\/\/viktimologija.com.hr\/wp\/wp-content\/uploads\/2022\/06\/1-DSC_4634-350x233.jpg 350w, https:\/\/viktimologija.com.hr\/wp\/wp-content\/uploads\/2022\/06\/1-DSC_4634-480x320.jpg 480w, https:\/\/viktimologija.com.hr\/wp\/wp-content\/uploads\/2022\/06\/1-DSC_4634-272x182.jpg 272w, https:\/\/viktimologija.com.hr\/wp\/wp-content\/uploads\/2022\/06\/1-DSC_4634.jpg 1320w\" sizes=\"auto, (max-width: 1024px) 100vw, 1024px\" \/><\/a><\/p>\n<p style=\"text-align: center;\"><em>Na kraju mise zahvalu biskupu Mons Juri Bogadnu, na predvo\u0111enju mise, a i svim sudionicima i gostima na dolasku u \u017eupu uputio je vl\u010d. Zorislav \u0160afran, kri\u017eovljanski \u017eupnik<\/em><\/p>\n<p><a href=\"https:\/\/viktimologija.com.hr\/wp\/wp-content\/uploads\/2022\/06\/1-DSC_4679-Ivona-Paltrinieri-Darko-Majhen.jpg\"><img loading=\"lazy\" decoding=\"async\" class=\"aligncenter wp-image-9918 size-large\" src=\"https:\/\/viktimologija.com.hr\/wp\/wp-content\/uploads\/2022\/06\/1-DSC_4679-Ivona-Paltrinieri-Darko-Majhen-1024x683.jpg\" alt=\"\" width=\"1024\" height=\"683\" srcset=\"https:\/\/viktimologija.com.hr\/wp\/wp-content\/uploads\/2022\/06\/1-DSC_4679-Ivona-Paltrinieri-Darko-Majhen-1024x683.jpg 1024w, https:\/\/viktimologija.com.hr\/wp\/wp-content\/uploads\/2022\/06\/1-DSC_4679-Ivona-Paltrinieri-Darko-Majhen-300x200.jpg 300w, https:\/\/viktimologija.com.hr\/wp\/wp-content\/uploads\/2022\/06\/1-DSC_4679-Ivona-Paltrinieri-Darko-Majhen-768x512.jpg 768w, https:\/\/viktimologija.com.hr\/wp\/wp-content\/uploads\/2022\/06\/1-DSC_4679-Ivona-Paltrinieri-Darko-Majhen-830x553.jpg 830w, https:\/\/viktimologija.com.hr\/wp\/wp-content\/uploads\/2022\/06\/1-DSC_4679-Ivona-Paltrinieri-Darko-Majhen-230x153.jpg 230w, https:\/\/viktimologija.com.hr\/wp\/wp-content\/uploads\/2022\/06\/1-DSC_4679-Ivona-Paltrinieri-Darko-Majhen-350x233.jpg 350w, https:\/\/viktimologija.com.hr\/wp\/wp-content\/uploads\/2022\/06\/1-DSC_4679-Ivona-Paltrinieri-Darko-Majhen-480x320.jpg 480w, https:\/\/viktimologija.com.hr\/wp\/wp-content\/uploads\/2022\/06\/1-DSC_4679-Ivona-Paltrinieri-Darko-Majhen-272x182.jpg 272w, https:\/\/viktimologija.com.hr\/wp\/wp-content\/uploads\/2022\/06\/1-DSC_4679-Ivona-Paltrinieri-Darko-Majhen.jpg 1320w\" sizes=\"auto, (max-width: 1024px) 100vw, 1024px\" \/><\/a><\/p>\n<p>Pred po\u010detak dru\u017eenja u dru\u0161tvenom domu Otok Virje zahvalu na dolasku izaslanici ministra, Ivoni Paltrinirei, i biskupu mons. Juri Bogdanu, uputio je Darko Majhen, predsjednik Op\u0107inskog vije\u0107a op\u0107ine Cestica, a za uspomenu na boravak u Cestici uru\u010dio im je nekoliko knjiga o Op\u0107ini me\u0111u kojima je bila fotomonografija \u201e\u017dupe Kri\u017eovljan i Natkri\u017eovljan\u201e, a \u0161to su prisutni u dvorani popratili pljeskom.<\/p>\n<p style=\"text-align: right;\">Tekst Franjo Talan, predsjednik Dru\u0161tva<\/p>\n<p style=\"text-align: right;\">Fotografije su snimili: Dragutin \u0160afari\u0107, Darijan Vinter i Franjo Talan<\/p>\n<p style=\"text-align: right;\">Pripremu za objavu na portalu H\u017dD-a napravila Jadranka Lu\u010di\u0107<\/p>\n<p>&nbsp;<\/p>\n<p>Od strane Dru\u0161tva za obilje\u017eavanje grobi\u0161ta ratnih i poratnih \u017ertava komemoraciji su ove godine bili prisutni, abecednim redom prezimena: Franjo \u010crep (Vara\u017edin\u2026), Vladimir Horenec (Sveti Ilija\u2026), Danijel Obadi\u0107 (Radovec Cestica), Dragutin \u0160afari\u0107 (SLO- Velenje, predsjednik Povjerenstva Dru\u0161tva za Sloveniju, urednik Pietete \u2026) Lidija Vukalovi\u0107 (O\u0161trice \u2013 Novi Marof\u2026), Franjo Talan (Kri\u017eovljan \u2013 Cestica \u2026), Marko Vidovi\u0107 (Zagreb\u2026) i \u00a0Boris Veselnik (Kolarovec \u2013 Cestica\u2026)<\/p>\n<h2><span style=\"color: #800000;\">FOTOGALERIJA<\/span><\/h2>\n<p><a href=\"https:\/\/viktimologija.com.hr\/wp\/wp-content\/uploads\/2022\/06\/1-DSC_4562.jpg\"><img loading=\"lazy\" decoding=\"async\" class=\"alignleft wp-image-9897 size-medium\" src=\"https:\/\/viktimologija.com.hr\/wp\/wp-content\/uploads\/2022\/06\/1-DSC_4562-300x200.jpg\" alt=\"\" width=\"300\" height=\"200\" srcset=\"https:\/\/viktimologija.com.hr\/wp\/wp-content\/uploads\/2022\/06\/1-DSC_4562-300x200.jpg 300w, https:\/\/viktimologija.com.hr\/wp\/wp-content\/uploads\/2022\/06\/1-DSC_4562-1024x683.jpg 1024w, https:\/\/viktimologija.com.hr\/wp\/wp-content\/uploads\/2022\/06\/1-DSC_4562-768x512.jpg 768w, https:\/\/viktimologija.com.hr\/wp\/wp-content\/uploads\/2022\/06\/1-DSC_4562-830x553.jpg 830w, https:\/\/viktimologija.com.hr\/wp\/wp-content\/uploads\/2022\/06\/1-DSC_4562-230x153.jpg 230w, https:\/\/viktimologija.com.hr\/wp\/wp-content\/uploads\/2022\/06\/1-DSC_4562-350x233.jpg 350w, https:\/\/viktimologija.com.hr\/wp\/wp-content\/uploads\/2022\/06\/1-DSC_4562-480x320.jpg 480w, https:\/\/viktimologija.com.hr\/wp\/wp-content\/uploads\/2022\/06\/1-DSC_4562-272x182.jpg 272w, https:\/\/viktimologija.com.hr\/wp\/wp-content\/uploads\/2022\/06\/1-DSC_4562.jpg 1320w\" sizes=\"auto, (max-width: 300px) 100vw, 300px\" \/><\/a><\/p>\n<p><a href=\"https:\/\/viktimologija.com.hr\/wp\/wp-content\/uploads\/2022\/06\/1-DSC_4599.jpg\"><img loading=\"lazy\" decoding=\"async\" class=\"alignleft wp-image-9906 size-medium\" src=\"https:\/\/viktimologija.com.hr\/wp\/wp-content\/uploads\/2022\/06\/1-DSC_4599-300x200.jpg\" alt=\"\" width=\"300\" height=\"200\" srcset=\"https:\/\/viktimologija.com.hr\/wp\/wp-content\/uploads\/2022\/06\/1-DSC_4599-300x200.jpg 300w, https:\/\/viktimologija.com.hr\/wp\/wp-content\/uploads\/2022\/06\/1-DSC_4599-1024x683.jpg 1024w, https:\/\/viktimologija.com.hr\/wp\/wp-content\/uploads\/2022\/06\/1-DSC_4599-768x512.jpg 768w, https:\/\/viktimologija.com.hr\/wp\/wp-content\/uploads\/2022\/06\/1-DSC_4599-830x553.jpg 830w, https:\/\/viktimologija.com.hr\/wp\/wp-content\/uploads\/2022\/06\/1-DSC_4599-230x153.jpg 230w, https:\/\/viktimologija.com.hr\/wp\/wp-content\/uploads\/2022\/06\/1-DSC_4599-350x233.jpg 350w, https:\/\/viktimologija.com.hr\/wp\/wp-content\/uploads\/2022\/06\/1-DSC_4599-480x320.jpg 480w, https:\/\/viktimologija.com.hr\/wp\/wp-content\/uploads\/2022\/06\/1-DSC_4599-272x182.jpg 272w, https:\/\/viktimologija.com.hr\/wp\/wp-content\/uploads\/2022\/06\/1-DSC_4599.jpg 1320w\" sizes=\"auto, (max-width: 300px) 100vw, 300px\" \/><\/a><\/p>\n<p><a href=\"https:\/\/viktimologija.com.hr\/wp\/wp-content\/uploads\/2022\/06\/1-DSC_4607.jpg\"><img loading=\"lazy\" decoding=\"async\" class=\"alignleft wp-image-9907 size-medium\" src=\"https:\/\/viktimologija.com.hr\/wp\/wp-content\/uploads\/2022\/06\/1-DSC_4607-300x200.jpg\" alt=\"\" width=\"300\" height=\"200\" srcset=\"https:\/\/viktimologija.com.hr\/wp\/wp-content\/uploads\/2022\/06\/1-DSC_4607-300x200.jpg 300w, https:\/\/viktimologija.com.hr\/wp\/wp-content\/uploads\/2022\/06\/1-DSC_4607-1024x683.jpg 1024w, https:\/\/viktimologija.com.hr\/wp\/wp-content\/uploads\/2022\/06\/1-DSC_4607-768x512.jpg 768w, https:\/\/viktimologija.com.hr\/wp\/wp-content\/uploads\/2022\/06\/1-DSC_4607-830x553.jpg 830w, https:\/\/viktimologija.com.hr\/wp\/wp-content\/uploads\/2022\/06\/1-DSC_4607-230x153.jpg 230w, https:\/\/viktimologija.com.hr\/wp\/wp-content\/uploads\/2022\/06\/1-DSC_4607-350x233.jpg 350w, https:\/\/viktimologija.com.hr\/wp\/wp-content\/uploads\/2022\/06\/1-DSC_4607-480x320.jpg 480w, https:\/\/viktimologija.com.hr\/wp\/wp-content\/uploads\/2022\/06\/1-DSC_4607-272x182.jpg 272w, https:\/\/viktimologija.com.hr\/wp\/wp-content\/uploads\/2022\/06\/1-DSC_4607.jpg 1320w\" sizes=\"auto, (max-width: 300px) 100vw, 300px\" \/><\/a><\/p>\n<p>&nbsp;<\/p>\n<p>&nbsp;<\/p>\n<p>&nbsp;<\/p>\n<p>&nbsp;<\/p>\n<p>&nbsp;<\/p>\n<p>&nbsp;<\/p>\n<p><a href=\"https:\/\/viktimologija.com.hr\/wp\/wp-content\/uploads\/2022\/06\/1-DSC_4625.jpg\"><img loading=\"lazy\" decoding=\"async\" class=\"wp-image-9912 size-medium alignnone\" src=\"https:\/\/viktimologija.com.hr\/wp\/wp-content\/uploads\/2022\/06\/1-DSC_4625-300x200.jpg\" alt=\"\" width=\"300\" height=\"200\" srcset=\"https:\/\/viktimologija.com.hr\/wp\/wp-content\/uploads\/2022\/06\/1-DSC_4625-300x200.jpg 300w, https:\/\/viktimologija.com.hr\/wp\/wp-content\/uploads\/2022\/06\/1-DSC_4625-1024x683.jpg 1024w, https:\/\/viktimologija.com.hr\/wp\/wp-content\/uploads\/2022\/06\/1-DSC_4625-768x512.jpg 768w, https:\/\/viktimologija.com.hr\/wp\/wp-content\/uploads\/2022\/06\/1-DSC_4625-830x553.jpg 830w, https:\/\/viktimologija.com.hr\/wp\/wp-content\/uploads\/2022\/06\/1-DSC_4625-230x153.jpg 230w, https:\/\/viktimologija.com.hr\/wp\/wp-content\/uploads\/2022\/06\/1-DSC_4625-350x233.jpg 350w, https:\/\/viktimologija.com.hr\/wp\/wp-content\/uploads\/2022\/06\/1-DSC_4625-480x320.jpg 480w, https:\/\/viktimologija.com.hr\/wp\/wp-content\/uploads\/2022\/06\/1-DSC_4625-272x182.jpg 272w, https:\/\/viktimologija.com.hr\/wp\/wp-content\/uploads\/2022\/06\/1-DSC_4625.jpg 1320w\" sizes=\"auto, (max-width: 300px) 100vw, 300px\" \/><\/a><a href=\"https:\/\/viktimologija.com.hr\/wp\/wp-content\/uploads\/2022\/06\/1-DSC_4620.jpg\"><img loading=\"lazy\" decoding=\"async\" class=\"alignleft wp-image-9911 size-medium\" src=\"https:\/\/viktimologija.com.hr\/wp\/wp-content\/uploads\/2022\/06\/1-DSC_4620-300x200.jpg\" alt=\"\" width=\"300\" height=\"200\" srcset=\"https:\/\/viktimologija.com.hr\/wp\/wp-content\/uploads\/2022\/06\/1-DSC_4620-300x200.jpg 300w, https:\/\/viktimologija.com.hr\/wp\/wp-content\/uploads\/2022\/06\/1-DSC_4620-1024x683.jpg 1024w, https:\/\/viktimologija.com.hr\/wp\/wp-content\/uploads\/2022\/06\/1-DSC_4620-768x512.jpg 768w, https:\/\/viktimologija.com.hr\/wp\/wp-content\/uploads\/2022\/06\/1-DSC_4620-830x553.jpg 830w, https:\/\/viktimologija.com.hr\/wp\/wp-content\/uploads\/2022\/06\/1-DSC_4620-230x153.jpg 230w, https:\/\/viktimologija.com.hr\/wp\/wp-content\/uploads\/2022\/06\/1-DSC_4620-350x233.jpg 350w, https:\/\/viktimologija.com.hr\/wp\/wp-content\/uploads\/2022\/06\/1-DSC_4620-480x320.jpg 480w, https:\/\/viktimologija.com.hr\/wp\/wp-content\/uploads\/2022\/06\/1-DSC_4620-272x182.jpg 272w, https:\/\/viktimologija.com.hr\/wp\/wp-content\/uploads\/2022\/06\/1-DSC_4620.jpg 1320w\" sizes=\"auto, (max-width: 300px) 100vw, 300px\" \/><\/a><a href=\"https:\/\/viktimologija.com.hr\/wp\/wp-content\/uploads\/2022\/06\/1-DSC_4638.jpg\"><img loading=\"lazy\" decoding=\"async\" class=\"wp-image-9914 size-medium alignleft\" src=\"https:\/\/viktimologija.com.hr\/wp\/wp-content\/uploads\/2022\/06\/1-DSC_4638-300x200.jpg\" alt=\"\" width=\"300\" height=\"200\" srcset=\"https:\/\/viktimologija.com.hr\/wp\/wp-content\/uploads\/2022\/06\/1-DSC_4638-300x200.jpg 300w, https:\/\/viktimologija.com.hr\/wp\/wp-content\/uploads\/2022\/06\/1-DSC_4638-1024x683.jpg 1024w, https:\/\/viktimologija.com.hr\/wp\/wp-content\/uploads\/2022\/06\/1-DSC_4638-768x512.jpg 768w, https:\/\/viktimologija.com.hr\/wp\/wp-content\/uploads\/2022\/06\/1-DSC_4638-830x553.jpg 830w, https:\/\/viktimologija.com.hr\/wp\/wp-content\/uploads\/2022\/06\/1-DSC_4638-230x153.jpg 230w, https:\/\/viktimologija.com.hr\/wp\/wp-content\/uploads\/2022\/06\/1-DSC_4638-350x233.jpg 350w, https:\/\/viktimologija.com.hr\/wp\/wp-content\/uploads\/2022\/06\/1-DSC_4638-480x320.jpg 480w, https:\/\/viktimologija.com.hr\/wp\/wp-content\/uploads\/2022\/06\/1-DSC_4638-272x182.jpg 272w, https:\/\/viktimologija.com.hr\/wp\/wp-content\/uploads\/2022\/06\/1-DSC_4638.jpg 1320w\" sizes=\"auto, (max-width: 300px) 100vw, 300px\" \/><\/a><\/p>\n<p>&nbsp;<\/p>\n<p><a href=\"https:\/\/viktimologija.com.hr\/wp\/wp-content\/uploads\/2022\/06\/1-DSC_4645.jpg\"><img loading=\"lazy\" decoding=\"async\" class=\"alignleft wp-image-9915 size-medium\" src=\"https:\/\/viktimologija.com.hr\/wp\/wp-content\/uploads\/2022\/06\/1-DSC_4645-300x200.jpg\" alt=\"\" width=\"300\" height=\"200\" srcset=\"https:\/\/viktimologija.com.hr\/wp\/wp-content\/uploads\/2022\/06\/1-DSC_4645-300x200.jpg 300w, https:\/\/viktimologija.com.hr\/wp\/wp-content\/uploads\/2022\/06\/1-DSC_4645-1024x683.jpg 1024w, https:\/\/viktimologija.com.hr\/wp\/wp-content\/uploads\/2022\/06\/1-DSC_4645-768x512.jpg 768w, https:\/\/viktimologija.com.hr\/wp\/wp-content\/uploads\/2022\/06\/1-DSC_4645-830x553.jpg 830w, https:\/\/viktimologija.com.hr\/wp\/wp-content\/uploads\/2022\/06\/1-DSC_4645-230x153.jpg 230w, https:\/\/viktimologija.com.hr\/wp\/wp-content\/uploads\/2022\/06\/1-DSC_4645-350x233.jpg 350w, https:\/\/viktimologija.com.hr\/wp\/wp-content\/uploads\/2022\/06\/1-DSC_4645-480x320.jpg 480w, https:\/\/viktimologija.com.hr\/wp\/wp-content\/uploads\/2022\/06\/1-DSC_4645-272x182.jpg 272w, https:\/\/viktimologija.com.hr\/wp\/wp-content\/uploads\/2022\/06\/1-DSC_4645.jpg 1320w\" sizes=\"auto, (max-width: 300px) 100vw, 300px\" \/><\/a><\/p>\n<p><a href=\"https:\/\/viktimologija.com.hr\/wp\/wp-content\/uploads\/2022\/06\/1-DSC_4660-Ivan-Turcinov-Zgb-Ft-Cestica.jpg\"><img loading=\"lazy\" decoding=\"async\" class=\"alignleft wp-image-9917 size-medium\" src=\"https:\/\/viktimologija.com.hr\/wp\/wp-content\/uploads\/2022\/06\/1-DSC_4660-Ivan-Turcinov-Zgb-Ft-Cestica-300x200.jpg\" alt=\"\" width=\"300\" height=\"200\" srcset=\"https:\/\/viktimologija.com.hr\/wp\/wp-content\/uploads\/2022\/06\/1-DSC_4660-Ivan-Turcinov-Zgb-Ft-Cestica-300x200.jpg 300w, https:\/\/viktimologija.com.hr\/wp\/wp-content\/uploads\/2022\/06\/1-DSC_4660-Ivan-Turcinov-Zgb-Ft-Cestica-1024x683.jpg 1024w, https:\/\/viktimologija.com.hr\/wp\/wp-content\/uploads\/2022\/06\/1-DSC_4660-Ivan-Turcinov-Zgb-Ft-Cestica-768x512.jpg 768w, https:\/\/viktimologija.com.hr\/wp\/wp-content\/uploads\/2022\/06\/1-DSC_4660-Ivan-Turcinov-Zgb-Ft-Cestica-830x553.jpg 830w, https:\/\/viktimologija.com.hr\/wp\/wp-content\/uploads\/2022\/06\/1-DSC_4660-Ivan-Turcinov-Zgb-Ft-Cestica-230x153.jpg 230w, https:\/\/viktimologija.com.hr\/wp\/wp-content\/uploads\/2022\/06\/1-DSC_4660-Ivan-Turcinov-Zgb-Ft-Cestica-350x233.jpg 350w, https:\/\/viktimologija.com.hr\/wp\/wp-content\/uploads\/2022\/06\/1-DSC_4660-Ivan-Turcinov-Zgb-Ft-Cestica-480x320.jpg 480w, https:\/\/viktimologija.com.hr\/wp\/wp-content\/uploads\/2022\/06\/1-DSC_4660-Ivan-Turcinov-Zgb-Ft-Cestica-272x182.jpg 272w, https:\/\/viktimologija.com.hr\/wp\/wp-content\/uploads\/2022\/06\/1-DSC_4660-Ivan-Turcinov-Zgb-Ft-Cestica.jpg 1320w\" sizes=\"auto, (max-width: 300px) 100vw, 300px\" \/><\/a><\/p>\n<p><a href=\"https:\/\/viktimologija.com.hr\/wp\/wp-content\/uploads\/2022\/06\/1-DSC_4703.jpg\"><img loading=\"lazy\" decoding=\"async\" class=\"alignleft wp-image-9920 size-medium\" src=\"https:\/\/viktimologija.com.hr\/wp\/wp-content\/uploads\/2022\/06\/1-DSC_4703-300x200.jpg\" alt=\"\" width=\"300\" height=\"200\" srcset=\"https:\/\/viktimologija.com.hr\/wp\/wp-content\/uploads\/2022\/06\/1-DSC_4703-300x200.jpg 300w, https:\/\/viktimologija.com.hr\/wp\/wp-content\/uploads\/2022\/06\/1-DSC_4703-1024x683.jpg 1024w, https:\/\/viktimologija.com.hr\/wp\/wp-content\/uploads\/2022\/06\/1-DSC_4703-768x512.jpg 768w, https:\/\/viktimologija.com.hr\/wp\/wp-content\/uploads\/2022\/06\/1-DSC_4703-830x553.jpg 830w, https:\/\/viktimologija.com.hr\/wp\/wp-content\/uploads\/2022\/06\/1-DSC_4703-230x153.jpg 230w, https:\/\/viktimologija.com.hr\/wp\/wp-content\/uploads\/2022\/06\/1-DSC_4703-350x233.jpg 350w, https:\/\/viktimologija.com.hr\/wp\/wp-content\/uploads\/2022\/06\/1-DSC_4703-480x320.jpg 480w, https:\/\/viktimologija.com.hr\/wp\/wp-content\/uploads\/2022\/06\/1-DSC_4703-272x182.jpg 272w, https:\/\/viktimologija.com.hr\/wp\/wp-content\/uploads\/2022\/06\/1-DSC_4703.jpg 1320w\" sizes=\"auto, (max-width: 300px) 100vw, 300px\" \/><\/a><\/p>\n<p>&nbsp;<\/p>\n<p>&nbsp;<\/p>\n<p>&nbsp;<\/p>\n<p>&nbsp;<\/p>\n<p>&nbsp;<\/p>\n<p>&nbsp;<\/p>\n<p><a href=\"https:\/\/viktimologija.com.hr\/wp\/wp-content\/uploads\/2022\/06\/2-DSC_4691-kuharska-ekipa.jpg\"><img loading=\"lazy\" decoding=\"async\" class=\"alignleft wp-image-9921 size-medium\" src=\"https:\/\/viktimologija.com.hr\/wp\/wp-content\/uploads\/2022\/06\/2-DSC_4691-kuharska-ekipa-300x200.jpg\" alt=\"\" width=\"300\" height=\"200\" srcset=\"https:\/\/viktimologija.com.hr\/wp\/wp-content\/uploads\/2022\/06\/2-DSC_4691-kuharska-ekipa-300x200.jpg 300w, https:\/\/viktimologija.com.hr\/wp\/wp-content\/uploads\/2022\/06\/2-DSC_4691-kuharska-ekipa-1024x683.jpg 1024w, https:\/\/viktimologija.com.hr\/wp\/wp-content\/uploads\/2022\/06\/2-DSC_4691-kuharska-ekipa-768x512.jpg 768w, https:\/\/viktimologija.com.hr\/wp\/wp-content\/uploads\/2022\/06\/2-DSC_4691-kuharska-ekipa-830x553.jpg 830w, https:\/\/viktimologija.com.hr\/wp\/wp-content\/uploads\/2022\/06\/2-DSC_4691-kuharska-ekipa-230x153.jpg 230w, https:\/\/viktimologija.com.hr\/wp\/wp-content\/uploads\/2022\/06\/2-DSC_4691-kuharska-ekipa-350x233.jpg 350w, https:\/\/viktimologija.com.hr\/wp\/wp-content\/uploads\/2022\/06\/2-DSC_4691-kuharska-ekipa-480x320.jpg 480w, https:\/\/viktimologija.com.hr\/wp\/wp-content\/uploads\/2022\/06\/2-DSC_4691-kuharska-ekipa-272x182.jpg 272w, https:\/\/viktimologija.com.hr\/wp\/wp-content\/uploads\/2022\/06\/2-DSC_4691-kuharska-ekipa.jpg 1320w\" sizes=\"auto, (max-width: 300px) 100vw, 300px\" \/><\/a><\/p>\n<p><a href=\"https:\/\/viktimologija.com.hr\/wp\/wp-content\/uploads\/2022\/06\/2-DSC_4710.jpg\"><img loading=\"lazy\" decoding=\"async\" class=\"alignleft wp-image-9922 size-medium\" src=\"https:\/\/viktimologija.com.hr\/wp\/wp-content\/uploads\/2022\/06\/2-DSC_4710-300x200.jpg\" alt=\"\" width=\"300\" height=\"200\" srcset=\"https:\/\/viktimologija.com.hr\/wp\/wp-content\/uploads\/2022\/06\/2-DSC_4710-300x200.jpg 300w, https:\/\/viktimologija.com.hr\/wp\/wp-content\/uploads\/2022\/06\/2-DSC_4710-1024x683.jpg 1024w, https:\/\/viktimologija.com.hr\/wp\/wp-content\/uploads\/2022\/06\/2-DSC_4710-768x512.jpg 768w, https:\/\/viktimologija.com.hr\/wp\/wp-content\/uploads\/2022\/06\/2-DSC_4710-830x553.jpg 830w, https:\/\/viktimologija.com.hr\/wp\/wp-content\/uploads\/2022\/06\/2-DSC_4710-230x153.jpg 230w, https:\/\/viktimologija.com.hr\/wp\/wp-content\/uploads\/2022\/06\/2-DSC_4710-350x233.jpg 350w, https:\/\/viktimologija.com.hr\/wp\/wp-content\/uploads\/2022\/06\/2-DSC_4710-480x320.jpg 480w, https:\/\/viktimologija.com.hr\/wp\/wp-content\/uploads\/2022\/06\/2-DSC_4710-272x182.jpg 272w, https:\/\/viktimologija.com.hr\/wp\/wp-content\/uploads\/2022\/06\/2-DSC_4710.jpg 1320w\" sizes=\"auto, (max-width: 300px) 100vw, 300px\" \/><\/a><\/p>\n<p><a href=\"https:\/\/viktimologija.com.hr\/wp\/wp-content\/uploads\/2022\/06\/2-DSC_4715.jpg\"><img loading=\"lazy\" decoding=\"async\" class=\"alignleft wp-image-9924 size-medium\" src=\"https:\/\/viktimologija.com.hr\/wp\/wp-content\/uploads\/2022\/06\/2-DSC_4715-300x200.jpg\" alt=\"\" width=\"300\" height=\"200\" srcset=\"https:\/\/viktimologija.com.hr\/wp\/wp-content\/uploads\/2022\/06\/2-DSC_4715-300x200.jpg 300w, https:\/\/viktimologija.com.hr\/wp\/wp-content\/uploads\/2022\/06\/2-DSC_4715-1024x683.jpg 1024w, https:\/\/viktimologija.com.hr\/wp\/wp-content\/uploads\/2022\/06\/2-DSC_4715-768x512.jpg 768w, https:\/\/viktimologija.com.hr\/wp\/wp-content\/uploads\/2022\/06\/2-DSC_4715-830x553.jpg 830w, https:\/\/viktimologija.com.hr\/wp\/wp-content\/uploads\/2022\/06\/2-DSC_4715-230x153.jpg 230w, https:\/\/viktimologija.com.hr\/wp\/wp-content\/uploads\/2022\/06\/2-DSC_4715-350x233.jpg 350w, https:\/\/viktimologija.com.hr\/wp\/wp-content\/uploads\/2022\/06\/2-DSC_4715-480x320.jpg 480w, https:\/\/viktimologija.com.hr\/wp\/wp-content\/uploads\/2022\/06\/2-DSC_4715-272x182.jpg 272w, https:\/\/viktimologija.com.hr\/wp\/wp-content\/uploads\/2022\/06\/2-DSC_4715.jpg 1320w\" sizes=\"auto, (max-width: 300px) 100vw, 300px\" \/><\/a><\/p>\n<p>&nbsp;<\/p>\n<p>&nbsp;<\/p>\n<p>&nbsp;<\/p>\n<p>&nbsp;<\/p>\n<p>&nbsp;<\/p>\n<p>&nbsp;<\/p>\n<p><a href=\"https:\/\/viktimologija.com.hr\/wp\/wp-content\/uploads\/2022\/06\/2-DSC_4721.jpg\"><img loading=\"lazy\" decoding=\"async\" class=\"alignleft wp-image-9925 size-medium\" src=\"https:\/\/viktimologija.com.hr\/wp\/wp-content\/uploads\/2022\/06\/2-DSC_4721-300x200.jpg\" alt=\"\" width=\"300\" height=\"200\" srcset=\"https:\/\/viktimologija.com.hr\/wp\/wp-content\/uploads\/2022\/06\/2-DSC_4721-300x200.jpg 300w, https:\/\/viktimologija.com.hr\/wp\/wp-content\/uploads\/2022\/06\/2-DSC_4721-1024x683.jpg 1024w, https:\/\/viktimologija.com.hr\/wp\/wp-content\/uploads\/2022\/06\/2-DSC_4721-768x512.jpg 768w, https:\/\/viktimologija.com.hr\/wp\/wp-content\/uploads\/2022\/06\/2-DSC_4721-830x553.jpg 830w, https:\/\/viktimologija.com.hr\/wp\/wp-content\/uploads\/2022\/06\/2-DSC_4721-230x153.jpg 230w, https:\/\/viktimologija.com.hr\/wp\/wp-content\/uploads\/2022\/06\/2-DSC_4721-350x233.jpg 350w, https:\/\/viktimologija.com.hr\/wp\/wp-content\/uploads\/2022\/06\/2-DSC_4721-480x320.jpg 480w, https:\/\/viktimologija.com.hr\/wp\/wp-content\/uploads\/2022\/06\/2-DSC_4721-272x182.jpg 272w, https:\/\/viktimologija.com.hr\/wp\/wp-content\/uploads\/2022\/06\/2-DSC_4721.jpg 1320w\" sizes=\"auto, (max-width: 300px) 100vw, 300px\" \/><\/a><a href=\"https:\/\/viktimologija.com.hr\/wp\/wp-content\/uploads\/2022\/06\/2-DSC_4713.jpg\"><img loading=\"lazy\" decoding=\"async\" class=\"alignleft wp-image-9923 size-medium\" src=\"https:\/\/viktimologija.com.hr\/wp\/wp-content\/uploads\/2022\/06\/2-DSC_4713-300x200.jpg\" alt=\"\" width=\"300\" height=\"200\" srcset=\"https:\/\/viktimologija.com.hr\/wp\/wp-content\/uploads\/2022\/06\/2-DSC_4713-300x200.jpg 300w, https:\/\/viktimologija.com.hr\/wp\/wp-content\/uploads\/2022\/06\/2-DSC_4713-1024x683.jpg 1024w, https:\/\/viktimologija.com.hr\/wp\/wp-content\/uploads\/2022\/06\/2-DSC_4713-768x512.jpg 768w, https:\/\/viktimologija.com.hr\/wp\/wp-content\/uploads\/2022\/06\/2-DSC_4713-830x553.jpg 830w, https:\/\/viktimologija.com.hr\/wp\/wp-content\/uploads\/2022\/06\/2-DSC_4713-230x153.jpg 230w, https:\/\/viktimologija.com.hr\/wp\/wp-content\/uploads\/2022\/06\/2-DSC_4713-350x233.jpg 350w, https:\/\/viktimologija.com.hr\/wp\/wp-content\/uploads\/2022\/06\/2-DSC_4713-480x320.jpg 480w, https:\/\/viktimologija.com.hr\/wp\/wp-content\/uploads\/2022\/06\/2-DSC_4713-272x182.jpg 272w, https:\/\/viktimologija.com.hr\/wp\/wp-content\/uploads\/2022\/06\/2-DSC_4713.jpg 1320w\" sizes=\"auto, (max-width: 300px) 100vw, 300px\" \/><\/a><\/p>\n<p>&nbsp;<\/p>\n","protected":false},"excerpt":{"rendered":"<p>Komemoracija na Pancerici 12. lipnja 2022. godine Misu za \u017ertve grobi\u0161ta Pancerica predvodio biskup mons. Jure Bogdan Kako je bilo inajavljeno i planirano komemoracija za \u017ertve grobi\u0161ta Pancerica kod Otok Virja u op\u0107ini Cestica, u \u017eupi Uzvi\u0161enja Svetog Kri\u017ea Kri\u017eovljan, u Vara\u017edinskoj biskupiji i \u017eupaniji odr\u017eana je u nedjelju, 12. lipnja 2022. godine s po\u010detkom [&hellip;]<\/p>\n","protected":false},"author":1,"featured_media":0,"comment_status":"open","ping_status":"open","sticky":false,"template":"","format":"standard","meta":{"footnotes":""},"categories":[1],"tags":[39,754,660,755,32,760,592,18,33,498,761,756,753,762,223,759,757,497,758],"class_list":["post-9890","post","type-post","status-publish","format-standard","hentry","category-novosti","tag-ante-beljo","tag-biskup-mons-jure-bogdan","tag-boris-veselnik","tag-darijan-vinter","tag-dragutin-safaric","tag-duro-knezicic","tag-franjo-crep","tag-franjo-talan","tag-hzd","tag-ivan-bednjanic-bunic","tag-ivan-turcinov","tag-izaslanica-ivona-paltrinieri-ravnateljica-uprave-za-zatocene-i-nestale","tag-komemoracija-za-zrtve-grobista-pancerica","tag-krizovljanski-zupnik","tag-marko-vidovic","tag-milan-borak","tag-mirko-koritaj","tag-vlc-zorislav-safran","tag-zdravko-pavlovic"],"_links":{"self":[{"href":"https:\/\/viktimologija.com.hr\/wp\/wp-json\/wp\/v2\/posts\/9890","targetHints":{"allow":["GET"]}}],"collection":[{"href":"https:\/\/viktimologija.com.hr\/wp\/wp-json\/wp\/v2\/posts"}],"about":[{"href":"https:\/\/viktimologija.com.hr\/wp\/wp-json\/wp\/v2\/types\/post"}],"author":[{"embeddable":true,"href":"https:\/\/viktimologija.com.hr\/wp\/wp-json\/wp\/v2\/users\/1"}],"replies":[{"embeddable":true,"href":"https:\/\/viktimologija.com.hr\/wp\/wp-json\/wp\/v2\/comments?post=9890"}],"version-history":[{"count":13,"href":"https:\/\/viktimologija.com.hr\/wp\/wp-json\/wp\/v2\/posts\/9890\/revisions"}],"predecessor-version":[{"id":9934,"href":"https:\/\/viktimologija.com.hr\/wp\/wp-json\/wp\/v2\/posts\/9890\/revisions\/9934"}],"wp:attachment":[{"href":"https:\/\/viktimologija.com.hr\/wp\/wp-json\/wp\/v2\/media?parent=9890"}],"wp:term":[{"taxonomy":"category","embeddable":true,"href":"https:\/\/viktimologija.com.hr\/wp\/wp-json\/wp\/v2\/categories?post=9890"},{"taxonomy":"post_tag","embeddable":true,"href":"https:\/\/viktimologija.com.hr\/wp\/wp-json\/wp\/v2\/tags?post=9890"}],"curies":[{"name":"wp","href":"https:\/\/api.w.org\/{rel}","templated":true}]}}